
{"id":409,"date":"2009-04-04T08:46:29","date_gmt":"2009-04-04T07:46:29","guid":{"rendered":"http:\/\/penszko.blog.polityka.pl\/?p=409"},"modified":"2009-06-30T16:04:17","modified_gmt":"2009-06-30T14:04:17","slug":"sudoku-nowej-generacji","status":"publish","type":"post","link":"https:\/\/blog.polityka.pl\/penszko\/2009\/04\/04\/sudoku-nowej-generacji\/","title":{"rendered":"Sudoku nowej generacji"},"content":{"rendered":"<p>Zamierza\u0142em wybra\u0107 si\u0119 do Brna na czwarte mistrzostwa Czech w sudoku. Z wyjazdu jednak nic nie wysz\u0142o,\u00a0poniewa\u017c w miniony weekend musia\u0142em zabawia\u0107 niespodziewanego go\u015bcia. Troch\u0119 \u017ca\u0142uj\u0119,\u00a0bo jest to tradycyjnie impreza pod ka\u017cdym wzgl\u0119dem wysokiego lotu, jak przysta\u0142o na drug\u0105 ojczyzn\u0119 sudoku (a w\u0142a\u015bciwie trzeci\u0105, a nawet czwart\u0105\u00a0&#8211; po USA, Japonii i Wielkiej Brytanii). Uczestniczy\u0142 w niej natomiast nasz Mister Sudoku, czyli Janek Mrozowski, a z jego relacji wynika, \u017ce istotnie mam czego \u017ca\u0142owa\u0107. Przede wszystkim mi\u0142ej atmosfery (sprawna organizacja, s\u0142odkie hostessy, napoje pobudzaj\u0105ce\u00a0&#8211; oczywi\u015bcie umys\u0142, prezenciki itp.) oraz ciekawych zada\u0144, a \u015bci\u015blej emocji zwi\u0105zanych ze zmaganiem si\u0119 z nimi &#8222;na \u017cywo&#8221;. Do uk\u0142adania cz\u0119\u015bci zada\u0144 Czechom uda\u0142o si\u0119 nam\u00f3wi\u0107 by\u0142ego (<a href=\"http:\/\/en.wikipedia.org\/wiki\/Wei-Hwa_Huang\" target=\"_blank\">Wei-Hwa Huang<\/a>) i aktualnego (Thomas Snyder) mistrz\u00f3w \u015bwiata w \u0142amaniu g\u0142owy. Rzek\u0142bym nawet, cho\u0107 brzmi to nieco pretensjonalnie, \u017ce pojawi\u0142o si\u0119 w zwi\u0105zku z tym sudoku nowej generacji.<\/p>\n<p>By\u0142o t\u0142umnie (88 os\u00f3b) i dopisali go\u015bcie z zagranicy. Najwi\u0119ksz\u0105 mniejszo\u015b\u0107 stanowili oczywi\u015bcie S\u0142owacy, ale powiewa\u0142y tak\u017ce flagi niemiecka, szwajcarska, w\u0119gierska i oczywi\u015bcie polska. Walczono nie tylko o s\u0142aw\u0119, bo firma Sony sypn\u0119\u0142a sprz\u0119tem elektronicznym, w tym laptopem dla najlepszego. Wszyscy zmagali si\u0119 w trzech rundach eliminacyjnych (w sumie 31 zada\u0144), a \u00f3semka najlepszych\u00a0&#8211; w trzech rundach fina\u0142owych rozgrywanych systemem play-off. Nie dosz\u0142o do wi\u0119kszych niespodzianek poza jedn\u0105\u00a0&#8211; Janek Mrozowski zaj\u0105\u0142 trzecie miejsce zamiast pierwszego. W ostatecznej rozgrywce potkn\u0105\u0142 si\u0119 na rzadko spotykanej odmianie\u00a0&#8211; sudoku-mozaice. Wyprzedzili go czescy faworyci\u00a0&#8211; Jan Novotny i Jakub Hrazdira.<\/p>\n<p>Na czym polega wspomniane sudoku nowej generacji? Ot\u00f3\u017c na tym, \u017ce wygl\u0105da prawie jak tradycyjne, ale prawie robi wielk\u0105 r\u00f3\u017cnic\u0119&#8230; No, w ka\u017cdym razie znacz\u0105c\u0105. Oto przyk\u0142ad z mistrzostw.<\/p>\n<p><a href=\"\/wp-content\/uploads\/2009\/04\/sudng.jpg\"><img decoding=\"async\" class=\"alignnone size-medium wp-image-410\" title=\"sudng\" src=\"\/wp-content\/uploads\/2009\/04\/sudng.jpg\" alt=\"\" \/><\/a><\/p>\n<p>Uzupe\u0142nienie typowych regu\u0142 jest nast\u0119puj\u0105ce:<br \/>\n<em>w ka\u017cdym sektorze 3&#215;3 \u015brodkowa cyfra mo\u017ce by\u0107 taka sama, jak jedna z o\u015bmiu pozosta\u0142ych<\/em>.<br \/>\nMi\u0142ej i po\u017cytecznej zabawy na &#8230; minut (nie wpisa\u0142em liczby, \u017ceby nie odstrasza\u0107:)).<\/p>\n","protected":false},"excerpt":{"rendered":"<p>Zamierza\u0142em wybra\u0107 si\u0119 do Brna na czwarte mistrzostwa Czech w sudoku. Z wyjazdu jednak nic nie wysz\u0142o,\u00a0poniewa\u017c w miniony weekend musia\u0142em zabawia\u0107 niespodziewanego go\u015bcia. Troch\u0119 \u017ca\u0142uj\u0119,\u00a0bo jest to tradycyjnie impreza pod ka\u017cdym wzgl\u0119dem wysokiego lotu, jak przysta\u0142o na drug\u0105 ojczyzn\u0119 sudoku (a w\u0142a\u015bciwie trzeci\u0105, a nawet czwart\u0105\u00a0&#8211; po USA, Japonii i Wielkiej Brytanii). Uczestniczy\u0142 w [&hellip;]<\/p>\n","protected":false},"author":3,"featured_media":0,"comment_status":"open","ping_status":"open","sticky":false,"template":"","format":"standard","meta":{"footnotes":""},"categories":[1],"tags":[],"_links":{"self":[{"href":"https:\/\/blog.polityka.pl\/penszko\/wp-json\/wp\/v2\/posts\/409"}],"collection":[{"href":"https:\/\/blog.polityka.pl\/penszko\/wp-json\/wp\/v2\/posts"}],"about":[{"href":"https:\/\/blog.polityka.pl\/penszko\/wp-json\/wp\/v2\/types\/post"}],"author":[{"embeddable":true,"href":"https:\/\/blog.polityka.pl\/penszko\/wp-json\/wp\/v2\/users\/3"}],"replies":[{"embeddable":true,"href":"https:\/\/blog.polityka.pl\/penszko\/wp-json\/wp\/v2\/comments?post=409"}],"version-history":[{"count":0,"href":"https:\/\/blog.polityka.pl\/penszko\/wp-json\/wp\/v2\/posts\/409\/revisions"}],"wp:attachment":[{"href":"https:\/\/blog.polityka.pl\/penszko\/wp-json\/wp\/v2\/media?parent=409"}],"wp:term":[{"taxonomy":"category","embeddable":true,"href":"https:\/\/blog.polityka.pl\/penszko\/wp-json\/wp\/v2\/categories?post=409"},{"taxonomy":"post_tag","embeddable":true,"href":"https:\/\/blog.polityka.pl\/penszko\/wp-json\/wp\/v2\/tags?post=409"}],"curies":[{"name":"wp","href":"https:\/\/api.w.org\/{rel}","templated":true}]}}