
{"id":7591,"date":"2019-04-04T08:41:32","date_gmt":"2019-04-04T07:41:32","guid":{"rendered":"http:\/\/penszko.blog.polityka.pl\/?p=7591"},"modified":"2019-04-04T15:02:54","modified_gmt":"2019-04-04T14:02:54","slug":"fuzuli-100","status":"publish","type":"post","link":"https:\/\/blog.polityka.pl\/penszko\/2019\/04\/04\/fuzuli-100\/","title":{"rendered":"Fuzuli 100"},"content":{"rendered":"<p>\u201eDzi\u0119kuj\u0119 za kator\u017cnicze zadanie; masochi\u015bci i komputery b\u0119d\u0105 w si\u00f3dmym niebie\u201d \u2013 tak odpowiedzia\u0142em na propozycj\u0119 twardego orzecha do \u0141amibloga, nades\u0142an\u0105 przez koleg\u0119 g\u0142\u00f3wko\u0142amacza, kt\u00f3rego zadania ju\u017c tu kilkakrotnie go\u015bci\u0142y i zawsze by\u0142y dzie\u0142kami z g\u00f3rnej p\u00f3\u0142ki, tak\u017ce je\u015bli chodzi o stopie\u0144 trudno\u015bci. Tym razem doszed\u0142em do wniosku, \u017ce granice ekstremalnego sportu umys\u0142owego zosta\u0142y przekroczone. Poniewa\u017c jednak nie wykluczam, \u017ce to ja jestem za cienki albo po prostu czego\u015b nie dostrzegam, wi\u0119c zdecydowa\u0142em si\u0119 podrzuci\u0107 tego \u0142adnego \u201ewidokowo\u201d orzecha zagl\u0105daj\u0105cym tu wiewi\u00f3rkom w nadziei, \u017ce kt\u00f3rej\u015b uda si\u0119 go rozgry\u017a\u0107 bez wspomagania si\u0119 elektronik\u0105.<br \/>\nRodzaj zadania zapewne niekt\u00f3rym z Pa\u0144stwa jest znany. Fuzuli ma turecki rodow\u00f3d i w zamierzch\u0142ych czasach go\u015bci\u0142o w <a href=\"https:\/\/penszko.blog.polityka.pl\/2008\/12\/12\/dwa-w-jednym\/\">\u0141amiblogu<\/a>, a ostatnio pojawi\u0142o si\u0119 na <a href=\"http:\/\/sfinks.org.pl\/\">Mistrzostwach Polski w \u0141amig\u0142\u00f3wkach<\/a>. Diagram fuzuli dot\u0105d nigdy nie bywa\u0142 wi\u0119kszy ni\u017c 8\u00d78, co zdopingowa\u0142o koleg\u0119 do przekroczenia tych wymiar\u00f3w.<br \/>\nZasady zabawy s\u0105 pomys\u0142ow\u0105 i formalnie prost\u0105 wariacj\u0105 na temat kwadratu \u0142aci\u0144skiego.<br \/>\nDo niekt\u00f3rych p\u00f3l kwadratowego diagramu <em><strong>n<\/strong><\/em>\u00d7<strong><em>n<\/em><\/strong> nale\u017cy wpisa\u0107 cyfry od 1 do <em><strong>N<\/strong><\/em> (<strong><em>N<\/em><\/strong>&lt;<em><strong>n<\/strong><\/em>) tak, aby:<br \/>\n\u2013 w ka\u017cdym wierszu i w ka\u017cdej kolumnie znalaz\u0142o si\u0119 <strong><em>N<\/em><\/strong> r\u00f3\u017cnych cyfr;<br \/>\n\u2013 \u017cadne cztery kratki, tworz\u0105ce kwadrat 2\u00d72, nie by\u0142y wype\u0142nione cyframi.<br \/>\nW przyk\u0142adzie (5\u00d75) <em><strong>N<\/strong><\/em>=3<br \/>\n<a href=\"\/wp-content\/uploads\/2019\/04\/Fuz_100_1.jpg\"><img loading=\"lazy\" decoding=\"async\" class=\"alignnone size-medium wp-image-7593\" src=\"\/wp-content\/uploads\/2019\/04\/Fuz_100_1-300x138.jpg\" alt=\"\" width=\"300\" height=\"138\" srcset=\"\/penszko\/wp-content\/uploads\/2019\/04\/Fuz_100_1-300x138.jpg 300w, \/penszko\/wp-content\/uploads\/2019\/04\/Fuz_100_1-768x352.jpg 768w, \/penszko\/wp-content\/uploads\/2019\/04\/Fuz_100_1-1024x470.jpg 1024w, \/penszko\/wp-content\/uploads\/2019\/04\/Fuz_100_1.jpg 2000w\" sizes=\"(max-width: 300px) 100vw, 300px\" \/><\/a><br \/>\nW zadaniu (10\u00d710) <em><strong>N<\/strong><\/em>=7<br \/>\n<a href=\"\/wp-content\/uploads\/2019\/04\/Fuz_100_2.jpg\"><img loading=\"lazy\" decoding=\"async\" class=\"alignnone size-medium wp-image-7594\" src=\"\/wp-content\/uploads\/2019\/04\/Fuz_100_2-300x300.jpg\" alt=\"\" width=\"300\" height=\"300\" srcset=\"\/penszko\/wp-content\/uploads\/2019\/04\/Fuz_100_2-300x300.jpg 300w, \/penszko\/wp-content\/uploads\/2019\/04\/Fuz_100_2-150x150.jpg 150w, \/penszko\/wp-content\/uploads\/2019\/04\/Fuz_100_2-768x768.jpg 768w, \/penszko\/wp-content\/uploads\/2019\/04\/Fuz_100_2-1024x1024.jpg 1024w, \/penszko\/wp-content\/uploads\/2019\/04\/Fuz_100_2.jpg 2000w\" sizes=\"(max-width: 300px) 100vw, 300px\" \/><\/a><br \/>\nW rozwi\u0105zaniu wystarczy poda\u0107 dziesi\u0119\u0107 cyfr w polach na przek\u0105tnej, \u0142\u0105cz\u0105cej lewy g\u00f3rny r\u00f3g z prawym dolnym (zera w pustych polach).<br \/>\nCo ciekawe: po usuni\u0119ciu sze\u015bciu cyfr z obszar\u00f3w naro\u017cnych [3, 2, 3-5, 4-4] rozwi\u0105zanie tak\u017ce jest jedno.<\/p>\n<p><a href=\"\/wp-content\/uploads\/2013\/05\/Kom.jpg\"><img loading=\"lazy\" decoding=\"async\" class=\"alignnone size-full wp-image-4770\" src=\"\/wp-content\/uploads\/2013\/05\/Kom.jpg\" alt=\"\" width=\"1200\" height=\"32\" srcset=\"\/penszko\/wp-content\/uploads\/2013\/05\/Kom.jpg 1200w, \/penszko\/wp-content\/uploads\/2013\/05\/Kom-300x8.jpg 300w, \/penszko\/wp-content\/uploads\/2013\/05\/Kom-1024x27.jpg 1024w, \/penszko\/wp-content\/uploads\/2013\/05\/Kom-e1574337004355-768x20.jpg 768w\" sizes=\"(max-width: 1200px) 100vw, 1200px\" \/><\/a><\/p>\n","protected":false},"excerpt":{"rendered":"<p>\u201eDzi\u0119kuj\u0119 za kator\u017cnicze zadanie; masochi\u015bci i komputery b\u0119d\u0105 w si\u00f3dmym niebie\u201d \u2013 tak odpowiedzia\u0142em na propozycj\u0119 twardego orzecha do \u0141amibloga, nades\u0142an\u0105 przez koleg\u0119 g\u0142\u00f3wko\u0142amacza, kt\u00f3rego zadania ju\u017c tu kilkakrotnie go\u015bci\u0142y i zawsze by\u0142y dzie\u0142kami z g\u00f3rnej p\u00f3\u0142ki, tak\u017ce je\u015bli chodzi o stopie\u0144 trudno\u015bci. Tym razem doszed\u0142em do wniosku, \u017ce granice ekstremalnego sportu umys\u0142owego zosta\u0142y przekroczone. [&hellip;]<\/p>\n","protected":false},"author":3,"featured_media":0,"comment_status":"open","ping_status":"open","sticky":false,"template":"","format":"standard","meta":{"footnotes":""},"categories":[1],"tags":[],"_links":{"self":[{"href":"https:\/\/blog.polityka.pl\/penszko\/wp-json\/wp\/v2\/posts\/7591"}],"collection":[{"href":"https:\/\/blog.polityka.pl\/penszko\/wp-json\/wp\/v2\/posts"}],"about":[{"href":"https:\/\/blog.polityka.pl\/penszko\/wp-json\/wp\/v2\/types\/post"}],"author":[{"embeddable":true,"href":"https:\/\/blog.polityka.pl\/penszko\/wp-json\/wp\/v2\/users\/3"}],"replies":[{"embeddable":true,"href":"https:\/\/blog.polityka.pl\/penszko\/wp-json\/wp\/v2\/comments?post=7591"}],"version-history":[{"count":7,"href":"https:\/\/blog.polityka.pl\/penszko\/wp-json\/wp\/v2\/posts\/7591\/revisions"}],"predecessor-version":[{"id":7601,"href":"https:\/\/blog.polityka.pl\/penszko\/wp-json\/wp\/v2\/posts\/7591\/revisions\/7601"}],"wp:attachment":[{"href":"https:\/\/blog.polityka.pl\/penszko\/wp-json\/wp\/v2\/media?parent=7591"}],"wp:term":[{"taxonomy":"category","embeddable":true,"href":"https:\/\/blog.polityka.pl\/penszko\/wp-json\/wp\/v2\/categories?post=7591"},{"taxonomy":"post_tag","embeddable":true,"href":"https:\/\/blog.polityka.pl\/penszko\/wp-json\/wp\/v2\/tags?post=7591"}],"curies":[{"name":"wp","href":"https:\/\/api.w.org\/{rel}","templated":true}]}}