
{"id":7635,"date":"2019-05-16T07:40:05","date_gmt":"2019-05-16T06:40:05","guid":{"rendered":"http:\/\/penszko.blog.polityka.pl\/?p=7635"},"modified":"2019-05-16T07:40:05","modified_gmt":"2019-05-16T06:40:05","slug":"wielodzietnie","status":"publish","type":"post","link":"https:\/\/blog.polityka.pl\/penszko\/2019\/05\/16\/wielodzietnie\/","title":{"rendered":"Wielodzietnie"},"content":{"rendered":"<p>\u2013 Kochane dzieci, dzisiaj by\u0142y\u015bcie grzeczne, wi\u0119c mo\u017cecie sobie wzi\u0105\u0107 po kilka czekoladek \u2013 rzek\u0142a mama wieczorem do gromadki swoich pociech, otwieraj\u0105c bombonierk\u0119.<br \/>\nNiekt\u00f3re dzieci uzna\u0142y jednak samokrytycznie, \u017ce co\u015b dzi\u015b przeskroba\u0142y i na nagrod\u0119 nie zas\u0142uguj\u0105, wi\u0119c nie si\u0119gn\u0119\u0142y po s\u0142odycze. Ada\u015b wzi\u0105\u0142 tyle czekoladek, ile dzieci nie wzi\u0119\u0142o \u017cadnej czekoladki. B\u0142a\u017cej wzi\u0105\u0142 tyle, ile dzieci wzi\u0119\u0142o po jednej czekoladce. Czarek tyle, ile dzieci wzi\u0119\u0142o po dwie czekoladki\u2026 Og\u00f3lnie: ka\u017cde kolejne <em><strong>n<\/strong><\/em>-te dziecko wzi\u0119\u0142o tyle czekoladek, ile dzieci wzi\u0119\u0142o po <em><strong>n<\/strong><\/em>-1\u00a0czekoladek, zaczynaj\u0105c od <em><strong>n<\/strong><\/em>=1 (przypadek Adasia).<br \/>\nIle by\u0142o wszystkich dzieci, je\u015bli wiadomo, \u017ce gdyby by\u0142o ich o jedno mniej lub o dwoje wi\u0119cej, to opisany spos\u00f3b dzielenia si\u0119 czekoladkami nie by\u0142by mo\u017cliwy?<\/p>\n<p><a href=\"\/wp-content\/uploads\/2013\/05\/Kom.jpg\"><img loading=\"lazy\" decoding=\"async\" class=\"alignnone size-full wp-image-4770\" src=\"\/wp-content\/uploads\/2013\/05\/Kom.jpg\" alt=\"\" width=\"1200\" height=\"32\" srcset=\"\/penszko\/wp-content\/uploads\/2013\/05\/Kom.jpg 1200w, \/penszko\/wp-content\/uploads\/2013\/05\/Kom-300x8.jpg 300w, \/penszko\/wp-content\/uploads\/2013\/05\/Kom-1024x27.jpg 1024w, \/penszko\/wp-content\/uploads\/2013\/05\/Kom-e1574337004355-768x20.jpg 768w\" sizes=\"(max-width: 1200px) 100vw, 1200px\" \/><\/a><\/p>\n","protected":false},"excerpt":{"rendered":"<p>\u2013 Kochane dzieci, dzisiaj by\u0142y\u015bcie grzeczne, wi\u0119c mo\u017cecie sobie wzi\u0105\u0107 po kilka czekoladek \u2013 rzek\u0142a mama wieczorem do gromadki swoich pociech, otwieraj\u0105c bombonierk\u0119. Niekt\u00f3re dzieci uzna\u0142y jednak samokrytycznie, \u017ce co\u015b dzi\u015b przeskroba\u0142y i na nagrod\u0119 nie zas\u0142uguj\u0105, wi\u0119c nie si\u0119gn\u0119\u0142y po s\u0142odycze. Ada\u015b wzi\u0105\u0142 tyle czekoladek, ile dzieci nie wzi\u0119\u0142o \u017cadnej czekoladki. B\u0142a\u017cej wzi\u0105\u0142 tyle, [&hellip;]<\/p>\n","protected":false},"author":3,"featured_media":0,"comment_status":"open","ping_status":"open","sticky":false,"template":"","format":"standard","meta":{"footnotes":""},"categories":[1],"tags":[],"_links":{"self":[{"href":"https:\/\/blog.polityka.pl\/penszko\/wp-json\/wp\/v2\/posts\/7635"}],"collection":[{"href":"https:\/\/blog.polityka.pl\/penszko\/wp-json\/wp\/v2\/posts"}],"about":[{"href":"https:\/\/blog.polityka.pl\/penszko\/wp-json\/wp\/v2\/types\/post"}],"author":[{"embeddable":true,"href":"https:\/\/blog.polityka.pl\/penszko\/wp-json\/wp\/v2\/users\/3"}],"replies":[{"embeddable":true,"href":"https:\/\/blog.polityka.pl\/penszko\/wp-json\/wp\/v2\/comments?post=7635"}],"version-history":[{"count":5,"href":"https:\/\/blog.polityka.pl\/penszko\/wp-json\/wp\/v2\/posts\/7635\/revisions"}],"predecessor-version":[{"id":7640,"href":"https:\/\/blog.polityka.pl\/penszko\/wp-json\/wp\/v2\/posts\/7635\/revisions\/7640"}],"wp:attachment":[{"href":"https:\/\/blog.polityka.pl\/penszko\/wp-json\/wp\/v2\/media?parent=7635"}],"wp:term":[{"taxonomy":"category","embeddable":true,"href":"https:\/\/blog.polityka.pl\/penszko\/wp-json\/wp\/v2\/categories?post=7635"},{"taxonomy":"post_tag","embeddable":true,"href":"https:\/\/blog.polityka.pl\/penszko\/wp-json\/wp\/v2\/tags?post=7635"}],"curies":[{"name":"wp","href":"https:\/\/api.w.org\/{rel}","templated":true}]}}