
{"id":7702,"date":"2019-07-19T15:06:10","date_gmt":"2019-07-19T14:06:10","guid":{"rendered":"http:\/\/penszko.blog.polityka.pl\/?p=7702"},"modified":"2019-07-19T15:06:10","modified_gmt":"2019-07-19T14:06:10","slug":"male-zakrecone","status":"publish","type":"post","link":"https:\/\/blog.polityka.pl\/penszko\/2019\/07\/19\/male-zakrecone\/","title":{"rendered":"Ma\u0142e zakr\u0119cone"},"content":{"rendered":"<p>Od czasu g\u0142o\u015bnej publikacji Ernsta Schumachera \u201eMa\u0142e jest pi\u0119kne\u201d ten przewrotny tytu\u0142 sta\u0142 si\u0119 niemal sentencj\u0105 powtarzan\u0105 przy r\u00f3\u017cnych okazjach. Zwykle przypomina mi si\u0119, gdy trafiam na ma\u0142e wci\u0105gaj\u0105ce zadanie diagramowe podszyte zakr\u0119con\u0105 logik\u0105. Niewielki format sugeruje prost\u0105, kr\u00f3tk\u0105 zabaw\u0119, a tymczasem\u2026<br \/>\n<a href=\"\/wp-content\/uploads\/2019\/07\/Mza_1.jpg\"><img loading=\"lazy\" decoding=\"async\" class=\"alignnone wp-image-7707\" src=\"\/wp-content\/uploads\/2019\/07\/Mza_1-300x234.jpg\" alt=\"\" width=\"247\" height=\"193\" srcset=\"\/penszko\/wp-content\/uploads\/2019\/07\/Mza_1-300x234.jpg 300w, \/penszko\/wp-content\/uploads\/2019\/07\/Mza_1-768x598.jpg 768w, \/penszko\/wp-content\/uploads\/2019\/07\/Mza_1-1024x797.jpg 1024w, \/penszko\/wp-content\/uploads\/2019\/07\/Mza_1.jpg 2000w\" sizes=\"(max-width: 247px) 100vw, 247px\" \/><\/a><br \/>\nDo kratek mini-diagramu nale\u017cy wpisa\u0107 dziesi\u0119\u0107 r\u00f3\u017cnych cyfr tak, aby liczby znajduj\u0105ce si\u0119 obok wierszy i pod kolumnami r\u00f3wne by\u0142y sumom umieszczonych w nich cyfr (wskazanych strza\u0142kami). Szkopu\u0142 w tym, \u017ce cyfry w liczbach s\u0105 zaszyfrowane, czyli zast\u0105pione literami, a ponadto w diagramie znajduj\u0105 si\u0119 ju\u017c dwie cyfro-litery. Oczywi\u015bcie takim samym literom odpowiadaj\u0105 jednakowe cyfry, a r\u00f3\u017cnym \u2013 r\u00f3\u017cne.<\/p>\n<p><a href=\"\/wp-content\/uploads\/2013\/05\/Kom.jpg\"><img loading=\"lazy\" decoding=\"async\" class=\"alignnone size-full wp-image-4770\" src=\"\/wp-content\/uploads\/2013\/05\/Kom.jpg\" alt=\"\" width=\"1200\" height=\"32\" srcset=\"\/penszko\/wp-content\/uploads\/2013\/05\/Kom.jpg 1200w, \/penszko\/wp-content\/uploads\/2013\/05\/Kom-300x8.jpg 300w, \/penszko\/wp-content\/uploads\/2013\/05\/Kom-1024x27.jpg 1024w, \/penszko\/wp-content\/uploads\/2013\/05\/Kom-e1574337004355-768x20.jpg 768w\" sizes=\"(max-width: 1200px) 100vw, 1200px\" \/><\/a><\/p>\n","protected":false},"excerpt":{"rendered":"<p>Od czasu g\u0142o\u015bnej publikacji Ernsta Schumachera \u201eMa\u0142e jest pi\u0119kne\u201d ten przewrotny tytu\u0142 sta\u0142 si\u0119 niemal sentencj\u0105 powtarzan\u0105 przy r\u00f3\u017cnych okazjach. Zwykle przypomina mi si\u0119, gdy trafiam na ma\u0142e wci\u0105gaj\u0105ce zadanie diagramowe podszyte zakr\u0119con\u0105 logik\u0105. Niewielki format sugeruje prost\u0105, kr\u00f3tk\u0105 zabaw\u0119, a tymczasem\u2026 Do kratek mini-diagramu nale\u017cy wpisa\u0107 dziesi\u0119\u0107 r\u00f3\u017cnych cyfr tak, aby liczby znajduj\u0105ce si\u0119 [&hellip;]<\/p>\n","protected":false},"author":3,"featured_media":0,"comment_status":"open","ping_status":"open","sticky":false,"template":"","format":"standard","meta":{"footnotes":""},"categories":[1],"tags":[],"_links":{"self":[{"href":"https:\/\/blog.polityka.pl\/penszko\/wp-json\/wp\/v2\/posts\/7702"}],"collection":[{"href":"https:\/\/blog.polityka.pl\/penszko\/wp-json\/wp\/v2\/posts"}],"about":[{"href":"https:\/\/blog.polityka.pl\/penszko\/wp-json\/wp\/v2\/types\/post"}],"author":[{"embeddable":true,"href":"https:\/\/blog.polityka.pl\/penszko\/wp-json\/wp\/v2\/users\/3"}],"replies":[{"embeddable":true,"href":"https:\/\/blog.polityka.pl\/penszko\/wp-json\/wp\/v2\/comments?post=7702"}],"version-history":[{"count":3,"href":"https:\/\/blog.polityka.pl\/penszko\/wp-json\/wp\/v2\/posts\/7702\/revisions"}],"predecessor-version":[{"id":7708,"href":"https:\/\/blog.polityka.pl\/penszko\/wp-json\/wp\/v2\/posts\/7702\/revisions\/7708"}],"wp:attachment":[{"href":"https:\/\/blog.polityka.pl\/penszko\/wp-json\/wp\/v2\/media?parent=7702"}],"wp:term":[{"taxonomy":"category","embeddable":true,"href":"https:\/\/blog.polityka.pl\/penszko\/wp-json\/wp\/v2\/categories?post=7702"},{"taxonomy":"post_tag","embeddable":true,"href":"https:\/\/blog.polityka.pl\/penszko\/wp-json\/wp\/v2\/tags?post=7702"}],"curies":[{"name":"wp","href":"https:\/\/api.w.org\/{rel}","templated":true}]}}