
{"id":8861,"date":"2022-08-27T08:30:56","date_gmt":"2022-08-27T07:30:56","guid":{"rendered":"http:\/\/penszko.blog.polityka.pl\/?p=8861"},"modified":"2022-08-27T08:42:52","modified_gmt":"2022-08-27T07:42:52","slug":"sweet-sixteen","status":"publish","type":"post","link":"https:\/\/blog.polityka.pl\/penszko\/2022\/08\/27\/sweet-sixteen\/","title":{"rendered":"Sweet sixteen"},"content":{"rendered":"\n<p> Na dniach \u0141amiblog zostanie typowym, bo jedynym kwadratowym nastolatkiem. Przed 16 laty, 1 wrze\u015bnia 2006 roku m\u00f3j obecny nastolatek przyszed\u0142 na \u015bwiat. Nie jest to okr\u0105g\u0142a rocznica, wi\u0119c pewnie bym jej nawet nie zauwa\u017cy\u0142, gdyby sta\u0142y go\u015b\u0107 na moim poletku \u2013 Micha\u0142 S. \u2013 mi o niej nie przypomnia\u0142 w dobitny spos\u00f3b, nadsy\u0142aj\u0105c zadanie w szesnastki bogate. A konkretnie, chodzi o subtelnie uzupe\u0142nione sudoku (jak\u017ceby inaczej, skoro ten rodzaj \u0142amig\u0142\u00f3wki stanowi\u0142 \u201epodwalin\u0119\u201d \u0141amibloga).<br> Diagram wygl\u0105da tak:<\/p>\n\n\n\n<figure class=\"wp-block-image\"><img loading=\"lazy\" decoding=\"async\" width=\"300\" height=\"216\" src=\"\/wp-content\/uploads\/2022\/07\/Sws_1-300x216.jpg\" alt=\"\" class=\"wp-image-8862\" srcset=\"\/penszko\/wp-content\/uploads\/2022\/07\/Sws_1-300x216.jpg 300w, \/penszko\/wp-content\/uploads\/2022\/07\/Sws_1-768x553.jpg 768w, \/penszko\/wp-content\/uploads\/2022\/07\/Sws_1-1024x737.jpg 1024w, \/penszko\/wp-content\/uploads\/2022\/07\/Sws_1.jpg 2000w\" sizes=\"(max-width: 300px) 100vw, 300px\" \/><\/figure>\n\n\n\n<p> Kwartety cyfr obok sumuj\u0105 si\u0119 do 16 i wi\u0105\u017c\u0105 z meritum, bowiem w ka\u017cdym r\u00f3\u017cowym kwadracie powinny znale\u017a\u0107 si\u0119 cztery r\u00f3\u017cne cyfry daj\u0105ce sum\u0119 16 (kwartety obok diagramu obejmuj\u0105 wszystkie mo\u017cliwe czw\u00f3rki). A poza tym, jak to w sudoku, nie ma zmi\u0142uj: w ka\u017cdym wierszu, w ka\u017cdej kolumnie i w ka\u017cdym sektorze 3&#215;3 musi pojawi\u0107 si\u0119 komplecik cyfr od 1 do 9.<br> Sweet sixteen stanowi challenge, czyli wyzwanie \u2013 zdaniem autora na p\u00f3\u0142 godziny, czyli w sam raz na opalanie plec\u00f3w na pla\u017cy. Jako rozwi\u0105zanie wystarczy poda\u0107 ci\u0105g cyfr na przek\u0105tnej lewa g\u00f3ra-prawy d\u00f3\u0142 (b\u0119dzie ma\u0142e zaskoczenie).<\/p>\n\n\n\n<p><em>Komentarze z&nbsp;prawid\u0142owym rozwi\u0105zaniem ujawniane s\u0105 wieczorem w&nbsp;przeddzie\u0144 kolejnego wpisu (z b\u0142\u0119dnym zwykle od razu). Wpisy pojawiaj\u0105 si\u0119 co 7 dni.<\/em><\/p>\n","protected":false},"excerpt":{"rendered":"<p>Na dniach \u0141amiblog zostanie typowym, bo jedynym kwadratowym nastolatkiem. Przed 16 laty, 1 wrze\u015bnia 2006 roku m\u00f3j obecny nastolatek przyszed\u0142 na \u015bwiat. Nie jest to okr\u0105g\u0142a rocznica, wi\u0119c pewnie bym jej nawet nie zauwa\u017cy\u0142, gdyby sta\u0142y go\u015b\u0107 na moim poletku \u2013 Micha\u0142 S. \u2013 mi o niej nie przypomnia\u0142 w dobitny spos\u00f3b, nadsy\u0142aj\u0105c zadanie w [&hellip;]<\/p>\n","protected":false},"author":3,"featured_media":0,"comment_status":"open","ping_status":"closed","sticky":true,"template":"","format":"standard","meta":{"footnotes":""},"categories":[1],"tags":[],"_links":{"self":[{"href":"https:\/\/blog.polityka.pl\/penszko\/wp-json\/wp\/v2\/posts\/8861"}],"collection":[{"href":"https:\/\/blog.polityka.pl\/penszko\/wp-json\/wp\/v2\/posts"}],"about":[{"href":"https:\/\/blog.polityka.pl\/penszko\/wp-json\/wp\/v2\/types\/post"}],"author":[{"embeddable":true,"href":"https:\/\/blog.polityka.pl\/penszko\/wp-json\/wp\/v2\/users\/3"}],"replies":[{"embeddable":true,"href":"https:\/\/blog.polityka.pl\/penszko\/wp-json\/wp\/v2\/comments?post=8861"}],"version-history":[{"count":2,"href":"https:\/\/blog.polityka.pl\/penszko\/wp-json\/wp\/v2\/posts\/8861\/revisions"}],"predecessor-version":[{"id":8892,"href":"https:\/\/blog.polityka.pl\/penszko\/wp-json\/wp\/v2\/posts\/8861\/revisions\/8892"}],"wp:attachment":[{"href":"https:\/\/blog.polityka.pl\/penszko\/wp-json\/wp\/v2\/media?parent=8861"}],"wp:term":[{"taxonomy":"category","embeddable":true,"href":"https:\/\/blog.polityka.pl\/penszko\/wp-json\/wp\/v2\/categories?post=8861"},{"taxonomy":"post_tag","embeddable":true,"href":"https:\/\/blog.polityka.pl\/penszko\/wp-json\/wp\/v2\/tags?post=8861"}],"curies":[{"name":"wp","href":"https:\/\/api.w.org\/{rel}","templated":true}]}}