
{"id":9363,"date":"2024-01-20T08:05:05","date_gmt":"2024-01-20T07:05:05","guid":{"rendered":"http:\/\/penszko.blog.polityka.pl\/?p=9363"},"modified":"2024-01-20T08:05:05","modified_gmt":"2024-01-20T07:05:05","slug":"produkcyjniak","status":"publish","type":"post","link":"https:\/\/blog.polityka.pl\/penszko\/2024\/01\/20\/produkcyjniak\/","title":{"rendered":"Produkcyjniak"},"content":{"rendered":"\n<p> Swego rodzaju fundamentem bardzo wielu \u0142amig\u0142\u00f3wek logicznych jest kwadratowy diagram <em>n<\/em>\u00d7<em>n<\/em> z\u0142o\u017cony z <em>n<\/em>^2 kratek. Wyobra\u017amy sobie profesjonalnego tw\u00f3rc\u0119 \u0142amig\u0142\u00f3wek logicznych (jest paru w Japonii), kt\u00f3ry siedzi nad takim diagramem, pr\u00f3buj\u0105c wymy\u015bli\u0107 jaki\u015b nowy rodzaj zadania i u\u0142o\u017cy\u0107 konkretny przyk\u0142ad. M\u00f3g\u0142by zacz\u0105\u0107 od podzielenia diagramu wzd\u0142u\u017c bok\u00f3w kratek na wielok\u0105tne dzia\u0142ki, a potem przyj\u0105\u0107 pierwsz\u0105 og\u00f3ln\u0105 regu\u0142\u0119: do jednego i tylko jednego pola w ka\u017cdej dzia\u0142ce nale\u017cy wpisa\u0107 liczb\u0119 r\u00f3wn\u0105 liczbie p\u00f3l tej dzia\u0142ki.<br> By\u0107 mo\u017ce taki by\u0142 pocz\u0105tek narodzin poni\u017cszej \u0142amig\u0142\u00f3wki. Co by\u0142o dalej, czyli jakie regu\u0142y pojawi\u0142y si\u0119 na nast\u0119pnych etapach \u201eprodukcji\u201d \u2013 oto zagadka indukcyjna. Proponuj\u0119 zatem samodzielnie ustali\u0107 te dalsze regu\u0142y na podstawie poni\u017cszego przyk\u0142adu 5\u00d75, a nast\u0119pnie rozwi\u0105za\u0107 zadanie 6\u00d76. Obawiam si\u0119, \u017ce propozycja rozszyfrowania procesu produkcyjnego jest nie lada wyzwaniem. Je\u015bli si\u0119 powiedzie, to zadanie nie powinno juz sprawi\u0107 k\u0142opotu. Wypada\u0142oby jeszcze doda\u0107, \u017ce kolory dzia\u0142ek s\u0105 tylko ozdobnikiem, czyli nie maj\u0105 z regu\u0142ami nic wsp\u00f3lnego.<br> Jako rozwi\u0105zanie wystarczy poda\u0107 sum\u0119 liczb na przek\u0105tnych, cho\u0107 oczywi\u015bcie opis rozszyfrowanych regu\u0142 b\u0119dzie mile widziany.<br> Przyk\u0142ad<\/p>\n\n\n\n<figure class=\"wp-block-image\"><img loading=\"lazy\" decoding=\"async\" width=\"300\" height=\"137\" src=\"\/wp-content\/uploads\/2024\/01\/Prod_1-1-300x137.jpg\" alt=\"\" class=\"wp-image-9367\" srcset=\"\/penszko\/wp-content\/uploads\/2024\/01\/Prod_1-1-300x137.jpg 300w, \/penszko\/wp-content\/uploads\/2024\/01\/Prod_1-1-768x351.jpg 768w, \/penszko\/wp-content\/uploads\/2024\/01\/Prod_1-1.jpg 1000w\" sizes=\"(max-width: 300px) 100vw, 300px\" \/><\/figure>\n\n\n\n<p> Zadanie<\/p>\n\n\n\n<figure class=\"wp-block-image\"><img loading=\"lazy\" decoding=\"async\" width=\"300\" height=\"300\" src=\"\/wp-content\/uploads\/2024\/01\/Prod_2-1-300x300.jpg\" alt=\"\" class=\"wp-image-9368\" srcset=\"\/penszko\/wp-content\/uploads\/2024\/01\/Prod_2-1-300x300.jpg 300w, \/penszko\/wp-content\/uploads\/2024\/01\/Prod_2-1-150x150.jpg 150w, \/penszko\/wp-content\/uploads\/2024\/01\/Prod_2-1-768x768.jpg 768w, \/penszko\/wp-content\/uploads\/2024\/01\/Prod_2-1.jpg 1000w\" sizes=\"(max-width: 300px) 100vw, 300px\" \/><\/figure>\n\n\n\n<p><em>Komentarze z&nbsp;prawid\u0142owym rozwi\u0105zaniem ujawniane s\u0105 wieczorem w&nbsp;przeddzie\u0144 kolejnego wpisu (z b\u0142\u0119dnym zwykle od razu). Wpisy pojawiaj\u0105 si\u0119 co 7 dni.<\/em><\/p>\n","protected":false},"excerpt":{"rendered":"<p>Swego rodzaju fundamentem bardzo wielu \u0142amig\u0142\u00f3wek logicznych jest kwadratowy diagram n\u00d7n z\u0142o\u017cony z n^2 kratek. Wyobra\u017amy sobie profesjonalnego tw\u00f3rc\u0119 \u0142amig\u0142\u00f3wek logicznych (jest paru w Japonii), kt\u00f3ry siedzi nad takim diagramem, pr\u00f3buj\u0105c wymy\u015bli\u0107 jaki\u015b nowy rodzaj zadania i u\u0142o\u017cy\u0107 konkretny przyk\u0142ad. M\u00f3g\u0142by zacz\u0105\u0107 od podzielenia diagramu wzd\u0142u\u017c bok\u00f3w kratek na wielok\u0105tne dzia\u0142ki, a potem przyj\u0105\u0107 pierwsz\u0105 [&hellip;]<\/p>\n","protected":false},"author":3,"featured_media":0,"comment_status":"open","ping_status":"closed","sticky":true,"template":"","format":"standard","meta":{"footnotes":""},"categories":[1],"tags":[],"_links":{"self":[{"href":"https:\/\/blog.polityka.pl\/penszko\/wp-json\/wp\/v2\/posts\/9363"}],"collection":[{"href":"https:\/\/blog.polityka.pl\/penszko\/wp-json\/wp\/v2\/posts"}],"about":[{"href":"https:\/\/blog.polityka.pl\/penszko\/wp-json\/wp\/v2\/types\/post"}],"author":[{"embeddable":true,"href":"https:\/\/blog.polityka.pl\/penszko\/wp-json\/wp\/v2\/users\/3"}],"replies":[{"embeddable":true,"href":"https:\/\/blog.polityka.pl\/penszko\/wp-json\/wp\/v2\/comments?post=9363"}],"version-history":[{"count":3,"href":"https:\/\/blog.polityka.pl\/penszko\/wp-json\/wp\/v2\/posts\/9363\/revisions"}],"predecessor-version":[{"id":9370,"href":"https:\/\/blog.polityka.pl\/penszko\/wp-json\/wp\/v2\/posts\/9363\/revisions\/9370"}],"wp:attachment":[{"href":"https:\/\/blog.polityka.pl\/penszko\/wp-json\/wp\/v2\/media?parent=9363"}],"wp:term":[{"taxonomy":"category","embeddable":true,"href":"https:\/\/blog.polityka.pl\/penszko\/wp-json\/wp\/v2\/categories?post=9363"},{"taxonomy":"post_tag","embeddable":true,"href":"https:\/\/blog.polityka.pl\/penszko\/wp-json\/wp\/v2\/tags?post=9363"}],"curies":[{"name":"wp","href":"https:\/\/api.w.org\/{rel}","templated":true}]}}