
{"id":9671,"date":"2024-10-05T07:33:42","date_gmt":"2024-10-05T06:33:42","guid":{"rendered":"https:\/\/penszko.blog.polityka.pl\/?p=9671"},"modified":"2024-10-05T07:33:42","modified_gmt":"2024-10-05T06:33:42","slug":"po-krolewsku","status":"publish","type":"post","link":"https:\/\/blog.polityka.pl\/penszko\/2024\/10\/05\/po-krolewsku\/","title":{"rendered":"Po kr\u00f3lewsku"},"content":{"rendered":"\n<p>Kr\u00f3l\u00f3wka jest potocznym okre\u015bleniem hetmana w szachach, ale tak\u017ce nazw\u0105 zadania, kt\u00f3re wi\u0105\u017ce si\u0119 z figur\u0105 kr\u00f3la. Zadanie polega na wpisaniu do danego diagramu okre\u015blonych liter w odpowiedni spos\u00f3b \u2013 taki mianowicie, aby przemieszczaj\u0105c si\u0119 po polach z literami ruchem kr\u00f3la szachowego, mo\u017cna by\u0142o odczyta\u0107 z diagramu wskazane s\u0142owa.<br>Oto 12-literowy przyk\u0142ad z rozwi\u0105zaniem kr\u00f3l\u00f3wki miastowej z tegorocznego <em>Omnibusa<\/em>:<\/p>\n\n\n\n<figure class=\"wp-block-image size-full\"><a href=\"\/wp-content\/uploads\/2024\/09\/Pokr_1.jpg\"><img loading=\"lazy\" decoding=\"async\" width=\"1000\" height=\"388\" src=\"\/wp-content\/uploads\/2024\/09\/Pokr_1.jpg\" alt=\"\" class=\"wp-image-9672\"\/><\/a><\/figure>\n\n\n\n<p>Z diagramu mo\u017cna odczyta\u0107 po kr\u00f3lewsku nazw\u0119 kr\u00f3lewskiego miasta I Rzeczypospolitej \u2013 \u015arody Wielkopolskiej.<br>Poni\u017csza 14-literowa kr\u00f3l\u00f3wka powinna zaowocowa\u0107 trzema wyrazami:<br>RZECZPOSPOLITA, REPUBLIKA, POLSKA. Dwie litery znajduj\u0105 si\u0119 ju\u017c na swoich miejscach.<\/p>\n\n\n\n<figure class=\"wp-block-image size-full\"><a href=\"\/wp-content\/uploads\/2024\/09\/Pokr_2-1.jpg\"><img loading=\"lazy\" decoding=\"async\" width=\"1000\" height=\"458\" src=\"\/wp-content\/uploads\/2024\/09\/Pokr_2-1.jpg\" alt=\"\" class=\"wp-image-9674\"\/><\/a><\/figure>\n\n\n\n<p>Wyrazy nie musz\u0105 by\u0107 odczytywane jednym ci\u0105giem w podanej kolejno\u015bci, czyli ko\u0144cowe pole jednego nie musi s\u0105siadowa\u0107 z pierwszym polem nast\u0119pnego \u2013 jak w przypadku nazwy kr\u00f3lewskiego miasta. A ko\u0144cowe pytanie jest troch\u0119 nietypowe: zamian\u0105 miejscami kt\u00f3rych dwu liter r\u00f3\u017cni\u0105 si\u0119 dwa rozwi\u0105zania tego zadania.<\/p>\n\n\n\n<p><em>Komentarze z&nbsp;prawid\u0142owym rozwi\u0105zaniem ujawniane s\u0105 wieczorem w&nbsp;przeddzie\u0144 kolejnego wpisu (z b\u0142\u0119dnym zwykle od razu). Wpisy pojawiaj\u0105 si\u0119 co 7 dni.<\/em><\/p>\n","protected":false},"excerpt":{"rendered":"<p>Kr\u00f3l\u00f3wka jest potocznym okre\u015bleniem hetmana w szachach, ale tak\u017ce nazw\u0105 zadania, kt\u00f3re wi\u0105\u017ce si\u0119 z figur\u0105 kr\u00f3la. Zadanie polega na wpisaniu do danego diagramu okre\u015blonych liter w odpowiedni spos\u00f3b \u2013 taki mianowicie, aby przemieszczaj\u0105c si\u0119 po polach z literami ruchem kr\u00f3la szachowego, mo\u017cna by\u0142o odczyta\u0107 z diagramu wskazane s\u0142owa.Oto 12-literowy przyk\u0142ad z rozwi\u0105zaniem kr\u00f3l\u00f3wki miastowej [&hellip;]<\/p>\n","protected":false},"author":3,"featured_media":0,"comment_status":"open","ping_status":"closed","sticky":true,"template":"","format":"standard","meta":{"footnotes":""},"categories":[1],"tags":[],"_links":{"self":[{"href":"https:\/\/blog.polityka.pl\/penszko\/wp-json\/wp\/v2\/posts\/9671"}],"collection":[{"href":"https:\/\/blog.polityka.pl\/penszko\/wp-json\/wp\/v2\/posts"}],"about":[{"href":"https:\/\/blog.polityka.pl\/penszko\/wp-json\/wp\/v2\/types\/post"}],"author":[{"embeddable":true,"href":"https:\/\/blog.polityka.pl\/penszko\/wp-json\/wp\/v2\/users\/3"}],"replies":[{"embeddable":true,"href":"https:\/\/blog.polityka.pl\/penszko\/wp-json\/wp\/v2\/comments?post=9671"}],"version-history":[{"count":2,"href":"https:\/\/blog.polityka.pl\/penszko\/wp-json\/wp\/v2\/posts\/9671\/revisions"}],"predecessor-version":[{"id":9676,"href":"https:\/\/blog.polityka.pl\/penszko\/wp-json\/wp\/v2\/posts\/9671\/revisions\/9676"}],"wp:attachment":[{"href":"https:\/\/blog.polityka.pl\/penszko\/wp-json\/wp\/v2\/media?parent=9671"}],"wp:term":[{"taxonomy":"category","embeddable":true,"href":"https:\/\/blog.polityka.pl\/penszko\/wp-json\/wp\/v2\/categories?post=9671"},{"taxonomy":"post_tag","embeddable":true,"href":"https:\/\/blog.polityka.pl\/penszko\/wp-json\/wp\/v2\/tags?post=9671"}],"curies":[{"name":"wp","href":"https:\/\/api.w.org\/{rel}","templated":true}]}}