
{"id":9739,"date":"2024-12-14T09:02:49","date_gmt":"2024-12-14T08:02:49","guid":{"rendered":"https:\/\/penszko.blog.polityka.pl\/?p=9739"},"modified":"2024-12-14T09:04:39","modified_gmt":"2024-12-14T08:04:39","slug":"oto-ta-katedra","status":"publish","type":"post","link":"https:\/\/blog.polityka.pl\/penszko\/2024\/12\/14\/oto-ta-katedra\/","title":{"rendered":"Oto ta katedra"},"content":{"rendered":"\n<p>Jednym z temat\u00f3w, kt\u00f3re przed tygodniem zdominowa\u0142y media, by\u0142o uroczyste otwarcie po renowacji katedry Notre Dame. W brzmieniu okre\u015blenia \u201ekatedra Notre Dame\u201d na poz\u00f3r nie ma nic niezwyk\u0142ego, ale kto ma od dekad do czynienia z \u0142amig\u0142\u00f3wkami s\u0142owno-literowymi us\u0142yszy w nim szczeg\u00f3ln\u0105 cech\u0119 \u2013 powtarzalno\u015b\u0107 liter. Istotnie, w 16-literowym wyra\u017ceniu jest 9 r\u00f3\u017cnych liter \u2013 solo s\u0105 tylko 4, pozosta\u0142e tworz\u0105 duety i tercety. Z kolei liczba 9 tak\u017ce kojarzy si\u0119 \u0142amig\u0142\u00f3wkowo, ale liczbowo \u2013 tyle jest cyfr (\u015bci\u015blej: jednocyfrowych liczb) dodatnich, co wi\u0105\u017ce si\u0119 z dwoma rodzajami zada\u0144 \u2013 kryptarytmem i sudoku. Kryptarytm w\u0142a\u015bciwie odpada, bo ani dodawanie NOTRE+DAME=KATEDRA, ani mno\u017cenie NOTRE\u00d7DAME=KATEDRA nie przek\u0142ada si\u0119 na poprawne dzia\u0142anie. Ale literowe sudoku \u2013 czemu nie?<br>Ani nazwy NOTRE DAME, ani s\u0142owa KATEDRA nie mo\u017cna wpisa\u0107 do diagramu rz\u0105dkiem, bo w jednym powtarza si\u0119 E, a w drugim A. Trzeba wi\u0119c jako\u015b kombinowa\u0107, \u0142ami\u0105c okre\u015blenia lub wpisuj\u0105c je na ukos. Nale\u017cy te\u017c uzupe\u0142ni\u0107 diagram literami, bo jest ich zdecydowanie za ma\u0142o, aby by\u0142o najwy\u017cej kilka rozwi\u0105za\u0144, nie m\u00f3wi\u0105c o unikalnym. Poni\u017cej efekt ko\u0144cowy.<\/p>\n\n\n\n<figure class=\"wp-block-image size-full\"><a href=\"\/wp-content\/uploads\/2024\/12\/Otk_1.jpg\"><img loading=\"lazy\" decoding=\"async\" width=\"1000\" height=\"1105\" src=\"\/wp-content\/uploads\/2024\/12\/Otk_1.jpg\" alt=\"\" class=\"wp-image-9740\"\/><\/a><\/figure>\n\n\n\n<p>Zadanie polega oczywi\u015bcie na wpisaniu w puste pola liter tak, aby w ka\u017cdym wierszu, w ka\u017cdej kolumnie, w ka\u017cdym sektorze 3\u00d73 oraz w tym przypadku tak\u017ce na ka\u017cdej przek\u0105tnej (linie przerywane) \u2013 znalaz\u0142o si\u0119 9 r\u00f3\u017cnych liter. \u201eZ\u0142e\u201d wiadomo\u015bci s\u0105 takie, \u017ce zadanie jest (moim zdaniem) bardzo trudne vel \u017cmudne i ma nieco wi\u0119cej ni\u017c jedno rozwi\u0105zanie. Ile? Ponadto je\u015bli komu\u015b uda si\u0119 poprawnie wpisa\u0107 wszystkie literki, to poprosz\u0119 o s\u0142owo utworzone z 6 liter, kt\u00f3re znajd\u0105 si\u0119 w \u017c\u00f3\u0142tych kratkach<\/p>\n\n\n\n<p><em>Komentarze z&nbsp;prawid\u0142owym rozwi\u0105zaniem ujawniane s\u0105 wieczorem w&nbsp;przeddzie\u0144 kolejnego wpisu (z b\u0142\u0119dnym zwykle od razu). Wpisy pojawiaj\u0105 si\u0119 co 7 dni.<\/em><\/p>\n","protected":false},"excerpt":{"rendered":"<p>Jednym z temat\u00f3w, kt\u00f3re przed tygodniem zdominowa\u0142y media, by\u0142o uroczyste otwarcie po renowacji katedry Notre Dame. W brzmieniu okre\u015blenia \u201ekatedra Notre Dame\u201d na poz\u00f3r nie ma nic niezwyk\u0142ego, ale kto ma od dekad do czynienia z \u0142amig\u0142\u00f3wkami s\u0142owno-literowymi us\u0142yszy w nim szczeg\u00f3ln\u0105 cech\u0119 \u2013 powtarzalno\u015b\u0107 liter. Istotnie, w 16-literowym wyra\u017ceniu jest 9 r\u00f3\u017cnych liter \u2013 [&hellip;]<\/p>\n","protected":false},"author":3,"featured_media":0,"comment_status":"open","ping_status":"closed","sticky":true,"template":"","format":"standard","meta":{"footnotes":""},"categories":[1],"tags":[],"_links":{"self":[{"href":"https:\/\/blog.polityka.pl\/penszko\/wp-json\/wp\/v2\/posts\/9739"}],"collection":[{"href":"https:\/\/blog.polityka.pl\/penszko\/wp-json\/wp\/v2\/posts"}],"about":[{"href":"https:\/\/blog.polityka.pl\/penszko\/wp-json\/wp\/v2\/types\/post"}],"author":[{"embeddable":true,"href":"https:\/\/blog.polityka.pl\/penszko\/wp-json\/wp\/v2\/users\/3"}],"replies":[{"embeddable":true,"href":"https:\/\/blog.polityka.pl\/penszko\/wp-json\/wp\/v2\/comments?post=9739"}],"version-history":[{"count":2,"href":"https:\/\/blog.polityka.pl\/penszko\/wp-json\/wp\/v2\/posts\/9739\/revisions"}],"predecessor-version":[{"id":9742,"href":"https:\/\/blog.polityka.pl\/penszko\/wp-json\/wp\/v2\/posts\/9739\/revisions\/9742"}],"wp:attachment":[{"href":"https:\/\/blog.polityka.pl\/penszko\/wp-json\/wp\/v2\/media?parent=9739"}],"wp:term":[{"taxonomy":"category","embeddable":true,"href":"https:\/\/blog.polityka.pl\/penszko\/wp-json\/wp\/v2\/categories?post=9739"},{"taxonomy":"post_tag","embeddable":true,"href":"https:\/\/blog.polityka.pl\/penszko\/wp-json\/wp\/v2\/tags?post=9739"}],"curies":[{"name":"wp","href":"https:\/\/api.w.org\/{rel}","templated":true}]}}