
{"id":9767,"date":"2025-01-11T08:31:29","date_gmt":"2025-01-11T07:31:29","guid":{"rendered":"https:\/\/penszko.blog.polityka.pl\/?p=9767"},"modified":"2025-01-11T08:33:38","modified_gmt":"2025-01-11T07:33:38","slug":"koraliki-noworoczne","status":"publish","type":"post","link":"https:\/\/blog.polityka.pl\/penszko\/2025\/01\/11\/koraliki-noworoczne\/","title":{"rendered":"Koraliki noworoczne"},"content":{"rendered":"\n<p>  Ku chwale nowego roku Antyp1958 nades\u0142a\u0142 poni\u017csze zadanie du\u017cego formatu. Starym i m\u0142odym wyjadaczom wystarczy rzut oka, aby zorientowa\u0107 si\u0119, \u017ce to japo\u0144skie masyu albo swojskie koraliki. Dla porz\u0105dku przypomn\u0119 jednak instrukcj\u0119 obs\u0142ugi.<\/p>\n\n\n\n<figure class=\"wp-block-image size-full\"><a href=\"\/wp-content\/uploads\/2025\/01\/Kono_1.jpg\"><img loading=\"lazy\" decoding=\"async\" width=\"1000\" height=\"383\" src=\"\/wp-content\/uploads\/2025\/01\/Kono_1.jpg\" alt=\"\" class=\"wp-image-9768\"\/><\/a><\/figure>\n\n\n\n<p>45 bia\u0142ych i 4 czarne koraliki nale\u017cy nawlec na nitk\u0119, czyli po\u0142\u0105czy\u0107 lini\u0105 \u0142aman\u0105 zamkni\u0119t\u0105 z\u0142o\u017con\u0105 z poziomych i pionowych odcink\u00f3w, przechodz\u0105cych przez \u015brodki kratek.<br>\u0141amana musi:<br>&#8211; za\u0142amywa\u0107 si\u0119 w ka\u017cdym czarnym koraliku oraz w polu tu\u017c przed lub\/i tu\u017c za bia\u0142ym. <\/p>\n\n\n\n<p>\u0141amana nie mo\u017ce:<br>&#8211; za\u0142amywa\u0107 si\u0119 w \u017cadnym bia\u0142ym koraliku, ani w polach tu\u017c przed i tu\u017c za czarnym koralikiem.<br>Gdyby co\u015b by\u0142o niejasne, mo\u017cna zajrze\u0107 <a href=\"https:\/\/penszko.blog.polityka.pl\/2021\/09\/11\/reka-diabla\/\">tu<\/a>, gdzie znajduje si\u0119 tak\u017ce przyk\u0142ad.<br>W rozwi\u0105zaniu wystarczy poda\u0107 liczb\u0119 za\u0142ama\u0144 \u0142amanej.<\/p>\n\n\n\n<p><em>Komentarze z&nbsp;prawid\u0142owym rozwi\u0105zaniem ujawniane s\u0105 wieczorem w&nbsp;przeddzie\u0144 kolejnego wpisu (z b\u0142\u0119dnym zwykle od razu). Wpisy pojawiaj\u0105 si\u0119 co 7 dni.<\/em><\/p>\n","protected":false},"excerpt":{"rendered":"<p>Ku chwale nowego roku Antyp1958 nades\u0142a\u0142 poni\u017csze zadanie du\u017cego formatu. Starym i m\u0142odym wyjadaczom wystarczy rzut oka, aby zorientowa\u0107 si\u0119, \u017ce to japo\u0144skie masyu albo swojskie koraliki. Dla porz\u0105dku przypomn\u0119 jednak instrukcj\u0119 obs\u0142ugi. 45 bia\u0142ych i 4 czarne koraliki nale\u017cy nawlec na nitk\u0119, czyli po\u0142\u0105czy\u0107 lini\u0105 \u0142aman\u0105 zamkni\u0119t\u0105 z\u0142o\u017con\u0105 z poziomych i pionowych odcink\u00f3w, przechodz\u0105cych [&hellip;]<\/p>\n","protected":false},"author":3,"featured_media":0,"comment_status":"open","ping_status":"closed","sticky":true,"template":"","format":"standard","meta":{"footnotes":""},"categories":[1],"tags":[],"_links":{"self":[{"href":"https:\/\/blog.polityka.pl\/penszko\/wp-json\/wp\/v2\/posts\/9767"}],"collection":[{"href":"https:\/\/blog.polityka.pl\/penszko\/wp-json\/wp\/v2\/posts"}],"about":[{"href":"https:\/\/blog.polityka.pl\/penszko\/wp-json\/wp\/v2\/types\/post"}],"author":[{"embeddable":true,"href":"https:\/\/blog.polityka.pl\/penszko\/wp-json\/wp\/v2\/users\/3"}],"replies":[{"embeddable":true,"href":"https:\/\/blog.polityka.pl\/penszko\/wp-json\/wp\/v2\/comments?post=9767"}],"version-history":[{"count":5,"href":"https:\/\/blog.polityka.pl\/penszko\/wp-json\/wp\/v2\/posts\/9767\/revisions"}],"predecessor-version":[{"id":9774,"href":"https:\/\/blog.polityka.pl\/penszko\/wp-json\/wp\/v2\/posts\/9767\/revisions\/9774"}],"wp:attachment":[{"href":"https:\/\/blog.polityka.pl\/penszko\/wp-json\/wp\/v2\/media?parent=9767"}],"wp:term":[{"taxonomy":"category","embeddable":true,"href":"https:\/\/blog.polityka.pl\/penszko\/wp-json\/wp\/v2\/categories?post=9767"},{"taxonomy":"post_tag","embeddable":true,"href":"https:\/\/blog.polityka.pl\/penszko\/wp-json\/wp\/v2\/tags?post=9767"}],"curies":[{"name":"wp","href":"https:\/\/api.w.org\/{rel}","templated":true}]}}