
{"id":9876,"date":"2025-04-26T09:37:49","date_gmt":"2025-04-26T08:37:49","guid":{"rendered":"https:\/\/penszko.blog.polityka.pl\/?p=9876"},"modified":"2025-04-26T09:37:49","modified_gmt":"2025-04-26T08:37:49","slug":"czarna-owca","status":"publish","type":"post","link":"https:\/\/blog.polityka.pl\/penszko\/2025\/04\/26\/czarna-owca\/","title":{"rendered":"Czarna owca"},"content":{"rendered":"\n<p>  Zgodnie z zapowiedzi\u0105 pora na twardy orzech od apartado. Przypomnijmy regu\u0142y.<br>Ka\u017cde k\u00f3\u0142ko nale\u017cy skojarzy\u0107 z jakim\u015b krzy\u017cykiem lini\u0105 biegn\u0105c\u0105 bia\u0142ymi korytarzami. Przez ka\u017cde skrzy\u017cowanie powinna przechodzi\u0107 jedna i tylko jedna linia, a tak\u017ce \u017cadna linia nie mo\u017ce:<br>&#8211; przecina\u0107 znaku;<br>&#8211; za\u0142amywa\u0107 si\u0119 na dwu kolejnych skrzy\u017cowaniach w t\u0119 sam\u0105 stron\u0119.<br>I kluczowa regu\u0142a: ka\u017cda linia musi przecina\u0107 inn\u0105 liczb\u0119 skrzy\u017cowa\u0144.<br>Z lewej strony przyk\u0142ad, z prawej zadanie.<\/p>\n\n\n\n<figure class=\"wp-block-image size-full\"><a href=\"\/wp-content\/uploads\/2025\/04\/Czo_1.jpg\"><img loading=\"lazy\" decoding=\"async\" width=\"1000\" height=\"622\" src=\"\/wp-content\/uploads\/2025\/04\/Czo_1.jpg\" alt=\"\" class=\"wp-image-9877\"\/><\/a><\/figure>\n\n\n\n<p>I dodatek specjalny. Krzy\u017cyk\u00f3w jest o jeden wi\u0119cej ni\u017c k\u00f3\u0142ek. Ten nadmiarowy krzy\u017cyk to &#8222;czarna owca&#8221; \u2013 pozostanie niepo\u0142\u0105czony z \u017cadnym k\u00f3\u0142kiem. Jako rozwi\u0105zanie ko\u0144cowe wystarczy poda\u0107 (jako\u015b opisa\u0107) miejsce czarnej owcy.<\/p>\n\n\n\n<p><em>Komentarze z&nbsp;prawid\u0142owym rozwi\u0105zaniem ujawniane s\u0105 wieczorem w&nbsp;przeddzie\u0144 kolejnego wpisu (z b\u0142\u0119dnym zwykle od razu). Wpisy pojawiaj\u0105 si\u0119 co 7 dni.<\/em><\/p>\n","protected":false},"excerpt":{"rendered":"<p>Zgodnie z zapowiedzi\u0105 pora na twardy orzech od apartado. Przypomnijmy regu\u0142y.Ka\u017cde k\u00f3\u0142ko nale\u017cy skojarzy\u0107 z jakim\u015b krzy\u017cykiem lini\u0105 biegn\u0105c\u0105 bia\u0142ymi korytarzami. Przez ka\u017cde skrzy\u017cowanie powinna przechodzi\u0107 jedna i tylko jedna linia, a tak\u017ce \u017cadna linia nie mo\u017ce:&#8211; przecina\u0107 znaku;&#8211; za\u0142amywa\u0107 si\u0119 na dwu kolejnych skrzy\u017cowaniach w t\u0119 sam\u0105 stron\u0119.I kluczowa regu\u0142a: ka\u017cda linia musi przecina\u0107 [&hellip;]<\/p>\n","protected":false},"author":3,"featured_media":0,"comment_status":"open","ping_status":"closed","sticky":true,"template":"","format":"standard","meta":{"footnotes":""},"categories":[1],"tags":[],"_links":{"self":[{"href":"https:\/\/blog.polityka.pl\/penszko\/wp-json\/wp\/v2\/posts\/9876"}],"collection":[{"href":"https:\/\/blog.polityka.pl\/penszko\/wp-json\/wp\/v2\/posts"}],"about":[{"href":"https:\/\/blog.polityka.pl\/penszko\/wp-json\/wp\/v2\/types\/post"}],"author":[{"embeddable":true,"href":"https:\/\/blog.polityka.pl\/penszko\/wp-json\/wp\/v2\/users\/3"}],"replies":[{"embeddable":true,"href":"https:\/\/blog.polityka.pl\/penszko\/wp-json\/wp\/v2\/comments?post=9876"}],"version-history":[{"count":3,"href":"https:\/\/blog.polityka.pl\/penszko\/wp-json\/wp\/v2\/posts\/9876\/revisions"}],"predecessor-version":[{"id":9881,"href":"https:\/\/blog.polityka.pl\/penszko\/wp-json\/wp\/v2\/posts\/9876\/revisions\/9881"}],"wp:attachment":[{"href":"https:\/\/blog.polityka.pl\/penszko\/wp-json\/wp\/v2\/media?parent=9876"}],"wp:term":[{"taxonomy":"category","embeddable":true,"href":"https:\/\/blog.polityka.pl\/penszko\/wp-json\/wp\/v2\/categories?post=9876"},{"taxonomy":"post_tag","embeddable":true,"href":"https:\/\/blog.polityka.pl\/penszko\/wp-json\/wp\/v2\/tags?post=9876"}],"curies":[{"name":"wp","href":"https:\/\/api.w.org\/{rel}","templated":true}]}}