
{"id":4995,"count":6,"description":"","link":"https:\/\/blog.polityka.pl\/polifonia\/category\/zalecam-ostroznosc\/","name":"zalecam ostro\u017cno\u015b\u0107","slug":"zalecam-ostroznosc","taxonomy":"category","parent":0,"meta":[],"_links":{"self":[{"href":"https:\/\/blog.polityka.pl\/polifonia\/wp-json\/wp\/v2\/categories\/4995"}],"collection":[{"href":"https:\/\/blog.polityka.pl\/polifonia\/wp-json\/wp\/v2\/categories"}],"about":[{"href":"https:\/\/blog.polityka.pl\/polifonia\/wp-json\/wp\/v2\/taxonomies\/category"}],"wp:post_type":[{"href":"https:\/\/blog.polityka.pl\/polifonia\/wp-json\/wp\/v2\/posts?categories=4995"}],"curies":[{"name":"wp","href":"https:\/\/api.w.org\/{rel}","templated":true}]}}