
{"id":10577,"date":"2016-05-24T23:57:37","date_gmt":"2016-05-24T21:57:37","guid":{"rendered":"http:\/\/polifonia.blog.polityka.pl\/?p=10577"},"modified":"2018-07-31T11:45:25","modified_gmt":"2018-07-31T09:45:25","slug":"popek-kontra-coelho-zawiera-brzydkie-wyrazy","status":"publish","type":"post","link":"https:\/\/blog.polityka.pl\/polifonia\/2016\/05\/24\/popek-kontra-coelho-zawiera-brzydkie-wyrazy\/","title":{"rendered":"Popek kontra Coelho (zawiera brzydkie wyrazy)"},"content":{"rendered":"<p>Publikuj\u0119 to noc\u0105, \u017ceby nie by\u0142o wi\u0119kszej afery, bo tre\u015bci z gatunku takich, kt\u00f3re potrafi\u0105 na r\u00f3\u017cne sposoby wstrz\u0105sn\u0105\u0107. Bohater\u00f3w dw\u00f3ch. Popek ma jakie\u015b 36 lat, pochodzi z Legnicy i wygl\u0105da <a href=\"http:\/\/vignette2.wikia.nocookie.net\/hhpl\/images\/a\/ac\/Popek.JPG\/revision\/latest?cb=20160114010535&amp;path-prefix=pl\">tak<\/a>. Paulo Coelho ma lat 67 i pochodzi z Rio de Janeiro, jest bardziej popularny ni\u017c Popek i wygl\u0105da <a href=\"http:\/\/blog.myheritage.pl\/wp-content\/uploads\/2012\/08\/PAULO_COELHO.jpg\">tak<\/a>. I je\u015bli na moment zapomnicie o tatua\u017cach, bliznach na twarzy (cho\u0107 Coelho pisa\u0142, \u017ce <em>Twoje blizny s\u0105 twoj\u0105 si\u0142\u0105<\/em>), nakazie aresztowania, z\u0142otych z\u0119bach i walkach MMA tego pierwszego, pewnie z r\u00f3wnym co ja zaskoczeniem przyjmiecie teksty z p\u0142yty <em>Kr\u00f3l Albanii<\/em> duetu Popek i Matheo, kt\u00f3re przegl\u0105da\u0142em podczas pisania zupe\u0142nie innego materia\u0142u. W Polifonii tym razem troch\u0119 brzydkich wyraz\u00f3w, a troch\u0119 udowadniania podobie\u0144stw Popka i Coelho.<!--more--><\/p>\n<p>Zaczyna si\u0119 to tak: <em>Siedz\u0119 sobie w studio, dzwoni do mnie Matheo \/ M\u00f3wi: Popek, zr\u00f3bmy razem muzyczne arcydzie\u0142o.<\/em> I ju\u017c te rymy eo-eo (albo e\u0142o-e\u0142o) oraz imi\u0119 rodem z P\u00f3\u0142wyspu Iberyjskiego powinny mi da\u0107 do my\u015blenia. Autorzy p\u0142yty s\u0105 w g\u0142\u0119bi duszy bardziej portugalscy ni\u017c alba\u0144scy. A Popek ma w dodatku na imi\u0119 Pawe\u0142. Wiecie pewnie, jak to b\u0119dzie po portugalsku? Poza tym polski raper wyznaje zasady bliskie naukom <em>Alchemika<\/em>: <em>Sam kreuj\u0119 swoj\u0105 przysz\u0142o\u015b\u0107 i wiem, jak ma wygl\u0105da\u0107<\/em>. Coelho, co nie bez znaczenia, te\u017c pisa\u0142 piosenki.<\/p>\n<p>Dystans do religii, za kt\u00f3ry w ko\u015bcio\u0142ach nie lubi\u0105 Coelho (je\u015bli wierzy\u0107 relacjom, uprawia\u0142 czarn\u0105 magi\u0119), cechuje r\u00f3wnie\u017c Popka, co s\u0142ycha\u0107 w drugim utworze: <em>Ksi\u0105dz i jego chore teksty tematem mojej piosenki \/ Chcia\u0142bym ojcze z tob\u0105 jebn\u0105\u0107 koks do nosa \/ Razem by\u015bmy ugotowali crack \/ Poszli razem na kurwy, jebali bez kondoma<\/em>. Warto tu zauwa\u017cy\u0107, \u017ce owo &#8222;bez kondoma&#8221; to dzi\u015b kluczowe poj\u0119cie z filozofii polskiego hip-hopu. Symbol odwagi, kt\u00f3ry w czasach pokoju oddaje heroizm gestu odpowiadaj\u0105cy szar\u017cy u\u0142a\u0144skiej. A sam Popek to cz\u0142owiek w\u0105tpi\u0105cy, lecz w g\u0142\u0119bi duszy pogodzony ze sob\u0105, sk\u0142onny do refleksji: <em>Pos\u0142uchajcie g\u0142osu serca, a nie kazania w ko\u015bciele<\/em>.<\/p>\n<p>W kolejnym utworze podmiot liryczny pracuje pilnie nad w\u0142asn\u0105 samoocen\u0105, powtarzaj\u0105c wyrafinowan\u0105 mantr\u0119: <em>Jestem kr\u00f3lem, wi\u0119c wszyscy kurwa \u0142apy w g\u00f3r\u0119!<\/em> Stara si\u0119 zachowa\u0107 r\u00f3wnowag\u0119 mi\u0119dzy cia\u0142em i umys\u0142em, a mo\u017ce po prostu korzysta z tego, \u017ce nazwy wsp\u00f3\u0142czesnych si\u0142owni maj\u0105 mitologiczny charakter: <em>Wje\u017cd\u017cam na Olimp, tak jak na dzielnie wam \/ U mego boku stoi kr\u00f3lewska \u015bwita brat<\/em>. Ten oczyszczony idealista pozostaje jednak wra\u017cliwy na spojrzenia innych (<em>Co kurwo patrzysz si\u0119<\/em>), deklaruj\u0105c zarazem otwarte spo\u0142ecznie podej\u015bcie do zdobywania wiedzy (<em>W dziurawych butach poszed\u0142em w \u015bwiat \/ Moim mentorem zosta\u0142a ulica<\/em>) i ch\u0119\u0107 kontynuowania nauki na szczeblu mi\u0119dzynarodowym (<em>Przemierzam bezkres rzymskiego raju \/ Mam 200 euro, plecak pe\u0142en marze\u0144 \/ I tak si\u0119 bujam, z kraju do kraju<\/em>). Gdy w ko\u0144cu udaje mu si\u0119 rozwin\u0105\u0107 talent (<em>On jest dzik\u0105 r\u00f3\u017c\u0105, kt\u00f3ra wyros\u0142a z betonu<\/em>), staje si\u0119 kim\u015b (<em>Szopen rapu i ha\u0142asu kr\u00f3l<\/em>), a to pozwala mu robi\u0107 to, co naprawd\u0119 lubi (<em>Nakurwiamy \u0142ubudu<\/em>). <em>Bo los pragnie<\/em> &#8211; doda\u0142by Coelho &#8211; <em>by\u015b spe\u0142ni\u0142 swoj\u0105 W\u0142asn\u0105 Legend\u0119<\/em>.<\/p>\n<p>Wra\u017cliwemu sercu towarzyszy wra\u017cliwy \u017co\u0142\u0105dek, co powoduje, \u017ce w pewnym momencie emigracja &#8211; a szczeg\u00f3lnie przed\u0142u\u017caj\u0105cy si\u0119 pobyt w Anglii &#8211; staje si\u0119 dla bohatera utrapieniem (<em>I tak tutaj musz\u0119 wydawa\u0107 funty \/ I je\u015b\u0107 rano t\u0142usty English breakfast \/ Patrze\u0107 na te brzydkie angielskie kurwy \/ I \u0107pa\u0107 koks, po kt\u00f3rym trzy dni nie srasz<\/em>), z kt\u00f3rym jednak pr\u00f3buje sobie radzi\u0107 z dnia na dzie\u0144, ho\u0142duj\u0105c zasadzie <em>carpe diem<\/em> (<em>Kr\u00f3l na wakacje chce jecha\u0107 \/ Odpocz\u0105\u0107, hajs rozjeba\u0107 \/ Nie b\u0119d\u0119 niczego zwiedza\u0142 \/ B\u0119d\u0119 chodzi\u0142 po imprezach i mieszka\u0142 na imprezach<\/em>).<\/p>\n<p><em>Dla mnie istnieje tylko dzisiaj<\/em> &#8211; pisa\u0142 autor <em>Alchemika<\/em>. Popek sygnalizuje, \u017ce t\u0119 ksi\u0105\u017ck\u0119 czyta\u0142: <em>Czasem m\u00f3wi\u0105 ci, \u017ce nie dasz rady \/ A ich s\u0142owa lec\u0105 w d\u00f3\u0142 jak wodospady \/ Unie\u015b w g\u00f3r\u0119 si\u0119 ponad swoje wady \/ Mo\u017cesz zdoby\u0107 ca\u0142y \u015bwiat, nie b\u0119d\u0105c doskona\u0142ym<\/em> &#8211; radzi w <em>Wodospadach<\/em>. <em>Odnajd\u017acie \u015bwiat\u0142o w mroku, nie patrz na swe pora\u017cki \/ Ludzie wyjd\u017acie z blok\u00f3w, u\u017cyjcie wyobra\u017ani <\/em>&#8211; dodaje w <em>Wiara czyni cuda<\/em>, utworze, w kt\u00f3rym zdradza swoje wielkie \u017cyciowe credo:<\/p>\n<p><em>S\u0142uchajcie g\u0142osu serca, a nie zawistnych ludzi<br \/>\nNiech drog\u0119 ci o\u015bwieca tw\u00f3j otwarty umys\u0142<br \/>\nKochaj dziecko swoje, nie zawied\u017a swej rodziny<br \/>\nRuszajcie do boju, leniwe skurwysyny!<\/em><\/p>\n<p>Kt\u00f3\u017c inny znalaz\u0142by tak zaskakuj\u0105cy rym do &#8222;rodziny&#8221;? Z drugiej strony &#8211; gdyby nie ten rym, to by\u0142by przecie\u017c <em>Alchemik <\/em>w czystej postaci. Pora wi\u0119c na wnioski z tej kr\u00f3tkiej analizy: Popek nie m\u00f3wi Coelho. On Coelho, za przeproszeniem, nak&#8230;wia.<\/p>\n<p>Prawdopodobnie \u017caden artysta nie chcia\u0142by zosta\u0107 doklejony do analizy tekst\u00f3w Popka, wi\u0119c oszcz\u0119dz\u0119 im tego, zainteresowanych recenzjami prosz\u0105c o przej\u015bcie do kt\u00f3rego\u015b z pozosta\u0142ych wpis\u00f3w. Zainteresowani Popkiem i Coelho mog\u0105 jeszcze po lekturze tego wpisu zmierzy\u0107 si\u0119 ze specjalnym <a href=\"https:\/\/www.polityka.pl\/tygodnikpolityka\/quizy\/popekczycoelho\">quizem na Polityka.pl<\/a>. Co jest zaj\u0119ciem tylko dla ludzi o mocnych nerwach. Sam musia\u0142em si\u0119 zadowoli\u0107 wynikiem 19\/20 &#8211; i to na \u015bwie\u017co po pracy nad pytaniami.<\/p>\n<p>\u017beby nie by\u0142o, \u017ce quiz zmy\u015blony, poni\u017cej spoiler zawieraj\u0105cy \u017ar\u00f3d\u0142a prawid\u0142owych odpowiedzi <strong>[prosz\u0119 nie czyta\u0107, je\u015bli nie chcecie sobie zepsu\u0107 przyjemno\u015b\u0107 z rozwi\u0105zywania testu!]<\/strong><\/p>\n<p><em>Sam kreuj\u0119 swoj\u0105 przysz\u0142o\u015b\u0107 i wiem, jak ma wygl\u0105da\u0107<\/em><br \/>\nPopek, &#8222;Fabryka hit\u00f3w&#8221;<br \/>\n<em><br \/>\nDla mnie istnieje tylko dzisiaj i nie obchodzi mnie nic wi\u0119cej<\/em><br \/>\nCoelho, &#8222;Alchemik&#8221;<\/p>\n<p><em>Mo\u017cesz zdoby\u0107 ca\u0142y \u015bwiat, nie b\u0119d\u0105c doskona\u0142ym<br \/>\n<\/em>Popek, &#8222;Wodospady&#8221;<\/p>\n<p><em>Pos\u0142uchajcie g\u0142osu serca, a nie kazania w ko\u015bciele<br \/>\n<\/em>Popek, &#8222;Zakazany owoc&#8221;<\/p>\n<p><em>Aby zapomnie\u0107 o zasadach, nale\u017cy je zna\u0107 i szanowa\u0107<br \/>\n<\/em>Coelho, &#8222;Czarownica z Portobello&#8221;<\/p>\n<p><em>Nad nami czarne chmury, szybko rozwieje wiatr<br \/>\n<\/em>Popek, &#8222;Jestem kr\u00f3lem&#8221;<\/p>\n<p><em>B\u00f3g ukry\u0142 piek\u0142o w samym sercu raju<br \/>\n<\/em>Coelho, &#8222;Na brzegu rzeki Piedry usiad\u0142am i p\u0142aka\u0142am&#8221;<\/p>\n<p><em>Przemierzam bezkres rzymskiego raju<br \/>\n<\/em>Popek, &#8222;Kr\u00f3l Cygan\u00f3w&#8221;<\/p>\n<p><em>Jeste\u015b tym, czym wierzysz, \u017ce jeste\u015b<br \/>\n<\/em>Coelho, &#8222;Czarownica z Portobello&#8221;<\/p>\n<p><em>Id\u0119 swoja drog\u0105, prosz\u0119, nie zatrzymuj mnie<br \/>\n<\/em>Popek, &#8222;Nigdy wi\u0119cej&#8221;<\/p>\n<p><em>Twoje blizny s\u0105 twoj\u0105 si\u0142\u0105<br \/>\n<\/em>Coelho, &#8222;Czarownica z Portobello&#8221;<\/p>\n<p><em>Rozpami\u0119tywanie jest zaj\u0119ciem starc\u00f3w<br \/>\n<\/em>Coelho, &#8222;Na brzegu rzeki Piedry usiad\u0142am i p\u0142aka\u0142am&#8221;<\/p>\n<p><em>\u015awiat nale\u017cy do odwa\u017cnych, a wiara czyni cuda<br \/>\n<\/em>Popek, &#8222;Wiara czyni cuda&#8221;<\/p>\n<p><em>Mi\u0142o\u015b\u0107 jest jak narkotyk<br \/>\n<\/em>Coelho, &#8222;Na brzegu rzeki Piedry usiad\u0142am i p\u0142aka\u0142am&#8221;<\/p>\n<p><em>Zawsze trzeba podejmowa\u0107 ryzyko<\/em><br \/>\nCoelho, &#8222;Na brzegu rzeki Piedry usiad\u0142am i p\u0142aka\u0142am&#8221;<\/p>\n<p><em>Bo w oczach tkwi si\u0142a duszy<br \/>\n<\/em>Coelho, &#8222;Alchemik&#8221;<\/p>\n<p><em>Zbudujmy razem most i wi\u0119cej go nie palmy<br \/>\n<\/em>Popek, &#8222;Ka\u017cdy z nas&#8221;<\/p>\n<p><em>Bo los pragnie, by\u015b spe\u0142ni\u0142 swoj\u0105 W\u0142asn\u0105 Legend\u0119<br \/>\n<\/em>Coelho, &#8222;Alchemik&#8221;<\/p>\n<p><em>Zdrada to cios, kt\u00f3rego nie oczekujesz<br \/>\n<\/em>Coelho, &#8222;Alchemik&#8221;<\/p>\n<p><em>W dziurawych butach poszed\u0142em w \u015bwiat<\/em><br \/>\nPopek, &#8222;Kr\u00f3l Cygan\u00f3w&#8221;<\/p>\n","protected":false},"excerpt":{"rendered":"<p>Publikuj\u0119 to noc\u0105, \u017ceby nie by\u0142o wi\u0119kszej afery, bo tre\u015bci z gatunku takich, kt\u00f3re potrafi\u0105 na r\u00f3\u017cne sposoby wstrz\u0105sn\u0105\u0107. Bohater\u00f3w dw\u00f3ch. Popek ma jakie\u015b 36 lat, pochodzi z Legnicy i wygl\u0105da tak. Paulo Coelho ma lat 67 i pochodzi z Rio de Janeiro, jest bardziej popularny ni\u017c Popek i wygl\u0105da tak. I je\u015bli na moment [&hellip;]<\/p>\n","protected":false},"author":1,"featured_media":10585,"comment_status":"open","ping_status":"closed","sticky":false,"template":"","format":"standard","meta":{"footnotes":""},"categories":[604,132,1,2249],"tags":[2441,2440],"_links":{"self":[{"href":"https:\/\/blog.polityka.pl\/polifonia\/wp-json\/wp\/v2\/posts\/10577"}],"collection":[{"href":"https:\/\/blog.polityka.pl\/polifonia\/wp-json\/wp\/v2\/posts"}],"about":[{"href":"https:\/\/blog.polityka.pl\/polifonia\/wp-json\/wp\/v2\/types\/post"}],"author":[{"embeddable":true,"href":"https:\/\/blog.polityka.pl\/polifonia\/wp-json\/wp\/v2\/users\/1"}],"replies":[{"embeddable":true,"href":"https:\/\/blog.polityka.pl\/polifonia\/wp-json\/wp\/v2\/comments?post=10577"}],"version-history":[{"count":30,"href":"https:\/\/blog.polityka.pl\/polifonia\/wp-json\/wp\/v2\/posts\/10577\/revisions"}],"predecessor-version":[{"id":18761,"href":"https:\/\/blog.polityka.pl\/polifonia\/wp-json\/wp\/v2\/posts\/10577\/revisions\/18761"}],"wp:featuredmedia":[{"embeddable":true,"href":"https:\/\/blog.polityka.pl\/polifonia\/wp-json\/wp\/v2\/media\/10585"}],"wp:attachment":[{"href":"https:\/\/blog.polityka.pl\/polifonia\/wp-json\/wp\/v2\/media?parent=10577"}],"wp:term":[{"taxonomy":"category","embeddable":true,"href":"https:\/\/blog.polityka.pl\/polifonia\/wp-json\/wp\/v2\/categories?post=10577"},{"taxonomy":"post_tag","embeddable":true,"href":"https:\/\/blog.polityka.pl\/polifonia\/wp-json\/wp\/v2\/tags?post=10577"}],"curies":[{"name":"wp","href":"https:\/\/api.w.org\/{rel}","templated":true}]}}