
{"id":1123,"date":"2011-07-15T15:47:17","date_gmt":"2011-07-15T13:47:17","guid":{"rendered":"http:\/\/polifonia.blog.polityka.pl\/?p=1123"},"modified":"2011-07-15T15:54:38","modified_gmt":"2011-07-15T13:54:38","slug":"bo-recenzent-byl-leniwy","status":"publish","type":"post","link":"https:\/\/blog.polityka.pl\/polifonia\/2011\/07\/15\/bo-recenzent-byl-leniwy\/","title":{"rendered":"Bo recenzent by\u0142 leniwy"},"content":{"rendered":"<p><a href=\"\/wp-content\/uploads\/2011\/07\/pat_metheny.jpg\"><img loading=\"lazy\" decoding=\"async\" src=\"\/wp-content\/uploads\/2011\/07\/pat_metheny-150x150.jpg\" alt=\"\" title=\"pat_metheny\" width=\"150\" height=\"150\" class=\"alignleft size-thumbnail wp-image-1134\" srcset=\"\/polifonia\/wp-content\/uploads\/2011\/07\/pat_metheny-150x150.jpg 150w, \/polifonia\/wp-content\/uploads\/2011\/07\/pat_metheny-300x300.jpg 300w, \/polifonia\/wp-content\/uploads\/2011\/07\/pat_metheny.jpg 410w\" sizes=\"(max-width: 150px) 100vw, 150px\" \/><\/a><strong>PAT METHENY &#8222;What&#8217;s It All About&#8221;<\/strong><br \/>\nNonesuch 2011<br \/>\n<strong>5\/10<br \/>\nTrzeba pos\u0142ucha\u0107:<\/strong> &#8230;ale lepiej potestowa\u0107.<\/p>\n<p>Nowy <strong>Pat Metheny<\/strong> z \u017celaznymi klasykami i standardami (&#8222;Garota da Ipanema&#8221;, &#8222;The Sound of Silence&#8221;, &#8222;Alfie&#8221; itd.) granymi na gitarze barytonowej to moim zdaniem wymarzona p\u0142yta dla cz\u0142owieka, kt\u00f3ry chcia\u0142by sobie w\u0142a\u015bnie przetestowa\u0107 swoje kupione za ci\u0119\u017ckie pieni\u0105dze audiofilskie g\u0142o\u015bniki. I w\u0142a\u015bciwie bezu\u017cyteczna dla innych.<\/p>\n<p><a href=\"\/wp-content\/uploads\/2011\/07\/biosphere_n-plants.jpg\"><img loading=\"lazy\" decoding=\"async\" src=\"\/wp-content\/uploads\/2011\/07\/biosphere_n-plants-150x150.jpg\" alt=\"\" title=\"biosphere_n-plants\" width=\"150\" height=\"150\" class=\"alignleft size-thumbnail wp-image-1135\" \/><\/a><strong>BIOSPHERE &#8222;N-Plants&#8221;<\/strong><br \/>\nTouch 2011<br \/>\n<strong>6\/10<br \/>\nTrzeba pos\u0142ucha\u0107:<\/strong> &#8222;Genkai-I&#8221;.<\/p>\n<p><object height=\"81\" width=\"100%\"><param name=\"movie\" value=\"http:\/\/player.soundcloud.com\/player.swf?url=http%3A%2F%2Fapi.soundcloud.com%2Ftracks%2F17420114\"><\/param><param name=\"allowscriptaccess\" value=\"always\"><\/param><embed allowscriptaccess=\"always\" height=\"81\" src=\"http:\/\/player.soundcloud.com\/player.swf?url=http%3A%2F%2Fapi.soundcloud.com%2Ftracks%2F17420114\" type=\"application\/x-shockwave-flash\" width=\"100%\"><\/embed><\/object>  <span><a href=\"http:\/\/soundcloud.com\/experimedia\/biosphere-n-plants-album\">biosphere &#8211; n-plants (album preview)<\/a> by <a href=\"http:\/\/soundcloud.com\/experimedia\">experimedia<\/a><\/span> <\/p>\n<p>Nowy Jenssen to wymarzona p\u0142yta dla cz\u0142owieka&#8230;. Tak, to te\u017c. Zreszt\u0105 bardzo \u0142adnie brzmi i przyjemnie si\u0119 s\u0142ucha. Ale je\u015bli sobie przypomn\u0119, \u017ce to opowie\u015b\u0107 o japo\u0144skich elektrowniach atomowych (<strong>Biosphere <\/strong>nad konceptem pracowa\u0142 jeszcze przed katastrof\u0105), to mam wra\u017cenie, \u017ce powinna bardziej, hm, elektryzowa\u0107. A na tle pozosta\u0142ych p\u0142yt Geira Jenssena obchodzi mnie stosunkowo ma\u0142o.<\/p>\n<p><a href=\"\/wp-content\/uploads\/2011\/07\/tyler_the_creator.jpg\"><img loading=\"lazy\" decoding=\"async\" src=\"\/wp-content\/uploads\/2011\/07\/tyler_the_creator-150x150.jpg\" alt=\"\" title=\"tyler_the_creator\" width=\"150\" height=\"150\" class=\"alignleft size-thumbnail wp-image-1136\" srcset=\"\/polifonia\/wp-content\/uploads\/2011\/07\/tyler_the_creator-150x150.jpg 150w, \/polifonia\/wp-content\/uploads\/2011\/07\/tyler_the_creator-300x300.jpg 300w, \/polifonia\/wp-content\/uploads\/2011\/07\/tyler_the_creator.jpg 410w\" sizes=\"(max-width: 150px) 100vw, 150px\" \/><\/a><strong>TYLER, THE CREATOR &#8222;Goblin&#8221;<\/strong><br \/>\nXL 2011<br \/>\n<strong>6\/10<br \/>\nTrzeba pos\u0142ucha\u0107:<\/strong> &#8222;Sandtwiches&#8221;. <a href=\"http:\/\/www.youtube.com\/verify_age?next_url=http%3A\/\/www.youtube.com\/watch%3Fv%3DFwvStS553WE%26feature%3Dplayer_embedded\">Tu<\/a> na YouTube, ale tylko 18+<\/p>\n<p>Tym razem subwoofery do kontroli. Ale, ale&#8230; Zawstydzacie si\u0119 czasem, s\u0142ysz\u0105c pe\u0142ne bluzg\u00f3w teksty polskich raper\u00f3w i ciesz\u0105c si\u0119, \u017ce przy angielskim ju\u017c was to tak nie razi? Po przes\u0142uchaniu &#8222;Goblina&#8221; wyrzucicie to twierdzenie do kosza, podobnie jak ja. S\u0142uchaj\u0105c po raz kolejny o sw\u0119dzeniu fujary (i nie chodzi o instrument d\u0119ty), kt\u00f3ra sw\u0119dzia\u0142a zapewne dlatego, \u017ce &#8222;to itch&#8221; dobrze rymuje si\u0119 z &#8222;bitch&#8221;, zacz\u0105\u0142em nawet w nazwie wytw\u00f3rni firmuj\u0105cej poczynania <strong>Tylera<\/strong> czu\u0107 ukryt\u0105 tre\u015b\u0107.  <\/p>\n<p><a href=\"\/wp-content\/uploads\/2011\/07\/arctic_monkeys_suck_it.jpg\"><img loading=\"lazy\" decoding=\"async\" src=\"\/wp-content\/uploads\/2011\/07\/arctic_monkeys_suck_it-150x150.jpg\" alt=\"\" title=\"arctic_monkeys_suck_it\" width=\"150\" height=\"150\" class=\"alignleft size-thumbnail wp-image-1138\" srcset=\"\/polifonia\/wp-content\/uploads\/2011\/07\/arctic_monkeys_suck_it-150x150.jpg 150w, \/polifonia\/wp-content\/uploads\/2011\/07\/arctic_monkeys_suck_it-300x300.jpg 300w, \/polifonia\/wp-content\/uploads\/2011\/07\/arctic_monkeys_suck_it.jpg 410w\" sizes=\"(max-width: 150px) 100vw, 150px\" \/><\/a><strong>ARCTIC MONKEYS &#8222;Suck It and See&#8221;<\/strong><br \/>\nDomino 2011<br \/>\n<strong>5\/10<br \/>\nTrzeba pos\u0142ucha\u0107:<\/strong> eeee &#8211; poni\u017cej monta\u017c w trzy minuty, czyli najlepsze trzy minuty (cho\u0107 troch\u0119 przyd\u0142ugie). <\/p>\n<p><object height=\"81\" width=\"100%\"><param name=\"movie\" value=\"http:\/\/player.soundcloud.com\/player.swf?url=http%3A%2F%2Fapi.soundcloud.com%2Ftracks%2F16364456\"><\/param><param name=\"allowscriptaccess\" value=\"always\"><\/param><embed allowscriptaccess=\"always\" height=\"81\" src=\"http:\/\/player.soundcloud.com\/player.swf?url=http%3A%2F%2Fapi.soundcloud.com%2Ftracks%2F16364456\" type=\"application\/x-shockwave-flash\" width=\"100%\"><\/embed><\/object>  <span><a href=\"http:\/\/soundcloud.com\/hayjayqatar\/arctic-monkeys-suck-it-and-see\">Arctic Monkeys &#8211; Suck it and see Montage in 3 minutes<\/a> by <a href=\"http:\/\/soundcloud.com\/hayjayqatar\">hayjayqatar<\/a><\/span> <\/p>\n<p>No nie, znooowu???<\/p>\n","protected":false},"excerpt":{"rendered":"<p>PAT METHENY &#8222;What&#8217;s It All About&#8221; Nonesuch 2011 5\/10 Trzeba pos\u0142ucha\u0107: &#8230;ale lepiej potestowa\u0107. Nowy Pat Metheny z \u017celaznymi klasykami i standardami (&#8222;Garota da Ipanema&#8221;, &#8222;The Sound of Silence&#8221;, &#8222;Alfie&#8221; itd.) granymi na gitarze barytonowej to moim zdaniem wymarzona p\u0142yta dla cz\u0142owieka, kt\u00f3ry chcia\u0142by sobie w\u0142a\u015bnie przetestowa\u0107 swoje kupione za ci\u0119\u017ckie pieni\u0105dze audiofilskie g\u0142o\u015bniki. I [&hellip;]<\/p>\n","protected":false},"author":1,"featured_media":0,"comment_status":"open","ping_status":"open","sticky":false,"template":"","format":"standard","meta":{"footnotes":""},"categories":[8,48,582,3,312,120,311,7,435],"tags":[655,653,654,657,656],"_links":{"self":[{"href":"https:\/\/blog.polityka.pl\/polifonia\/wp-json\/wp\/v2\/posts\/1123"}],"collection":[{"href":"https:\/\/blog.polityka.pl\/polifonia\/wp-json\/wp\/v2\/posts"}],"about":[{"href":"https:\/\/blog.polityka.pl\/polifonia\/wp-json\/wp\/v2\/types\/post"}],"author":[{"embeddable":true,"href":"https:\/\/blog.polityka.pl\/polifonia\/wp-json\/wp\/v2\/users\/1"}],"replies":[{"embeddable":true,"href":"https:\/\/blog.polityka.pl\/polifonia\/wp-json\/wp\/v2\/comments?post=1123"}],"version-history":[{"count":13,"href":"https:\/\/blog.polityka.pl\/polifonia\/wp-json\/wp\/v2\/posts\/1123\/revisions"}],"predecessor-version":[{"id":1146,"href":"https:\/\/blog.polityka.pl\/polifonia\/wp-json\/wp\/v2\/posts\/1123\/revisions\/1146"}],"wp:attachment":[{"href":"https:\/\/blog.polityka.pl\/polifonia\/wp-json\/wp\/v2\/media?parent=1123"}],"wp:term":[{"taxonomy":"category","embeddable":true,"href":"https:\/\/blog.polityka.pl\/polifonia\/wp-json\/wp\/v2\/categories?post=1123"},{"taxonomy":"post_tag","embeddable":true,"href":"https:\/\/blog.polityka.pl\/polifonia\/wp-json\/wp\/v2\/tags?post=1123"}],"curies":[{"name":"wp","href":"https:\/\/api.w.org\/{rel}","templated":true}]}}