
{"id":11667,"date":"2016-10-13T15:26:09","date_gmt":"2016-10-13T13:26:09","guid":{"rendered":"http:\/\/polifonia.blog.polityka.pl\/?p=11667"},"modified":"2016-10-13T16:19:31","modified_gmt":"2016-10-13T14:19:31","slug":"bog-dylan","status":"publish","type":"post","link":"https:\/\/blog.polityka.pl\/polifonia\/2016\/10\/13\/bog-dylan\/","title":{"rendered":"B\u00f3g Dylan"},"content":{"rendered":"<p>&#8222;O kim to w\u0142a\u015bciwie ma by\u0107? O \u015bredniej klasy gitarzy\u015bcie? O schematycznym, bezsensownym harmonijkarzu? O wokali\u015bcie, o kt\u00f3rym pisano, \u017ce ma g\u0142os jak stara szkapa? O poecie, kt\u00f3rego wiersze du\u017co trac\u0105 bez muzyki?&#8221; &#8211; wybaczcie mi przedruk, ale to zamierzch\u0142e lata 80., magazyn &#8222;Non Stop&#8221; i tekst Filipa \u0141obodzi\u0144skiego, kt\u00f3ry pami\u0119tam do dzi\u015b. Nie do\u015b\u0107, \u017ce fajny, to jeszcze zawiera\u0142 &#8211; uwaga! &#8211; t\u0142umaczenia tekst\u00f3w aktualnego literackiego noblisty. Bo tak chyba mo\u017cemy teraz m\u00f3wi\u0107 o Bobie Dylanie?<!--more--><\/p>\n<p>Tym razem dalszy ci\u0105g tekstu znalaz\u0142 si\u0119 <a href=\"http:\/\/www.polityka.pl\/tygodnikpolityka\/kultura\/1679292,1,nobel-dla-dylana-oddaje-muzyce-to-co-od-dawna-jej-sie-nalezalo.read\">na stronie Polityka.pl<\/a>, ale c\u00f3\u017c, tylko Bob Dylan potrafi\u0142 by\u0107 kilkoma osobami naraz.<\/p>\n<p><iframe loading=\"lazy\" width=\"560\" height=\"315\" src=\"https:\/\/www.youtube.com\/embed\/MGxjIBEZvx0\" frameborder=\"0\" allowfullscreen><\/iframe><\/p>\n","protected":false},"excerpt":{"rendered":"<p>&#8222;O kim to w\u0142a\u015bciwie ma by\u0107? O \u015bredniej klasy gitarzy\u015bcie? O schematycznym, bezsensownym harmonijkarzu? O wokali\u015bcie, o kt\u00f3rym pisano, \u017ce ma g\u0142os jak stara szkapa? O poecie, kt\u00f3rego wiersze du\u017co trac\u0105 bez muzyki?&#8221; &#8211; wybaczcie mi przedruk, ale to zamierzch\u0142e lata 80., magazyn &#8222;Non Stop&#8221; i tekst Filipa \u0141obodzi\u0144skiego, kt\u00f3ry pami\u0119tam do dzi\u015b. Nie do\u015b\u0107, [&hellip;]<\/p>\n","protected":false},"author":1,"featured_media":11668,"comment_status":"open","ping_status":"closed","sticky":false,"template":"","format":"standard","meta":{"footnotes":""},"categories":[1],"tags":[383],"_links":{"self":[{"href":"https:\/\/blog.polityka.pl\/polifonia\/wp-json\/wp\/v2\/posts\/11667"}],"collection":[{"href":"https:\/\/blog.polityka.pl\/polifonia\/wp-json\/wp\/v2\/posts"}],"about":[{"href":"https:\/\/blog.polityka.pl\/polifonia\/wp-json\/wp\/v2\/types\/post"}],"author":[{"embeddable":true,"href":"https:\/\/blog.polityka.pl\/polifonia\/wp-json\/wp\/v2\/users\/1"}],"replies":[{"embeddable":true,"href":"https:\/\/blog.polityka.pl\/polifonia\/wp-json\/wp\/v2\/comments?post=11667"}],"version-history":[{"count":3,"href":"https:\/\/blog.polityka.pl\/polifonia\/wp-json\/wp\/v2\/posts\/11667\/revisions"}],"predecessor-version":[{"id":11671,"href":"https:\/\/blog.polityka.pl\/polifonia\/wp-json\/wp\/v2\/posts\/11667\/revisions\/11671"}],"wp:featuredmedia":[{"embeddable":true,"href":"https:\/\/blog.polityka.pl\/polifonia\/wp-json\/wp\/v2\/media\/11668"}],"wp:attachment":[{"href":"https:\/\/blog.polityka.pl\/polifonia\/wp-json\/wp\/v2\/media?parent=11667"}],"wp:term":[{"taxonomy":"category","embeddable":true,"href":"https:\/\/blog.polityka.pl\/polifonia\/wp-json\/wp\/v2\/categories?post=11667"},{"taxonomy":"post_tag","embeddable":true,"href":"https:\/\/blog.polityka.pl\/polifonia\/wp-json\/wp\/v2\/tags?post=11667"}],"curies":[{"name":"wp","href":"https:\/\/api.w.org\/{rel}","templated":true}]}}