
{"id":11852,"date":"2016-11-10T15:36:30","date_gmt":"2016-11-10T14:36:30","guid":{"rendered":"http:\/\/polifonia.blog.polityka.pl\/?p=11852"},"modified":"2016-11-16T17:08:55","modified_gmt":"2016-11-16T16:08:55","slug":"walczmy-o-prawo-do-zabawy","status":"publish","type":"post","link":"https:\/\/blog.polityka.pl\/polifonia\/2016\/11\/10\/walczmy-o-prawo-do-zabawy\/","title":{"rendered":"Walczmy o prawo do zabawy"},"content":{"rendered":"<p>Beztroska zabawa. Tego nam najbardziej brakuje przy \u015bwi\u0119cie niepodleg\u0142o\u015bci. B\u0119dziemy mieli uroczyst\u0105 msz\u0119 na otwarcie \u015awi\u0105tyni Opatrzno\u015bci Bo\u017cej, p\u00f3\u017aniej uroczysto\u015bci pa\u0144stwowe, telewizja poka\u017ce dramatyczny dokument o wi\u0119zieniu opozycji za \u015bwi\u0119towanie 11 listopada w czasach PRL. W TVP po <em>Wiadomo\u015bciach<\/em> dzie\u0142o Micha\u0142a Lorenca na 1050-lecie chrztu Polski, poza tym pie\u015bni patriotyczne, filmy o wybuchach powsta\u0144 narodowych, fabu\u0142a o losach zes\u0142a\u0144c\u00f3w, troch\u0119 pogadanek historycznych i piosenek wojskowych. Na ulicach pochody, marsze mi\u0119dzy Pi\u0142sudskim a Dmowskim, no i &#8211; w najlepszym razie (Wroc\u0142aw) &#8211; parady. Gro\u017aba zniszcze\u0144, star\u0107 i du\u017co, du\u017co policji. Wychodzi\u0107 na ulic\u0119 w \u015bwi\u0119to niepodleg\u0142o\u015bci jest w najgorszym razie niebezpiecznie, a w najlepszym &#8211; smutno. Nie przyjmowa\u0142y si\u0119 pomys\u0142y w rodzaju tego ze starej &#8222;Machiny&#8221;, gdy Bogna \u015awi\u0105tkowska &#8211; nasza \u00f3wczesna naczelna &#8211; pr\u00f3bowa\u0142a wylansowa\u0107 akcj\u0119 przyklejania sobie w\u0105s\u00f3w przez ca\u0142y nar\u00f3d. A kiedy Francuzi w latach 90. urz\u0105dzali w ramach swojego \u015bwi\u0119ta narodowego pota\u0144c\u00f3wki na warszawskiej star\u00f3wce, du\u017ca cz\u0119\u015b\u0107 mieszka\u0144c\u00f3w patrzy\u0142a na to zjawisko jak na l\u0105dowanie UFO. W okazywaniu rado\u015bci z wolno\u015bci jeste\u015bmy, moi drodzy, sto lat za Afryk\u0105.<!--more--><\/p>\n<p><iframe loading=\"lazy\" width=\"560\" height=\"315\" src=\"https:\/\/www.youtube.com\/embed\/K_ItBb6GqNI?list=PLJbPNn5a_twPQFfrHrbhCvB9bec9KiE7N\" frameborder=\"0\" allowfullscreen><\/iframe><\/p>\n<p>Tej ostatniej uwagi nie rzuci\u0142em jako argumentu bez pokrycia. Kraje Afryki Zachodniej, uzyskuj\u0105c niepodleg\u0142o\u015b\u0107 w latach 50. i 60. szuka\u0142y nowej muzyki, przy kt\u00f3rej mo\u017cna by si\u0119 by\u0142o bawi\u0107. Inwestowanie w orkiestry sta\u0142o si\u0119 w tym rejonie cz\u0119\u015bci\u0105 powa\u017cnych dzia\u0142a\u0144 nowych rz\u0105d\u00f3w. W\u0142adze Trynidadu i Tobago po wywalczeniu niepodleg\u0142o\u015bci w roku 1962 zorganizowa\u0142y konkurs na najlepsze niepodleg\u0142o\u015bciowe calypso, kt\u00f3rego zwyci\u0119zcy, Lorda Brynera i jego <em>Independence Calypso<\/em>, pos\u0142ucha\u0107 mo\u017cna powy\u017cej. Gdyby Jamajka nie uzyska\u0142a niepodleg\u0142o\u015bci w roku 1962, rozbujane i oparte na sekcji d\u0119tej ska nie sta\u0142oby si\u0119 oficjaln\u0105 muzyk\u0105 pomagaj\u0105c\u0105 \u015bwi\u0119towa\u0107 ten fakt i budowa\u0107 wsp\u00f3lnot\u0119. A potem nie przekszta\u0142ci\u0142oby si\u0119 w reggae i nie wytworzy\u0142o kultury ulicznych soundsystem\u00f3w, kt\u00f3ra wp\u0142yn\u0119\u0142a na ca\u0142\u0105 dzisiejsz\u0105 muzyk\u0119 rozrywkow\u0105, z hip-hopem na czele. Takie s\u0105 fakty.<\/p>\n<p>Fakty s\u0105 r\u00f3wnie\u017c takie, \u017ce 14 lipca w ka\u017cdym wi\u0119kszym francuskim mie\u015bcie witany jest zabaw\u0105. Co\u015b, co u nas spotyka si\u0119 czasem przy okazji \u015bwi\u0105t miast, tam jest powszechnym ludowym zwyczajem, uwznio\u015blonym dzi\u0119ki temu, \u017ce spoiwem s\u0105 nie lokalne wi\u0119zi, tylko Pi\u0105ta Republika. \u015awi\u0105teczny schemat na francuskiej prowincji to rodzinny piknik, wsp\u00f3lna kolacja przy d\u0142ugich sto\u0142ach, wreszcie wyst\u0119p jakiej\u015b rodzimej gwiazdy pop lub <em>chanson<\/em> &#8211; byle si\u0119 da\u0142o przy tym pota\u0144czy\u0107 &#8211; i sztuczne ognie. Kiedy w lipcu tego roku zamachowiec wjecha\u0142 w t\u0142um w Nicei, by\u0142em akurat we Francji, na lokalnym \u015bwi\u0119cie w regionie Poitou-Charentes, nota bene nie\u017ale pilnowanym przez \u017candarmeri\u0119. I pierwsze komentarze, jakie wywo\u0142a\u0142o to zdarzenie, nie brzmia\u0142y wcale &#8222;Mamy problem z uchod\u017acami&#8221;, tylko &#8222;Nie damy sobie odebra\u0107 \u015bwi\u0119ta&#8221;. 14 lipca 207 roku Francja b\u0119dzie si\u0119 dalej zbiera\u0107 na pota\u0144c\u00f3wkach, bo takie jest DNA ich narodowego dnia.       <\/p>\n<p><iframe loading=\"lazy\" width=\"560\" height=\"315\" src=\"https:\/\/www.youtube.com\/embed\/tp2F8C6vD7o\" frameborder=\"0\" allowfullscreen><\/iframe><\/p>\n<p>Oczywi\u015bcie, mamy sporo piosenek po\u015bwi\u0119conych zabawie. Zwykle jednak maj\u0105 charakter sentymentalny (<em>Gdzie si\u0119 podzia\u0142y tamte prywatki<\/em>), a je\u015bli ju\u017c opowiadaj\u0105 o potrzebie imprezowania (<em>Zr\u00f3bmy wi\u0119c prywatk\u0119, jakiej nie prze\u017cy\u0142 nikt<\/em>), to musi by\u0107 w tym sugestia jakiego\u015b zaburzenia &#8211; wykonawcy tej ostatniej wyst\u0119powali w ko\u0144cu pod nazw\u0105 Oddzia\u0142 Zamkni\u0119ty. Jest te\u017c sporo &#8211; potencjalnie imprezowych &#8211; song\u00f3w o Polsce. Ten hiphopowy, autorstwa O.S.T.R.-a, jest jednak do\u015b\u0107 smutny (<em>Bior\u0119, co los da, \u017cycie made in Polska<\/em>), wcale nie weselsze by\u0142o <em>Nie pytaj o Polsk\u0119 <\/em>Ciechowskiego (<em>To nie kochanka, ale sypiam z ni\u0105, cho\u0107 \u015bmiej\u0105 ze mnie si\u0119 i drwi\u0105<\/em>). W tym ostatnim mamy ma\u0142o atrakcyjn\u0105 wizj\u0119 balu, takiego troch\u0119 pod przymusem (jak &#8211; nie przymierzaj\u0105c &#8211; w ponurym <em>Niech \u017cyje bal<\/em> Rodowicz do s\u0142\u00f3w Osieckiej): <em>To nie karnawa\u0142, ale ta\u0144czy\u0107 chc\u0119 i b\u0119d\u0119 ta\u0144czy\u0107 z ni\u0105 po dzie\u0144 \/ To nie zabawa, ale bawi\u0119 si\u0119: bezsenne noce, senne dnie<\/em> &#8211; \u015bpiewa Obywatel GC zbola\u0142ym g\u0142osem. O nast\u0119pstwach tej zabawy w Polsce \u015bpiewa\u0142 Kult (<em>Po sobotnich balach chodniki zarzygane<\/em>). U T. Love (<em>Ojczyzn\u0119 kocha\u0107 trzeba i szanowa\u0107 \/ Nie depta\u0107 trawy i nie plu\u0107 na god\u0142o<\/em>) w piosence, kt\u00f3r\u0105 teraz linkuj\u0105 sobie internauci w ge\u015bcie patriotyzmu, tkwi wyra\u017ana ironia, tekst odnosi si\u0119 zreszt\u0105 do specyficznego patriotycznego wychowania w czasach PRL, a sam utw\u00f3r <em>To wychowanie<\/em> nagrany zosta\u0142 w roku 1988. Sp\u0142aszczenie tego do pota\u0144c\u00f3wkowego songu mog\u0142oby by\u0107 ciekawe, ale \u0142atwe nie jest. Poza tym muzycznie zwyczajnie smutne s\u0105 te piosenki o Polsce. Z pomini\u0119ciem mo\u017ce Bayer Full (<em>Wszyscy Polacy to jedna rodzina<\/em>), bo to disco-polo, niestety nurt syntetyczny brzmieniowo i kaleki muzycznie, by\u0142o jedyn\u0105 form\u0105 rodzimej muzyki niepodleg\u0142o\u015bci.<\/p>\n<p><a href=\"\/wp-content\/uploads\/2016\/11\/IMG_20161009_170740_edit.jpg\" rel=\"attachment wp-att-11858\"><img loading=\"lazy\" decoding=\"async\" src=\"\/wp-content\/uploads\/2016\/11\/IMG_20161009_170740_edit-1024x477.jpg\" alt=\"IMG_20161009_170740_edit\" width=\"620\" height=\"289\" class=\"aligncenter size-large wp-image-11858\" srcset=\"\/polifonia\/wp-content\/uploads\/2016\/11\/IMG_20161009_170740_edit-1024x477.jpg 1024w, \/polifonia\/wp-content\/uploads\/2016\/11\/IMG_20161009_170740_edit-300x140.jpg 300w, \/polifonia\/wp-content\/uploads\/2016\/11\/IMG_20161009_170740_edit-768x357.jpg 768w\" sizes=\"(max-width: 620px) 100vw, 620px\" \/><\/a><\/p>\n<p>Na niedawnym Kongresie Kultury w\u015br\u00f3d wielu zacnych postulat\u00f3w i rekomendacji pojawi\u0142o si\u0119 zupe\u0142nie powa\u017cnie has\u0142o &#8222;r\u00f3wnego dost\u0119pu do zabawy&#8221;. Dyskutanci ustalili, \u017ce <em>wobec proponowanej kultury sadystycznej afirmacji smutku<\/em> dobrze by\u0142oby w\u0142\u0105czy\u0107 prawa do zabawy i u\u015bmiechu do podstawowych praw obywatelskich (por. zdj\u0119cie slajdu powy\u017cej &#8211; update: autork\u0105 tej kongresowej propozycji jest Zuzanna Janin). Co\u015b w tym jest. Nie chc\u0119 przy \u015bwi\u0119cie wchodzi\u0107 w afirmacj\u0119 smutku &#8211; cho\u0107 ekshumacja g\u0142owy pa\u0144stwa prawie nam wchodzi w \u015bwi\u0119to &#8211; ale je\u015bli si\u0119 nie nauczymy bawi\u0107 przy tym \u015bwi\u0119cie, b\u0119dzie ono dla nas utrapieniem, ci\u0119\u017carem i mozo\u0142em. Powinienem teraz poprosi\u0107 z tego miejsca ministra kultury, \u017ceby jak\u0105\u015b sum\u0119 pieni\u0119dzy przeznaczy\u0142 na piosenki, kt\u00f3re nas zaprosz\u0105 do zabawy, zainwestowa\u0142 w kreacj\u0119 nowych zjawisk zwi\u0105zanych z radosnymi formami celebry. Ale chyba nie ma sensu &#8211; wystarczy mi, \u017ceby si\u0119 minister sam od \u015bwi\u0119ta u\u015bmiechn\u0105\u0142. Z reszt\u0105 to my ju\u017c sobie poradzimy na w\u0142asn\u0105 r\u0119k\u0119 &#8211; na razie ostro\u017cnie, troch\u0119 jak w stanie wojennym, ka\u017cdy w swoim domu. A mo\u017ce kiedy\u015b bawi\u0105cych si\u0119 b\u0119dzie tylu, \u017ce postanowi\u0105 si\u0119 ujawni\u0107 i z tego swojego prywatnego podziemia wyj\u015b\u0107 na ulic\u0119.  <\/p>\n<p>Nie ma takiej p\u0142yty, kt\u00f3r\u0105 m\u00f3g\u0142bym do\u0142\u0105czy\u0107 do dzisiejszego wpisu, ale bawcie si\u0119 dobrze przy tym, co macie w domu. W ko\u0144cu w przeciwie\u0144stwie do 1 sierpnia, 1 wrze\u015bnia czy 13 grudnia mamy do czynienia z bardzo radosn\u0105 rocznic\u0105 i jednoznacznie pozytywnym \u015bwi\u0119tem. Protestujcie, walczcie &#8211; owszem, ale w pierwszej kolejno\u015bci o prawo do zabawy. <\/p>\n<p><iframe loading=\"lazy\" width=\"560\" height=\"315\" src=\"https:\/\/www.youtube.com\/embed\/eBShN8qT4lk\" frameborder=\"0\" allowfullscreen><\/iframe><\/p>\n","protected":false},"excerpt":{"rendered":"<p>Beztroska zabawa. Tego nam najbardziej brakuje przy \u015bwi\u0119cie niepodleg\u0142o\u015bci. B\u0119dziemy mieli uroczyst\u0105 msz\u0119 na otwarcie \u015awi\u0105tyni Opatrzno\u015bci Bo\u017cej, p\u00f3\u017aniej uroczysto\u015bci pa\u0144stwowe, telewizja poka\u017ce dramatyczny dokument o wi\u0119zieniu opozycji za \u015bwi\u0119towanie 11 listopada w czasach PRL. W TVP po Wiadomo\u015bciach dzie\u0142o Micha\u0142a Lorenca na 1050-lecie chrztu Polski, poza tym pie\u015bni patriotyczne, filmy o wybuchach powsta\u0144 narodowych, [&hellip;]<\/p>\n","protected":false},"author":1,"featured_media":11859,"comment_status":"open","ping_status":"closed","sticky":false,"template":"","format":"standard","meta":{"footnotes":""},"categories":[1],"tags":[2600,2599,2601],"_links":{"self":[{"href":"https:\/\/blog.polityka.pl\/polifonia\/wp-json\/wp\/v2\/posts\/11852"}],"collection":[{"href":"https:\/\/blog.polityka.pl\/polifonia\/wp-json\/wp\/v2\/posts"}],"about":[{"href":"https:\/\/blog.polityka.pl\/polifonia\/wp-json\/wp\/v2\/types\/post"}],"author":[{"embeddable":true,"href":"https:\/\/blog.polityka.pl\/polifonia\/wp-json\/wp\/v2\/users\/1"}],"replies":[{"embeddable":true,"href":"https:\/\/blog.polityka.pl\/polifonia\/wp-json\/wp\/v2\/comments?post=11852"}],"version-history":[{"count":17,"href":"https:\/\/blog.polityka.pl\/polifonia\/wp-json\/wp\/v2\/posts\/11852\/revisions"}],"predecessor-version":[{"id":11899,"href":"https:\/\/blog.polityka.pl\/polifonia\/wp-json\/wp\/v2\/posts\/11852\/revisions\/11899"}],"wp:featuredmedia":[{"embeddable":true,"href":"https:\/\/blog.polityka.pl\/polifonia\/wp-json\/wp\/v2\/media\/11859"}],"wp:attachment":[{"href":"https:\/\/blog.polityka.pl\/polifonia\/wp-json\/wp\/v2\/media?parent=11852"}],"wp:term":[{"taxonomy":"category","embeddable":true,"href":"https:\/\/blog.polityka.pl\/polifonia\/wp-json\/wp\/v2\/categories?post=11852"},{"taxonomy":"post_tag","embeddable":true,"href":"https:\/\/blog.polityka.pl\/polifonia\/wp-json\/wp\/v2\/tags?post=11852"}],"curies":[{"name":"wp","href":"https:\/\/api.w.org\/{rel}","templated":true}]}}