
{"id":140,"date":"2010-07-26T17:59:14","date_gmt":"2010-07-26T15:59:14","guid":{"rendered":"http:\/\/polifonia.blog.polityka.pl\/?p=140"},"modified":"2010-07-26T18:01:38","modified_gmt":"2010-07-26T16:01:38","slug":"pocztowka-z-kraju-wolnosci","status":"publish","type":"post","link":"https:\/\/blog.polityka.pl\/polifonia\/2010\/07\/26\/pocztowka-z-kraju-wolnosci\/","title":{"rendered":"Poczt\u00f3wka z kraju wolno\u015bci"},"content":{"rendered":"<p>Mija\u0142em Duisburg jaki\u015b czas temu, jad\u0105c tamtejsz\u0105 pi\u0119kn\u0105 autostrad\u0105, kt\u00f3ra jak chyba nic innego pokazuje wsp\u00f3\u0142czesne Niemcy jako kraj wolno\u015bci. Pi\u0119kny znak z rekomendowan\u0105 &#8211; tylko! &#8211; pr\u0119dko\u015bci\u0105 130 km\/h i trzy pasy w obie strony. S\u0142o\u0144ce, wiatr we w\u0142osach posiadaczy motocykli i kabriolet\u00f3w. Potem ci\u0119cie. Granica francuska &#8211; i nagle kraina wolno\u015bci zmienia si\u0119 w pa\u0144stwo opieku\u0144cze. Ograniczenie do 130, miejscami do 110 &#8211; ze wzgl\u0119du na potencjalne, cho\u0107 niewidoczne, zagro\u017cenia. Nad autostrad\u0105 wielkie napisy &#8222;Upa\u0142y. Pijcie wod\u0119&#8221;. Na bramkach rozdaj\u0105 butelki z wod\u0105. Przy wje\u017adzie do miasta: &#8222;Zanieczyszczenie powietrza. Korzystajcie z komunikacji miejskiej&#8221;. Nad restauracj\u0105: &#8222;Bufet &#8211; jedz ile chcesz za 9,50 euro&#8221;, a pod nim drobniejszym drukiem: &#8222;Minister zdrowia zaleca nieobjadanie si\u0119 oraz spo\u017cywanie pi\u0119ciu porcji warzyw i dw\u00f3ch porcji owoc\u00f3w dziennie&#8221;. Wsz\u0119dzie m\u00f3wi\u0105, co macie robi\u0107 i jest to troch\u0119 frustruj\u0105ce.<\/br><\/p>\n<p>A potem wracam do Polski i s\u0142ysz\u0119 o tym, co si\u0119 sta\u0142o w Duisburgu. I nawet <a href=\"http:\/\/www.polityka.pl\/swiat\/komentarze\/1507580,1,po-tragedii-w-duisburgu.read\">zabieram g\u0142os<\/a> w sprawie, kt\u00f3ra jest smutna, ale zarazem denerwuje mnie pochopne o\u015bwiadczenie organizator\u00f3w Love Parade, \u017ce imprezy wi\u0119cej nie b\u0119dzie. Bo to z\u0142y koniec dla niemieckiego snu o wolno\u015bci. I zamykanie parady w klatce stacji kolejowej nie by\u0142o dobr\u0105 ilustracj\u0105 tej wolno\u015bci.<\/br><\/p>\n<p>No ale chcia\u0142em o czym\u015b innym. O p\u0142ytach, kt\u00f3re zabra\u0142em ze sob\u0105 w podr\u00f3\u017c &#8211; o tym, \u017ce <a href=\"http:\/\/polifonia.blog.polityka.pl\/?p=132\">The Gaslight Anthem<\/a> ponios\u0142o w podr\u00f3\u017cy kl\u0119sk\u0119 ostateczn\u0105 &#8211; no bo je\u015bli nie samoch\u00f3d na autostradzie, to co? Za to pogodzi\u0142em si\u0119 z nowym <strong>Foals<\/strong>, nawet doceni\u0142em wreszcie wiele element\u00f3w tej p\u0142yty. Sam\u0105 grup\u0105 zafascynowa\u0142em si\u0119 na \u017cywo <a href=\"http:\/\/chacinski.wordpress.com\/2008\/08\/18\/pukkelpop-1508\/\">dwa lata temu<\/a>. Potem <a href=\"http:\/\/chacinski.wordpress.com\/2009\/01\/03\/e-f-i-g-czyli-od-earth-przez-fuck-buttons-do-grouper-rekolekcje-cz-3\/\">chwali\u0142em ich<\/a> za fajne, artystowskie postpunkowe granie. Z albumem &#8222;Total Life Forever&#8221;, kt\u00f3ry ukaza\u0142 si\u0119 w maju, mia\u0142em problem &#8211; bo pokazuje zesp\u00f3\u0142 z Oksfordu od zupe\u0142nie innej strony. Bardziej popowej po brytyjsku, bardziej wyszlifowanej, melodyjnej, mniej dynamicznej, mniej wyrazistej. Ale jednocze\u015bnie s\u0142ucha\u0142em tych piosenek tygodniami, powoli doceniaj\u0105c kompozycje &#8211; od &#8222;Spanish Sahara&#8221; poczynaj\u0105c, ko\u0144cz\u0105c w\u0142a\u015bnie w czasie wakacyjnych woja\u017cy na niedocenianym wcze\u015bniej &#8222;Blue Blood&#8221;, z charakterystycznym dla tej p\u0142yty podjazdem wokalnym w stron\u0119 Fleet Foxes (potem na &#8222;Miami&#8221; zesp\u00f3\u0142 zapuszcza si\u0119 w stron\u0119 The Cure i wczesnego solowego Gabriela!), cho\u0107 upiorne s\u0105 raczej pojawiaj\u0105ce si\u0119 gdzie indziej analogie, ju\u017c znacznie bardziej banalne, do Bloc Party. Ju\u017c wiem, co sprawia, \u017ce wol\u0119 poprzedni\u0105 p\u0142yt\u0119 od tej nowej &#8211; s\u0142uchaj\u0105c pierwszej p\u0142yty mia\u0142em wra\u017cenie, \u017ce s\u0142ysz\u0119 zesp\u00f3\u0142 o prawie dopracowany stylu, a tu s\u0142ysz\u0119 b\u0142\u0105dz\u0105c\u0105 m\u0142odzie\u017c. Ale jednocze\u015bnie pogodzi\u0142em si\u0119 z tym &#8211; tak samo jak z tym, \u017ce kiedy wje\u017cd\u017cam do Polski, nie widz\u0119 ani kraju wolno\u015bci, ani pa\u0144stwa opieku\u0144czego. Widz\u0119 tylko krzy\u017ce przy drogach, powszechnie ignorowane ostrze\u017cenia przed fotoradarami, czarne punkty i widmo drogowego cmentarzyska. Widz\u0119 niebezpieczny kraj. <\/br><\/p>\n<p>Aha, je\u015bli chcecie kupi\u0107 sobie naprawd\u0119 dobr\u0105 p\u0142yt\u0119, to koniecznie zainteresujcie si\u0119 now\u0105 Laurie Anderson. Mo\u017ce to efekt mojego wakacyjnego postu (s\u0142ucha\u0142em znacznie mniej muzyki ni\u017c zwykle), ale ta pierwsza wyj\u0119ta z koperty po powrocie nowo\u015b\u0107 to rzecz po prostu kapitalna. Wi\u0119cej o tym wkr\u00f3tce, na razie pisz\u0119 recenzje na papierowe strony &#8222;Polityki&#8221;. <\/br><\/p>\n<p><a href='\/wp-content\/uploads\/2010\/07\/foals_total_life_forever.jpg'><img loading=\"lazy\" decoding=\"async\" src=\"\/wp-content\/uploads\/2010\/07\/foals_total_life_forever-150x150.jpg\" alt=\"\" title=\"foals_total_life_forever\" width=\"150\" height=\"150\" class=\"alignleft size-thumbnail wp-image-141\" srcset=\"\/polifonia\/wp-content\/uploads\/2010\/07\/foals_total_life_forever-150x150.jpg 150w, \/polifonia\/wp-content\/uploads\/2010\/07\/foals_total_life_forever-300x300.jpg 300w, \/polifonia\/wp-content\/uploads\/2010\/07\/foals_total_life_forever.jpg 500w\" sizes=\"(max-width: 150px) 100vw, 150px\" \/><\/a><strong>FOALS &#8222;Total Life Forever&#8221;<\/strong><br \/>\nTransgressive 2010<br \/>\n<strong>6\/10<br \/>\nTrzeba pos\u0142ucha\u0107:<\/strong> &#8222;Spanish Sahara&#8221;<\/p>\n<p><object width=\"450\" height=\"280\"><param name=\"movie\" value=\"http:\/\/www.youtube.com\/v\/eYoINidnLRQ&amp;hl=pl_PL&amp;fs=1\"><\/param><param name=\"allowFullScreen\" value=\"true\"><\/param><param name=\"allowscriptaccess\" value=\"always\"><\/param><embed src=\"http:\/\/www.youtube.com\/v\/eYoINidnLRQ&amp;hl=pl_PL&amp;fs=1\" type=\"application\/x-shockwave-flash\" allowscriptaccess=\"always\" allowfullscreen=\"true\" width=\"450\" height=\"280\"><\/embed><\/object><\/p>\n","protected":false},"excerpt":{"rendered":"<p>Mija\u0142em Duisburg jaki\u015b czas temu, jad\u0105c tamtejsz\u0105 pi\u0119kn\u0105 autostrad\u0105, kt\u00f3ra jak chyba nic innego pokazuje wsp\u00f3\u0142czesne Niemcy jako kraj wolno\u015bci. Pi\u0119kny znak z rekomendowan\u0105 &#8211; tylko! &#8211; pr\u0119dko\u015bci\u0105 130 km\/h i trzy pasy w obie strony. S\u0142o\u0144ce, wiatr we w\u0142osach posiadaczy motocykli i kabriolet\u00f3w. Potem ci\u0119cie. Granica francuska &#8211; i nagle kraina wolno\u015bci zmienia si\u0119 [&hellip;]<\/p>\n","protected":false},"author":1,"featured_media":0,"comment_status":"open","ping_status":"open","sticky":false,"template":"","format":"standard","meta":{"footnotes":""},"categories":[48,120,7,9,106],"tags":[156,157,158],"_links":{"self":[{"href":"https:\/\/blog.polityka.pl\/polifonia\/wp-json\/wp\/v2\/posts\/140"}],"collection":[{"href":"https:\/\/blog.polityka.pl\/polifonia\/wp-json\/wp\/v2\/posts"}],"about":[{"href":"https:\/\/blog.polityka.pl\/polifonia\/wp-json\/wp\/v2\/types\/post"}],"author":[{"embeddable":true,"href":"https:\/\/blog.polityka.pl\/polifonia\/wp-json\/wp\/v2\/users\/1"}],"replies":[{"embeddable":true,"href":"https:\/\/blog.polityka.pl\/polifonia\/wp-json\/wp\/v2\/comments?post=140"}],"version-history":[{"count":0,"href":"https:\/\/blog.polityka.pl\/polifonia\/wp-json\/wp\/v2\/posts\/140\/revisions"}],"wp:attachment":[{"href":"https:\/\/blog.polityka.pl\/polifonia\/wp-json\/wp\/v2\/media?parent=140"}],"wp:term":[{"taxonomy":"category","embeddable":true,"href":"https:\/\/blog.polityka.pl\/polifonia\/wp-json\/wp\/v2\/categories?post=140"},{"taxonomy":"post_tag","embeddable":true,"href":"https:\/\/blog.polityka.pl\/polifonia\/wp-json\/wp\/v2\/tags?post=140"}],"curies":[{"name":"wp","href":"https:\/\/api.w.org\/{rel}","templated":true}]}}