
{"id":17040,"date":"2018-03-26T19:44:03","date_gmt":"2018-03-26T17:44:03","guid":{"rendered":"http:\/\/polifonia.blog.polityka.pl\/?p=17040"},"modified":"2018-03-26T19:42:31","modified_gmt":"2018-03-26T17:42:31","slug":"najbardziej-aktualne-zjawiska-z-przeszlosci","status":"publish","type":"post","link":"https:\/\/blog.polityka.pl\/polifonia\/2018\/03\/26\/najbardziej-aktualne-zjawiska-z-przeszlosci\/","title":{"rendered":"Najbardziej aktualne zjawiska z przesz\u0142o\u015bci"},"content":{"rendered":"<p>Off Festival og\u0142asza nowe nazwy i nazwiska &#8211; po raz kolejny. I tym razem s\u0105 to w du\u017cej mierze zjawiska z pot\u0119\u017cn\u0105 histori\u0105. We\u017amy <strong>Le Myst\u00e8re des Voix Bulgares<\/strong> &#8211; to w\u0142a\u015bciwie Kobiecy Ch\u00f3r Telewizji Bu\u0142garskiej, kt\u00f3ry doczeka\u0142 si\u0119 innej etykietki, gdy odkryty zosta\u0142 i przedstawiony zachodniemu \u015bwiatu przez francuskiego muzykologa Michela Cellier. A po wydaniu drugiej p\u0142yty z serii, pod koniec lat 80., nagle trafi\u0142 na listy bestseller\u00f3w i wokalna muzyka z Ba\u0142kan\u00f3w znalaz\u0142a si\u0119 w centrum zainteresowania ca\u0142ego \u015bwiata. To jeden z tych trudnych do wyt\u0142umaczenia fenomen\u00f3w rynku p\u0142ytowego. Jak G\u00f3recki na szczycie list przeboj\u00f3w albo zapomniana muzyka z Kuby nagle uwielbiana przez miliony po publikacji <em>Buena Vista Social Club<\/em>. Ale serie fenomen\u00f3w zwykle maj\u0105 jednak logiczne wyt\u0142umaczenie&#8230;<!--more--><\/p>\n<p><iframe loading=\"lazy\" width=\"560\" height=\"315\" src=\"https:\/\/www.youtube.com\/embed\/tWweCKxWJJM\" frameborder=\"0\" allow=\"autoplay; encrypted-media\" allowfullscreen><\/iframe><\/p>\n<p>W tym wypadku poza Cellierem (o kt\u00f3rym traktuje nakr\u0119cony nied\u0142ugo przed \u015bmierci\u0105 muzykologa, pokazywany i w Polsce dokument <em>Balkan Melodie<\/em>) by\u0142 jeszcze Robert Hurwitz, kt\u00f3ry jako szef Nonesucha wyda\u0142 album <em>Le Myst\u00e8re des Voix Bulgares<\/em> w Ameryce, p\u00f3\u017aniej doprowadzi\u0142 do wydania i wypromowa\u0142 p\u0142ytow\u0105 edycj\u0119 III Symfonii G\u00f3reckiego, a kilka lat p\u00f3\u017aniej nag\u0142a\u015bnia\u0142 nagrane w kooperacji z World Circuit <em>Buena Vista Social Club<\/em>. A po drodze mia\u0142 jeszcze na koncie kilka innych fenomen\u00f3w. W ubieg\u0142ym roku odda\u0142 obowi\u0105zki m\u0142odszym, ale wspomina\u0107 jego 32-letnie rz\u0105dy b\u0119dziemy d\u0142ugo. Owszem, dla \u015bwiata niezale\u017cnych wa\u017cniejsz\u0105 decyzj\u0105 by\u0142o wydanie <em>Le Myst\u00e8re&#8230;<\/em> rok wcze\u015bniej przez brytyjsk\u0105 4AD, ale kto wie, czy bez wsparcia wi\u0119ksz\u0105 tub\u0105 marketingow\u0105 bu\u0142garski zesp\u00f3\u0142 przetrwa\u0142by do dzi\u015b i m\u00f3g\u0142by dzi\u015b przyjecha\u0107 na polski festiwal? <\/p>\n<p>Nie by\u0142oby te\u017c bez \u015bwiatowych sukces\u00f3w formacji <strong>Skalpel Big Band<\/strong>, czyli Skalpela w zupe\u0142nie nowym wydaniu. Kontrabasista Patryk Pi\u0142asiewicz, kt\u00f3ry jest pomys\u0142odawc\u0105 tego wcielenia grupy, us\u0142ysza\u0142 po raz pierwszy grup\u0119 Skalpel we W\u0142oszech. To jedna z najciekawszych premier festiwalowych, kt\u00f3ra przychodzi w ciekawych dla Skalpela &#8211; i obu jego cz\u0142onk\u00f3w kontynuuj\u0105cych solowe kariery &#8211; czasach. Wschodnia Europa przegl\u0105da si\u0119 w jeszcze jednej og\u0142oszonej dzi\u015b gwie\u017adzie imprezy  &#8211; to pochodz\u0105ca z rosyjskiej rodziny, ale urodzona w USA Nika Roza Danilova, czyli <strong>Zola Jesus<\/strong>, autorka m.in. opisywanej tu w ubieg\u0142ym roku p\u0142yty <em>Okovi<\/em>. Dobry moment na og\u0142oszenie tego faktu &#8211; za kilka dni ukazuje si\u0119 wydawnictwo <em>Okovi: Additions<\/em>. Nie najgorszy te\u017c moment na og\u0142aszanie wyst\u0119pu bu\u0142garskiego ch\u00f3ru &#8211; pod koniec maja wsp\u00f3lne wydawnictwo Le Myst\u00e8re des Voix Bulgares i Lisy Gerrard.<\/p>\n<p>Ponadto og\u0142oszono dzi\u015b wyst\u0119py na Off Festivalu niemieckiego producenta <strong>Davida Augusta<\/strong>, formacji <strong>Chastity Belt<\/strong> oraz polskiej grupy <strong>Sonbird<\/strong>. PO informacje o ca\u0142ej reszcie line-upu imprezy oraz biletach jak zwykle odsy\u0142am na <a href=\"http:\/\/off-festival.pl\/pl\">stron\u0119 internetow\u0105 imprezy<\/a>.<\/p>\n","protected":false},"excerpt":{"rendered":"<p>Off Festival og\u0142asza nowe nazwy i nazwiska &#8211; po raz kolejny. I tym razem s\u0105 to w du\u017cej mierze zjawiska z pot\u0119\u017cn\u0105 histori\u0105. We\u017amy Le Myst\u00e8re des Voix Bulgares &#8211; to w\u0142a\u015bciwie Kobiecy Ch\u00f3r Telewizji Bu\u0142garskiej, kt\u00f3ry doczeka\u0142 si\u0119 innej etykietki, gdy odkryty zosta\u0142 i przedstawiony zachodniemu \u015bwiatu przez francuskiego muzykologa Michela Cellier. A po [&hellip;]<\/p>\n","protected":false},"author":1,"featured_media":17041,"comment_status":"open","ping_status":"closed","sticky":false,"template":"","format":"standard","meta":{"footnotes":""},"categories":[3,13,3219,4],"tags":[3364,175,3365,2976],"_links":{"self":[{"href":"https:\/\/blog.polityka.pl\/polifonia\/wp-json\/wp\/v2\/posts\/17040"}],"collection":[{"href":"https:\/\/blog.polityka.pl\/polifonia\/wp-json\/wp\/v2\/posts"}],"about":[{"href":"https:\/\/blog.polityka.pl\/polifonia\/wp-json\/wp\/v2\/types\/post"}],"author":[{"embeddable":true,"href":"https:\/\/blog.polityka.pl\/polifonia\/wp-json\/wp\/v2\/users\/1"}],"replies":[{"embeddable":true,"href":"https:\/\/blog.polityka.pl\/polifonia\/wp-json\/wp\/v2\/comments?post=17040"}],"version-history":[{"count":4,"href":"https:\/\/blog.polityka.pl\/polifonia\/wp-json\/wp\/v2\/posts\/17040\/revisions"}],"predecessor-version":[{"id":17055,"href":"https:\/\/blog.polityka.pl\/polifonia\/wp-json\/wp\/v2\/posts\/17040\/revisions\/17055"}],"wp:featuredmedia":[{"embeddable":true,"href":"https:\/\/blog.polityka.pl\/polifonia\/wp-json\/wp\/v2\/media\/17041"}],"wp:attachment":[{"href":"https:\/\/blog.polityka.pl\/polifonia\/wp-json\/wp\/v2\/media?parent=17040"}],"wp:term":[{"taxonomy":"category","embeddable":true,"href":"https:\/\/blog.polityka.pl\/polifonia\/wp-json\/wp\/v2\/categories?post=17040"},{"taxonomy":"post_tag","embeddable":true,"href":"https:\/\/blog.polityka.pl\/polifonia\/wp-json\/wp\/v2\/tags?post=17040"}],"curies":[{"name":"wp","href":"https:\/\/api.w.org\/{rel}","templated":true}]}}