
{"id":19530,"date":"2018-10-10T10:46:50","date_gmt":"2018-10-10T08:46:50","guid":{"rendered":"http:\/\/polifonia.blog.polityka.pl\/?p=19530"},"modified":"2018-10-10T23:10:57","modified_gmt":"2018-10-10T21:10:57","slug":"artysto-drogi","status":"publish","type":"post","link":"https:\/\/blog.polityka.pl\/polifonia\/2018\/10\/10\/artysto-drogi\/","title":{"rendered":"Artysto drogi!"},"content":{"rendered":"<p>By\u0142 ju\u017c taki tekst. Wiem, \u017ce pewnie \u015bmieszniejszy i z pierwszej r\u0119ki, bo to \u0141ona pisa\u0142. Oryginalne <em>Artysto drogi<\/em> zawiera\u0142o gar\u015b\u0107 porad dla artyst\u00f3w-muzyk\u00f3w (jak <em>Wi\u0119c, primo trzeba mie\u0107 zamys\u0142 \/ \u017beby utrzyma\u0107 s\u0142uchaczy wydaj\u0105c si\u00f3dmy album o tym samym<\/em>), zatem i ja chc\u0119 par\u0119 porad podrzuci\u0107 &#8211; artystom i wydawcom, bo mam wra\u017cenie, \u017ce cz\u0119\u015bci z nich przyda\u0142oby si\u0119 kilka s\u0142\u00f3w od autora bloga w tak kluczowym dla rynku p\u0142ytowego miesi\u0105cu, jakim jest pa\u017adziernik.<!--more--><\/p>\n<p>Drogi artysto, chcesz b\u0142ysn\u0105\u0107 p\u0142yt\u0105?<br \/>\nNikt dzi\u015b nie s\u0142ucha, nawet gdy ju\u017c znajdzie<br \/>\nLecz je\u015bli wydasz j\u0105 w pa\u017adzierniku,<br \/>\nNikt nie przes\u0142ucha tym bardziej<\/p>\n<p>P\u0142yta mo\u017ce przepa\u015b\u0107,<br \/>\nCho\u0107by\u015b i by\u0142 niewinny,<br \/>\nBo w tym samym czasie<br \/>\nWydaj\u0105 wszyscy inni<\/p>\n<p>G\u00f3rczy\u0144ski, Zemler,<br \/>\nDos\u0142ownie: tutti<br \/>\nMirt, Hanaj, Piernik,<br \/>\nNawet Mazutti<\/p>\n<p>Ca\u0142a awangarda i alternatywa<br \/>\nJesieni\u0105 wypuszcza, co latem nagrywa,<br \/>\nWydaje si\u0119 impro, rapy i ambienty,<br \/>\nTo miesi\u0105c zapchany, a nawet przekl\u0119ty<\/p>\n<p>Chcia\u0142by\u015b wygra\u0107 OLiS? Wyprzedzi ci\u0119 Bovska<br \/>\nRozjedzie Podsiad\u0142o, poprawi Nosowska<br \/>\nLudziki t\u0142um zrobi\u0105, Anny Marie Jopki,<br \/>\nZag\u0142uszy Behemoth, przywal\u0105 Nagrobki<\/p>\n<p>Tu, artysto drogi, nie ma tanich chwyt\u00f3w<br \/>\nNie oczekuj wynik\u00f3w,<br \/>\nWydaj\u0105c w pa\u017adzierniku.<br \/>\nLepiej powt\u00f3rz m\u0105dro\u015b\u0107 zwyk\u0142ych \u015bmiertelnik\u00f3w:<\/p>\n<p>Nie chcesz, by twoja praca ugrz\u0119z\u0142a w bezliku?<br \/>\nPrzenigdy nie wydaj p\u0142yty w pa\u017adzierniku<br \/>\nNie chcesz, by tw\u00f3j album sko\u0144czy\u0142 na \u015bmietniku?<br \/>\nNigdy nie wydawaj p\u0142yty w pa\u017adzierniku <\/p>\n<p>(A je\u015bli my\u015blisz, \u017ce te uwagi<br \/>\nRymuj\u0105 si\u0119 przez przypadek,<br \/>\nSam sobie spr\u00f3buj, czy \u015bmietnik<br \/>\nZrymuje si\u0119 z listopadem)<\/p>\n<p>Je\u015bli nie jeste\u015b \u0142bem zakutym,<br \/>\nWiesz, kto wydaje na jesieni.<br \/>\nCi, co przespali marzec i luty:<br \/>\nBanda najpodlejszych leni<\/p>\n<p>Wi\u0119c nie wydawaj w pa\u017adzierniku,<br \/>\nChyba \u017ce masz ju\u017c pras\u0119 gdzie\u015b,<br \/>\nAlbo te\u017c to, co tam nagra\u0142e\u015b.<br \/>\nZupe\u0142nie oryginalne jest.<\/p>\n<p>Do\u0142\u0105czam album <strong>Widt<\/strong> i <strong>Christopha de Babalona<\/strong>, czyli abstrakcyjny do\u015b\u0107 i bardzo oryginalny zestaw utwor\u00f3w na elektronik\u0119 i g\u0142os. Zestaw, kt\u00f3ry pogodzi\u0142by Unsound i Warszawsk\u0105 Jesie\u0144, na jednym i drugim festiwalu b\u0119d\u0105c na miejscu. Postklubowe w\u0105tki muzyki Babalona (najmocniej wykorzystuj\u0105ce perkusj\u0119 w <em>Jamaubie<\/em>) graj\u0105 nie\u017ale z nastrojowymi wokalami Antoniny Nowackiej \u015bpiewaj\u0105cej pie\u015bni na koniec \u015bwiata, troch\u0119 katastroficzne, ale te\u017c na sw\u00f3j spos\u00f3b lekkie. Jak zwykle wyposa\u017cone to zosta\u0142o w warstw\u0119 wizualn\u0105 stworzon\u0105 przez Bogumi\u0142\u0119 Piotrowsk\u0105, drug\u0105 po\u0142ow\u0119 Widt (jak donosz\u0105 g\u0142osy prasowe &#8211; patrz ni\u017cej). Druga strona w ca\u0142o\u015bci lepsza, pewniejsza, wi\u0119c niecierpliwi albo przywaleni pa\u017adziernikowym urobkiem mog\u0105 zacz\u0105\u0107 od Zinti.<\/p>\n<p>Ich koncert na Unsoundzie <a href=\"http:\/\/www.ktosruszalmojeplyty.com\/unsound-2018-dzien-2\/\">opisa\u0142 w\u0142a\u015bnie<\/a> entuzjastycznie Jacek \u015awi\u0105der, co mi przypomina jeszcze jeden paradoks:<\/p>\n<p>Artysto drogi, jesienne festiwale,<br \/>\nNie zostawiaj\u0105 czasu na s\u0142uchanie<br \/>\nWcale<br \/>\nWi\u0119c je\u015bli wydajesz o tej porze &#8211;<br \/>\nNajgorzej<\/p>\n<p><strong>WIDT &#038; CHRISTOPH DE BABALON <em>Teyas<\/em>,<\/strong> Bocian 2018, <strong>7\/10<\/strong><\/p>\n<p><iframe style=\"border: 0; width: 500px; height: 470px;\" src=\"https:\/\/bandcamp.com\/EmbeddedPlayer\/album=1826270351\/size=large\/bgcol=ffffff\/linkcol=0687f5\/tracklist=false\/transparent=true\/\" seamless><a href=\"http:\/\/bocian.bandcamp.com\/album\/teyas\">TEYAS by WIDT x Christoph de Babalon<\/a><\/iframe><\/p>\n<p>PS Wczoraj m\u00f3j redakcyjny kolega Wojtek Szacki zaprezentowa\u0142 z kolei <a href=\"https:\/\/szacki.blog.polityka.pl\/2018\/10\/09\/przekaz-dnia\/\">bardzo ciekawy wiersz bez rym\u00f3w<\/a> pt. <em>Przekaz dnia<\/em>. Polecam.<\/p>\n","protected":false},"excerpt":{"rendered":"<p>By\u0142 ju\u017c taki tekst. Wiem, \u017ce pewnie \u015bmieszniejszy i z pierwszej r\u0119ki, bo to \u0141ona pisa\u0142. Oryginalne Artysto drogi zawiera\u0142o gar\u015b\u0107 porad dla artyst\u00f3w-muzyk\u00f3w (jak Wi\u0119c, primo trzeba mie\u0107 zamys\u0142 \/ \u017beby utrzyma\u0107 s\u0142uchaczy wydaj\u0105c si\u00f3dmy album o tym samym), zatem i ja chc\u0119 par\u0119 porad podrzuci\u0107 &#8211; artystom i wydawcom, bo mam wra\u017cenie, \u017ce [&hellip;]<\/p>\n","protected":false},"author":1,"featured_media":19534,"comment_status":"open","ping_status":"closed","sticky":false,"template":"","format":"standard","meta":{"footnotes":""},"categories":[18,2834,289,3,312,120,107,3219,2530,1139],"tags":[3715,2222],"_links":{"self":[{"href":"https:\/\/blog.polityka.pl\/polifonia\/wp-json\/wp\/v2\/posts\/19530"}],"collection":[{"href":"https:\/\/blog.polityka.pl\/polifonia\/wp-json\/wp\/v2\/posts"}],"about":[{"href":"https:\/\/blog.polityka.pl\/polifonia\/wp-json\/wp\/v2\/types\/post"}],"author":[{"embeddable":true,"href":"https:\/\/blog.polityka.pl\/polifonia\/wp-json\/wp\/v2\/users\/1"}],"replies":[{"embeddable":true,"href":"https:\/\/blog.polityka.pl\/polifonia\/wp-json\/wp\/v2\/comments?post=19530"}],"version-history":[{"count":9,"href":"https:\/\/blog.polityka.pl\/polifonia\/wp-json\/wp\/v2\/posts\/19530\/revisions"}],"predecessor-version":[{"id":19540,"href":"https:\/\/blog.polityka.pl\/polifonia\/wp-json\/wp\/v2\/posts\/19530\/revisions\/19540"}],"wp:featuredmedia":[{"embeddable":true,"href":"https:\/\/blog.polityka.pl\/polifonia\/wp-json\/wp\/v2\/media\/19534"}],"wp:attachment":[{"href":"https:\/\/blog.polityka.pl\/polifonia\/wp-json\/wp\/v2\/media?parent=19530"}],"wp:term":[{"taxonomy":"category","embeddable":true,"href":"https:\/\/blog.polityka.pl\/polifonia\/wp-json\/wp\/v2\/categories?post=19530"},{"taxonomy":"post_tag","embeddable":true,"href":"https:\/\/blog.polityka.pl\/polifonia\/wp-json\/wp\/v2\/tags?post=19530"}],"curies":[{"name":"wp","href":"https:\/\/api.w.org\/{rel}","templated":true}]}}