
{"id":19879,"date":"2018-11-12T11:17:57","date_gmt":"2018-11-12T10:17:57","guid":{"rendered":"http:\/\/polifonia.blog.polityka.pl\/?p=19879"},"modified":"2018-11-12T11:17:57","modified_gmt":"2018-11-12T10:17:57","slug":"3-plyty-ktorych-warto-posluchac-w-tym-tygodniu","status":"publish","type":"post","link":"https:\/\/blog.polityka.pl\/polifonia\/2018\/11\/12\/3-plyty-ktorych-warto-posluchac-w-tym-tygodniu\/","title":{"rendered":"3 p\u0142yty, kt\u00f3rych warto pos\u0142ucha\u0107 w tym tygodniu"},"content":{"rendered":"<p>Premierowy tydzie\u0144, kt\u00f3ry zacz\u0105\u0142em od <a href=\"https:\/\/polifonia.blog.polityka.pl\/2018\/11\/09\/dramat-mlodych-muzykow-chcieli-rewolucji-brzmia-jak-coldplay\/\">ob\u015bmiewania Imagine Dragons<\/a> (troch\u0119 dzieci wydaj\u0105cych p\u0142yt\u0119 w tym samym tygodniu Muse i wnuczki Queen &#8211; przy spadaj\u0105cej z pokolenia na pokolenie inwencji) i od <a href=\"https:\/\/polifonia.blog.polityka.pl\/2018\/11\/09\/obrona-przed-zlem\/\">chwalenia barokowego lutnisty<\/a> graj\u0105cego mroczny folk, okaza\u0142 si\u0119 ciekawy przede wszystkim w szeroko rozumianej muzyce elektronicznej. Mam troch\u0119 zaleg\u0142o\u015bci, dlatego wkr\u00f3tce b\u0119dzie jeszcze o paru kolejnych p\u0142ytach. Dzi\u015b trzy, kt\u00f3re &#8211; w wi\u0119kszo\u015bci bezwarunkowo &#8211; mog\u0119 poleci\u0107 jako plaster na bol\u0105ce gard\u0142a i uwieraj\u0105ce sumienia po wczorajszych ekscesach patriotycznych. W ko\u0144cu \u015bwi\u0119tujemy &#8222;dzie\u0144 po&#8221;. Swoj\u0105 drog\u0105 &#8211; gdzie jak gdzie, ale u nas \u015awi\u0119to Dnia Nast\u0119pnego mogliby wprowadzi\u0107 na sta\u0142e.<!--more--><\/p>\n<p><iframe style=\"border: 0; width: 500px; height: 470px;\" src=\"https:\/\/bandcamp.com\/EmbeddedPlayer\/album=2814837903\/size=large\/bgcol=ffffff\/linkcol=0687f5\/tracklist=false\/transparent=true\/\" seamless><a href=\"http:\/\/shelterpress.bandcamp.com\/album\/limpid-as-the-solitudes\">Limpid As The Solitudes by Felicia Atkinson \/ Jefre Cantu-Ledesma<\/a><\/iframe><\/p>\n<p><strong>F\u00c9LICIA ATKINSON &#038; JEFRE CANTU-LEDESMA<em> Limpid as the Solitudes<\/em><\/strong>, Shelter Press<br \/>\nKa\u017cde z tych nazwisk z osobna znaczy dla mnie ostatnio du\u017co, podobnie jak nazwa Shelter Press. Wsp\u00f3\u0142praca francuskiej eksperymentatorki i kalifornijskiego speca od zaszumionych, odrealnionych brzmie\u0144 musia\u0142a si\u0119 ko\u0144czy\u0107 czym\u015b atrakcyjnym. Za tonami inspiracji, kt\u00f3re wymieniaj\u0105, kryje si\u0119 album kapitalnie przestrzenny. Wi\u0119kszo\u015b\u0107 element\u00f3w ukrywa si\u0119 pod g\u0119st\u0105 ko\u0142dr\u0105 dr\u017c\u0105cego dronu na pierwszym planie, troch\u0119 jakby\u015bmy s\u0142uchali odg\u0142os\u00f3w otoczenia zza grubych firanek: s\u0105 g\u0142osy, proste elementy syntezy rodem ze studia eksperymentalnego, sporo nagra\u0144 terenowych, akustyczne partie fortepianu. Wszystko z umiarem, delikatne &#8211; brzmi jak wsp\u00f3lny projekt La Monte Yonga i Luca Ferrariego, w kt\u00f3rym ten drugi chce nas oprowadzi\u0107 po fascynuj\u0105cym \u015bwiecie dooko\u0142a, a drugi w tym samym momencie chce nas zahipnotyzowa\u0107 (<em>Her Eyelids Say<\/em>). Przeboj\u00f3w tu nie szukajcie, ale <em>All Night I Carpenter<\/em> to czyste pi\u0119kno i du\u017co wskazuje na to, \u017ce si\u0119 spotkamy w jakich\u015b podsumowaniach. <\/p>\n<p><iframe style=\"border: 0; width: 500px; height: 470px;\" src=\"https:\/\/bandcamp.com\/EmbeddedPlayer\/album=3764894191\/size=large\/bgcol=ffffff\/linkcol=0687f5\/tracklist=false\/transparent=true\/\" seamless><a href=\"http:\/\/szunwaves.bandcamp.com\/album\/szun-waves-live-from-space\">Szun Waves Live from Space by Szun Waves<\/a><\/iframe><\/p>\n<p><strong>SZUN WAVES <em>Live from Space<\/em><\/strong>, Szun Waves<br \/>\nAutorzy sensacyjnej space-jazzowej p\u0142yty uwsp\u00f3\u0142cze\u015bniaj\u0105cej styl Johna Surmana, czyli trio <strong>Szun Waves<\/strong>, nagra\u0142o dwa utwory z tegorocznego albumu &#8211; <em>Constellation <\/em>i <em>Temple <\/em>&#8211; w jeszcze pot\u0119\u017cniejszych, du\u017co d\u0142u\u017cszych (ponad 16 minut ka\u017cda) i zaskakuj\u0105co dopracowanych wersjach koncertowych. Wyst\u0119p mia\u0142 miejsce w galerii Space w Londynie w sierpniu tego roku i jest bezb\u0142\u0119dn\u0105 reklam\u00f3wk\u0105 rozpoczynaj\u0105cej si\u0119 21 listopada europejskiej trasy, kt\u00f3ra niestety omija Polsk\u0119. Jak na reklam\u00f3wk\u0119 przysta\u0142o &#8211; cena dowolna. Ale twierdz\u0119, \u017ce za co\u015b takiego warto zap\u0142aci\u0107. <\/p>\n<p><iframe loading=\"lazy\" src=\"https:\/\/open.spotify.com\/embed\/album\/0xIrgn3qr184uXaI2ZQIje\" width=\"500\" height=\"380\" frameborder=\"0\" allowtransparency=\"true\" allow=\"encrypted-media\"><\/iframe><\/p>\n<p><strong>T\u0118SKNO <em>Mi<\/em><\/strong>, PIAS<br \/>\nCiep\u0142e i marzycielskie piosenki nowego polskiego duetu <strong>T\u0119skno <\/strong>opowiada ju\u017c w\u0142a\u015bciwie sama nazwa zespo\u0142u. Tworz\u0105 go Hania Rani i Joanna Longic\u0301, kt\u00f3re ca\u0142ymi gar\u015bciami wprowadzaj\u0105 na polsk\u0105 scen\u0119 pop klasycznie traktowan\u0105 kameralistyk\u0119 &#8211; ca\u0142y zestaw utwor\u00f3w zosta\u0142 \u015bwietnie rozpisany na g\u0142osy, fortepian i kwintet smyczkowy. Nie brak w tym 54-minutowym materiale moment\u00f3w r\u00f3wnie ujmuj\u0105cych co singlowa <em>Mapa<\/em> (cho\u0107by <em>Galop <\/em>i <em>Mi\u0119sie\u0144<\/em>, utw\u00f3r <em>Razem<\/em> z Duitem ju\u017c chyba dobrze znany), jak na now\u0105 mark\u0119 T\u0119skno szybko wypracowa\u0142y swoje rozpoznawalne brzmienie, cho\u0107 wokale mog\u0142yby by\u0107 nieco mniej zatopione w ca\u0142ej reszcie aran\u017cacji i bardziej wyra\u017ane. Bo opowie\u015b\u0107 jest d\u0142uga, brzmieniowo jednorodna i jako s\u0142uchacz instynktownie szukam punktu zaczepienia w tekstach. To jest ta strona, kt\u00f3r\u0105 &#8211; moim zdaniem &#8211; warto rozwija\u0107. <\/p>\n","protected":false},"excerpt":{"rendered":"<p>Premierowy tydzie\u0144, kt\u00f3ry zacz\u0105\u0142em od ob\u015bmiewania Imagine Dragons (troch\u0119 dzieci wydaj\u0105cych p\u0142yt\u0119 w tym samym tygodniu Muse i wnuczki Queen &#8211; przy spadaj\u0105cej z pokolenia na pokolenie inwencji) i od chwalenia barokowego lutnisty graj\u0105cego mroczny folk, okaza\u0142 si\u0119 ciekawy przede wszystkim w szeroko rozumianej muzyce elektronicznej. Mam troch\u0119 zaleg\u0142o\u015bci, dlatego wkr\u00f3tce b\u0119dzie jeszcze o paru [&hellip;]<\/p>\n","protected":false},"author":1,"featured_media":19881,"comment_status":"open","ping_status":"closed","sticky":false,"template":"","format":"standard","meta":{"footnotes":""},"categories":[18,12,2491,3,312,120,3319,3309,3219,1249,1059,557,106],"tags":[3755,355,3675,3756],"_links":{"self":[{"href":"https:\/\/blog.polityka.pl\/polifonia\/wp-json\/wp\/v2\/posts\/19879"}],"collection":[{"href":"https:\/\/blog.polityka.pl\/polifonia\/wp-json\/wp\/v2\/posts"}],"about":[{"href":"https:\/\/blog.polityka.pl\/polifonia\/wp-json\/wp\/v2\/types\/post"}],"author":[{"embeddable":true,"href":"https:\/\/blog.polityka.pl\/polifonia\/wp-json\/wp\/v2\/users\/1"}],"replies":[{"embeddable":true,"href":"https:\/\/blog.polityka.pl\/polifonia\/wp-json\/wp\/v2\/comments?post=19879"}],"version-history":[{"count":7,"href":"https:\/\/blog.polityka.pl\/polifonia\/wp-json\/wp\/v2\/posts\/19879\/revisions"}],"predecessor-version":[{"id":19887,"href":"https:\/\/blog.polityka.pl\/polifonia\/wp-json\/wp\/v2\/posts\/19879\/revisions\/19887"}],"wp:featuredmedia":[{"embeddable":true,"href":"https:\/\/blog.polityka.pl\/polifonia\/wp-json\/wp\/v2\/media\/19881"}],"wp:attachment":[{"href":"https:\/\/blog.polityka.pl\/polifonia\/wp-json\/wp\/v2\/media?parent=19879"}],"wp:term":[{"taxonomy":"category","embeddable":true,"href":"https:\/\/blog.polityka.pl\/polifonia\/wp-json\/wp\/v2\/categories?post=19879"},{"taxonomy":"post_tag","embeddable":true,"href":"https:\/\/blog.polityka.pl\/polifonia\/wp-json\/wp\/v2\/tags?post=19879"}],"curies":[{"name":"wp","href":"https:\/\/api.w.org\/{rel}","templated":true}]}}