
{"id":20560,"date":"2019-01-24T14:01:15","date_gmt":"2019-01-24T13:01:15","guid":{"rendered":"http:\/\/polifonia.blog.polityka.pl\/?p=20560"},"modified":"2019-01-24T19:57:14","modified_gmt":"2019-01-24T18:57:14","slug":"czekajac-na-popka-czyli-zlote-czasy-firmy","status":"publish","type":"post","link":"https:\/\/blog.polityka.pl\/polifonia\/2019\/01\/24\/czekajac-na-popka-czyli-zlote-czasy-firmy\/","title":{"rendered":"Czekaj\u0105c na Popka"},"content":{"rendered":"<p>Czy Popek b\u0119dzie nowym Kukizem? Na razie przeszed\u0142 p\u0142ynnie z kolejnej edycji <em>Ta\u0144ca z gwiazdami<\/em> do deklaracji politycznych, co \u015bwiadczy o tym, \u017ce wytypowa\u0142 si\u0119 jako dobry kandydat dla m\u0142odych wyborc\u00f3w id\u0105cych do wybor\u00f3w po raz pierwszy albo dla tych starszych, ale bardziej sfrustrowanych. Albo zosta\u0142 przez kogo\u015b wytypowany &#8211; jako celebryta bardzo rozpoznawalny w\u015br\u00f3d m\u0142odszych wyborc\u00f3w, dla kt\u00f3rych Pawe\u0142 Kukiz jest do\u015b\u0107 anonimowym rockowym emerytem. Ka\u017cdy, kto cho\u0107 troch\u0119 ogarnia wsp\u00f3\u0142czesne media, wie, \u017ce polityk z bliznami, wytatuowanymi ga\u0142kami ocznymi, przesz\u0142o\u015bci\u0105 w MMA i nuconym przez podstaw\u00f3wki refrenem (wybaczcie) <em>Pizda nad g\u0142ow\u0105<\/em> na koncie b\u0119dzie prawdopodobnie atrakcyjniejszy medialnie ni\u017c polityk bez tego wszystkiego. Wyobra\u017cam sobie wi\u0119c Popka na pierwszych stronach gazet za 3, 2, 1&#8230; Co wi\u0119cej, pora uzna\u0107, \u017ce po latach ulicznej walki w ko\u0144cu dosz\u0142o do ostatecznego dziejowego triumfu krakowskiej grupy Firma z blisk\u0105 jej tekstom, wymykaj\u0105c\u0105 si\u0119 politycznym klasyfikacjom maksym\u0105: <em>Miej wyjebane, a b\u0119dzie ci dane<\/em>.<!--more--><\/p>\n<p>Popek, niegdy\u015b zwolennik Korwin-Mikkego, przysz\u0142o\u015b\u0107 swojego ruchu wi\u0105\u017ce z burzycielskimi teoriami ekonomicznymi na temat drukowania pieni\u0119dzy do woli, miejsc pracy dla ka\u017cdego i przerzucenia obci\u0105\u017ce\u0144 podatkowych na posiadaczy nieruchomo\u015bci. Zauwa\u017cy\u0142em, \u017ce wi\u0119kszo\u015b\u0107 ekonomist\u00f3w je wy\u015bmiewa, cz\u0119\u015b\u0107 lewicy (ale te\u017c tylko cz\u0119\u015b\u0107) traktuje z nadziej\u0105. Ca\u0142o\u015b\u0107 wi\u0105\u017ce si\u0119 z dotychczasowymi dzia\u0142aniami samozwa\u0144czego Kr\u00f3la Albanii s\u0142abo &#8211; wprawdzie uznawa\u0142 konieczno\u015b\u0107 p\u0142acenia przez siebie (jako osob\u0119 z g\u00f3rnej cz\u0119\u015bci skali podatkowej) podatku dochodowego za <em>kradzie\u017c w bia\u0142y dzie\u0144<\/em>, to jednak kradzie\u017c jako tak\u0105 do pewnego stopnia usprawiedliwia\u0142 &#8211; jako form\u0119 wychodzenia z trudnych warunk\u00f3w \u017cycia (samochody, portfele itd.). Wyr\u00f3s\u0142 z prostej, typowo ameryka\u0144skiej filozofii, kt\u00f3rej ho\u0142dowa\u0142a du\u017ca cz\u0119\u015b\u0107 polskiej sceny hiphopowej &#8211; \u017ce trzeba \u015bmia\u0142o si\u0119gn\u0105\u0107 po swoje, zarobi\u0107 pieni\u0105dze i zyska\u0107 dost\u0119p do luksusowego \u017cycia, dot\u0105d dost\u0119pnego dla nielicznych. By\u0142o to my\u015blenie liberalne do szpiku ko\u015bci, nawet libertaria\u0144skie, z pewnymi akcentami anarchistycznymi (cytatem z Popka: <em>W kutasie mamy wasze prawa, wasze s\u0105dy wasze dziwnie wygl\u0105daj\u0105ce mordy<\/em>). Ale te\u017c z cieniem deklarowanego solidaryzmu &#8211; bo ten sam Popek, jak <a href=\"https:\/\/www.polityka.pl\/tygodnikpolityka\/ludzieistyle\/1664484,1,popek-wadzi-uj-uczelnia-nie-chce-jego-koncertow-dlaczego-muzyk-budzi-tyle-kontrowersji.read\">pisali\u015bmy w POLITYCE<\/a>, zapowiada\u0142, \u017ce kiedy\u015b wyrwie sobie z\u0142ote z\u0119by i rozda ubogim. Cho\u0107 chwilowo zajmuj\u0105 go raczej problemy tych kr\u0119g\u00f3w, kt\u00f3re maj\u0105 du\u017co pieni\u0119dzy (Przypomn\u0119: <em>Pojecha\u0142y modelki do arabskich kraj\u00f3w\/Na jachcie u szejka najad\u0142y si\u0119 ka\u0142u\/G\u00f3wnem ju\u017c jebie w ca\u0142ym Dubaju\/Koprofilia w najlepszym wydaniu<\/em>).<\/p>\n<p>Oczywi\u015bcie to, co si\u0119 sta\u0142o z Popkiem, mo\u017ce dziwi\u0107 mniej ni\u017c to, co spotka\u0142o drugiego cz\u0142onka Firmy &#8211; jednego z najostrzejszych ulicznych sk\u0142ad\u00f3w spod znaku ChWDP &#8211; Tadka. Ten zosta\u0142 z kolei wsp\u00f3\u0142pracownikiem Instytutu Pami\u0119ci Narodowej, a p\u00f3\u017aniej nauczycielem pi\u0119knej polszczyzny dzi\u0119ki zaproszeniu na Lekcj\u0119 RP przy prezydenckiej gali z okazji Mi\u0119dzynarodowego Dnia J\u0119zyka Ojczystego przed dwoma laty (tej, na kt\u00f3rej nagrod\u0119 Zas\u0142u\u017cony dla Polszczyzny otrzyma\u0142 Wojciech Wencel). Pisz\u0119 o zaskoczeniu oczywi\u015bcie w kontek\u015bcie tekst\u00f3w Firmy: <em>Mam wyjebane na was hieny\/Wyjebane na was trutnie\/Ja nie zejd\u0119 z mojej sceny, to ty dr\u017cyj fajo przed jutrem\/Wyjebane na fa\u0142szywych\/Wyjebane na show biznes\/Wyjebane na pedalstwo, kt\u00f3re niszczy t\u0105 ojczyzn\u0119!<\/em> Cho\u0107 uliczny image formacji, z furami i motor\u00f3wkami, te\u017c si\u0119 troch\u0119 gryzie z tym dzisiejszym, ko\u015bcielno-patriotycznym. Ale ja to czytam jako przed\u0142u\u017cenie mitu o si\u0119ganiu po pieni\u0105dze, kt\u00f3re gdzie\u015b tam s\u0105. W tym wypadku akurat w okolicach tematyki historycznej, ko\u015bcielnej i patriotycznej. Nie ka\u017cdy raper wyci\u0105ga po nie r\u0119k\u0119, ale fakt wyci\u0105gania \u015bwiadczy na pewno o \u015bwiadomo\u015bci rynkowej.<\/p>\n<p>Dwa tygodnie temu przeczyta\u0142em z kolei <a href=\"https:\/\/www.tygodnikpowszechny.pl\/uratowany-przez-rap-157138\">rozmow\u0119 z Kalim <\/a>(kolejny cz\u0142onek Firmy) autorstwa Rafa\u0142a Wosia, mojego kolegi z redakcji &#8222;Polityki&#8221;, dzi\u015b pracuj\u0105cego w &#8222;Tygodniku Powszechnym&#8221;. Pogl\u0105d Rafa\u0142a na polski hip-hop i jego ambicj\u0119, by odnale\u017a\u0107 w nim ducha ludowych trybun\u00f3w rozumiem. Sam przy\u0142o\u017cy\u0142em do tego pr\u0105du dziennikarskiego r\u0119k\u0119. Cho\u0107by publikuj\u0105c w &#8222;Przekroju&#8221; 15 lat temu rozmow\u0119 z Pej\u0105 o jego <em>hymnach biedy i wkurwienia<\/em> (jak og\u0142aszali\u015bmy wtedy na ok\u0142adce gazety). To by\u0142a cz\u0119\u015b\u0107 tej opowie\u015bci &#8211; podobnie jak p\u00f3\u017aniejsza ok\u0142adka &#8222;Przekroju&#8221; z Pej\u0105 z czas\u00f3w, gdy szefem gazety by\u0142 Roman Kurkiewicz. Kto nigdy nie romantyzowa\u0142 polskiego hip-hopu na tej linii ten, tak jak z byciem lewicowcem, zapewne na staro\u015b\u0107 b\u0119dzie \u015bwini\u0105. Ale naprawd\u0119 trudno si\u0119 wciska Firm\u0119 i Kalego w \u015bwiat lewicowych pogl\u0105d\u00f3w. Linia jego argumentacji w opowie\u015bci o z\u0142odziejskiej przesz\u0142o\u015bci jest zgodna z tym, co m\u00f3wi Popek: <em>M\u00f3j wyb\u00f3r by\u0142 prosty. Albo je&#8230;\u0107 za 4,10 z\u0142 za godzin\u0119 \u2013 bo takie by\u0142y stawki \u2013 i nie mie\u0107 nic od \u017cycia.<\/em> To jest pytanie o to, czy mo\u017cna kra\u015b\u0107 i wyrz\u0105dza\u0107 krzywd\u0119 innym, je\u015bli jest nam \u017ale. I tego lewica w moim rozumieniu nie aprobuje &#8211; mo\u017ce si\u0119 na tym nie znam, ale jako ch\u0142opak wychowany w Wo\u0142ominie widzia\u0142em r\u00f3wie\u015bnik\u00f3w podejmuj\u0105cych takie wybory na co dzie\u0144. Na tamtym etapie nie wyrasta\u0142y ze skrajnej biedy, tylko z ch\u0119ci podwy\u017cszenia sobie statusu \u017cycia w spos\u00f3b szybszy ni\u017c inni. A to my\u015bl ju\u017c raczej z ducha kapitalistyczna. I je\u015bli ju\u017c pojawia si\u0119 w niej aspekt szlachetno\u015bci (<em>My nie okradali\u015bmy kobiet w ci\u0105\u017cy. Ale matki z dzie\u0107mi ju\u017c tak<\/em> &#8211; m\u00f3wi Kali w &#8222;Tygodniku&#8221;), to mnie jednak bardzo nie wzrusza. <\/p>\n<p>Kali m\u00f3wi mniej wi\u0119cej to, co na jego miejscu powiedzia\u0142aby lwia cz\u0119\u015b\u0107 \u015brodowiska hiphopowego (nie wszyscy). Czyli zgadza si\u0119, \u017ce to \u015brodowisko wcze\u015bniej ni\u017c inni zauwa\u017ca\u0142o ofiary transformacji (<em>To na nas eksperymentowano<\/em> &#8211; m\u00f3wi). Na przyk\u0142ad, \u017ceby daleko nie szuka\u0107, m\u0142odszy od niego Bedoes na nowej p\u0142ycie: <em>Sta\u0142em na klatce, gdzie jeba\u0142o szczyn\u0105\/Dzi\u015b ca\u0142e mieszkanie mi pachnie jak Dior<\/em> i <em>Po swoje b\u0119d\u0119 szed\u0142 tak d\u0142ugo jak mam nogi<\/em> (cho\u0107 czasem na kolanach: <em>Ja jestem w Wadowicach, modl\u0119 si\u0119 przed Janem Paw\u0142em<\/em>). I ja to rozumiem. Polski hip-hop ma ten fragment DNA z ameryka\u0144skiego, zosta\u0142o to wielokrotnie zanalizowane &#8211; ludzie odbieraj\u0105cy siebie jako gorzej sytuowan\u0105 grup\u0119 spo\u0142eczn\u0105, kt\u00f3rej inne formy awansu si\u0119 blokuje, stawiaj\u0105 na muzyk\u0119, chc\u0105c omin\u0105\u0107 par\u0119 przystank\u00f3w po drodze i znacz\u0105co poprawi\u0107 sw\u00f3j status materialny. Bardziej indywidualnie ni\u017c zbiorowo. Zarazem wywodz\u0105 si\u0119 z grupy cz\u0119\u015bciej konserwatywnie wychowywanej, a rapu by nie by\u0142o, gdyby nie soul, soulu nie by\u0142oby bez gospel itd. G\u0142\u00f3wny problem tej ca\u0142ej ballady o lewicowym znaczeniu raper\u00f3w (nie wszystkich, jeszcze raz podkre\u015blam, grono jest zr\u00f3\u017cnicowane wewn\u0119trznie) widz\u0119 w tym, \u017ce o ile pytanie o walk\u0119 z bied\u0105 zada\u0107 \u0142atwo, to ju\u017c trudniej si\u0119 pyta o walk\u0119 z mizogini\u0105, homofobi\u0105, agresj\u0105, stosunek do Ko\u015bcio\u0142a i inne problemy, kt\u00f3rymi lewica te\u017c si\u0119 zajmuje. Tego mi brakuje w rozmowie z Kalim. A jak si\u0119 ich odpowiednio wcze\u015bnie nie zada, to si\u0119 dostanie nie bohater\u00f3w lewicowych, tylko ulicznych turbolibera\u0142\u00f3w.<\/p>\n<p>Nie s\u0105 mi obce oczekiwania, \u017ceby m\u00f3j ulubiony wykonawca wyznawa\u0142 podobne do mnie pogl\u0105dy w wa\u017cnych sprawach. Ale to si\u0119 zwykle ko\u0144czy rozczarowaniem. I nie chc\u0119 si\u0119 tu odnosi\u0107 do muzyki, kt\u00f3r\u0105 tworz\u0105 wymienieni wy\u017cej panowie, cho\u0107 mam na przyk\u0142ad s\u0142abo\u015b\u0107 do bardziej wstrzemi\u0119\u017aliwego w kwestiach politycznych Borixona, kt\u00f3rego &#8211; wypatruj\u0105c pewnej postawy pokoleniowej &#8211; Rafa\u0142, cytuj\u0105cy w swoim wywiadzie Wzg\u00f3rze Ya-Pa-3, powinien moim zdaniem odpyta\u0107 w pierwszej kolejno\u015bci. A to, \u017ce mu to wytykam na blogu, a nie prywatnie, wynika z faktu, \u017ce temat jest bardzo wa\u017cny. By\u0107 mo\u017ce pisz\u0119 to w przeddzie\u0144 wej\u015bcia Kr\u00f3la Albanii na scen\u0119 polityczn\u0105, a kto wie &#8211; mo\u017ce przed jak\u0105\u015b ostateczn\u0105 rehabilitacj\u0105 hase\u0142 <em>ChWDP<\/em> i <em>jeba\u0107 policj\u0119<\/em> przez IPN i inne instytucje? <\/p>\n<p>\u017beby\u015bmy si\u0119 dobrze zrozumieli: m\u00f3j wewn\u0119trzny wolnorynkowiec m\u00f3wi mi, \u017ceby ch\u0142opaki z Firmy zarabiali sobie hajs wed\u0142ug potrzeb, byle bez wyrz\u0105dzania krzywdy innym. Ale m\u00f3j wewn\u0119trzny lewicowiec ostrzega, \u017ce je\u015bli mamy z nich zacz\u0105\u0107 robi\u0107 wsp\u00f3\u0142czesn\u0105 R\u00f3\u017c\u0119 Luksemburg, to najpierw dopytajmy gruntownie o to, czy odrzucaj\u0105 swoje pogl\u0105dy sprzed paru lat. Przed zwodowaniem i nap\u0119dzeniem medialnym nowego Kukiza da\u0142bym im  pe\u0142n\u0105 ankiet\u0119 do wype\u0142nienia.<\/p>\n","protected":false},"excerpt":{"rendered":"<p>Czy Popek b\u0119dzie nowym Kukizem? Na razie przeszed\u0142 p\u0142ynnie z kolejnej edycji Ta\u0144ca z gwiazdami do deklaracji politycznych, co \u015bwiadczy o tym, \u017ce wytypowa\u0142 si\u0119 jako dobry kandydat dla m\u0142odych wyborc\u00f3w id\u0105cych do wybor\u00f3w po raz pierwszy albo dla tych starszych, ale bardziej sfrustrowanych. Albo zosta\u0142 przez kogo\u015b wytypowany &#8211; jako celebryta bardzo rozpoznawalny w\u015br\u00f3d [&hellip;]<\/p>\n","protected":false},"author":1,"featured_media":20701,"comment_status":"open","ping_status":"closed","sticky":false,"template":"","format":"standard","meta":{"footnotes":""},"categories":[3556,3,120,2042,1],"tags":[3849,3848,2440,3850],"_links":{"self":[{"href":"https:\/\/blog.polityka.pl\/polifonia\/wp-json\/wp\/v2\/posts\/20560"}],"collection":[{"href":"https:\/\/blog.polityka.pl\/polifonia\/wp-json\/wp\/v2\/posts"}],"about":[{"href":"https:\/\/blog.polityka.pl\/polifonia\/wp-json\/wp\/v2\/types\/post"}],"author":[{"embeddable":true,"href":"https:\/\/blog.polityka.pl\/polifonia\/wp-json\/wp\/v2\/users\/1"}],"replies":[{"embeddable":true,"href":"https:\/\/blog.polityka.pl\/polifonia\/wp-json\/wp\/v2\/comments?post=20560"}],"version-history":[{"count":20,"href":"https:\/\/blog.polityka.pl\/polifonia\/wp-json\/wp\/v2\/posts\/20560\/revisions"}],"predecessor-version":[{"id":20718,"href":"https:\/\/blog.polityka.pl\/polifonia\/wp-json\/wp\/v2\/posts\/20560\/revisions\/20718"}],"wp:featuredmedia":[{"embeddable":true,"href":"https:\/\/blog.polityka.pl\/polifonia\/wp-json\/wp\/v2\/media\/20701"}],"wp:attachment":[{"href":"https:\/\/blog.polityka.pl\/polifonia\/wp-json\/wp\/v2\/media?parent=20560"}],"wp:term":[{"taxonomy":"category","embeddable":true,"href":"https:\/\/blog.polityka.pl\/polifonia\/wp-json\/wp\/v2\/categories?post=20560"},{"taxonomy":"post_tag","embeddable":true,"href":"https:\/\/blog.polityka.pl\/polifonia\/wp-json\/wp\/v2\/tags?post=20560"}],"curies":[{"name":"wp","href":"https:\/\/api.w.org\/{rel}","templated":true}]}}