
{"id":21128,"date":"2019-03-08T08:30:44","date_gmt":"2019-03-08T07:30:44","guid":{"rendered":"http:\/\/polifonia.blog.polityka.pl\/?p=21128"},"modified":"2019-03-08T13:54:42","modified_gmt":"2019-03-08T12:54:42","slug":"fryderyki-2019-kalkulator-szans","status":"publish","type":"post","link":"https:\/\/blog.polityka.pl\/polifonia\/2019\/03\/08\/fryderyki-2019-kalkulator-szans\/","title":{"rendered":"Fryderyki 2019 &#8211; kalkulator szans"},"content":{"rendered":"<p>Najwa\u017cniejsza informacja <a href=\"http:\/\/fryderykfestiwal.pl\/\">tegorocznych Fryderyk\u00f3w<\/a>: b\u0119dzie mo\u017cna (ci\u0105gle jeszcze) kupi\u0107 bilet i obejrze\u0107 sobie na miejscu gal\u0119 9 marca. W dodatku nie w Warszawie, tylko tam, gdzie maj\u0105 obiekty do ogl\u0105dania imprez muzycznych, czyli w Katowicach. Co wi\u0119cej &#8211; Fryderyki zamieniaj\u0105 si\u0119 w dwudniowy festiwal polskiej tw\u00f3rczo\u015bci muzycznej. A &#8211; i jeszcze jedna wa\u017cna innowacja: b\u0119d\u0105 <a href=\"http:\/\/fryderykfestiwal.pl\/nagroda-publicznosci\/\">nagrody publiczno\u015bci<\/a>. Za piosenk\u0119 i (tu sam bra\u0142em udzia\u0142 w ustalaniu pomocniczej listy g\u0142osowania) za wydarzenie roku. Obie kategorie s\u0105 do\u015b\u0107 k\u0142opotliwe, ale ciekaw jestem, jak to wyjdzie. Jak dla mnie &#8211; za du\u017co tych wszystkich kategorii, ale o tym ju\u017c wspomina\u0142em, pastwi\u0105c si\u0119 nad niekt\u00f3rymi szufladkami. D\u0142uga lista kategorii nie powstrzyma mnie jednak od dorocznej zabawy w typowanie. Kto wygra? <!--more--><\/p>\n<p><strong>Album roku Blues \/ Country<\/strong><br \/>\n<strong>Nominowani:<\/strong> Krak\u00f3w Street Band, Daniel Spaleniak, P.Unity, Robert Cichy, Cheap Tobacco.<br \/>\nW sumie niez\u0142y parking dla ciekawych wydawnictw ze sfery niezale\u017cnej. Gdyby g\u0142osowanie odbywa\u0142o si\u0119 za granic\u0105, jak nic zwyci\u0119\u017cy\u0142by <strong>Daniel Spaleniak<\/strong>, kt\u00f3rego piosenki wysz\u0142y daleko \u015bwiat dzi\u0119ki walorom ilustracyjnym. U nas jednak wygra (i chyba powinna wygra\u0107 w tym zestawie, cho\u0107 to granie na nosie kategoriom &#8211; przypomn\u0119, \u017ce soulu i funku nie ma) formacja <strong>P.Unity<\/strong>. Kt\u00f3ra mog\u0142aby wygra\u0107 tak\u017ce kategori\u0119 Wydarzenie roku, ale tam raczej liczy\u0107 si\u0119 b\u0119d\u0105 du\u017ce imprezy, a nie pojedyncze koncerty na festiwalach.<\/p>\n<p><strong>Album roku Folk \/ Muzyka \u015bwiata<\/strong><br \/>\n<strong>Nominowani: <\/strong>Miros\u0142aw Kowalik, Ania Rusowicz, Krystyna Pro\u0144ko, Jan Trebunia-Tutka, Andrzej Polak, Anna Trebunia-Wyrostek, Jerzy Trela, Ernest Bryll (&#8222;Ernest Bryll Jasno\u015b\u0107 Narodzenia&#8221;), To\u0142haje, Stasiuk i Haydamaky, Warszawskie Combo Taneczne, Kayah, Miros\u0142aw Kowalik, Mateusz Pospieszalski, Jorgos Skolias, Zygmunt Staszczyk, Trebunie-Tutki, Wojciech Waglewski (&#8222;Tischner. Mocna nuta&#8221;).<br \/>\nDoceniam literacki desant w tej folkowej kategorii i ubolewam nad tym, \u017ce prawdziwej muzyki tradycji tu jak na lekarstwo. Co tylko pokazuje, \u017ce nawet utworzenie kategorii specjalistycznych nie usatysfakcjonuje specjalistycznej publiczno\u015bci i punkt\u00f3w Fryderykom raczej nie przysporzy. Obstawiam <strong>Warszawskie Combo Taneczne<\/strong> i b\u0119d\u0119 im kibicowa\u0142, cho\u0107 kto wie, czy jakie\u015b <strong>Haydamaky <\/strong>nie przeszkodz\u0105. Nie chcia\u0142bym.<\/p>\n<p><strong>Album roku Hip hop<\/strong><br \/>\n<strong>Nominowani:<\/strong> Abradab, Taco Hemingway, PRO8L3M, Taconafide, O.S.T.R.<br \/>\nKolejny przyk\u0142ad kategorii, kt\u00f3ra bran\u017cowej publiki nie usatysfakcjonuje, chocia\u017c obsad\u0119 ma w tym roku gwiazdorsk\u0105. Mo\u017cna by tu &#8211; jak na Oscarach &#8211; dorzuci\u0107 druga pi\u0105tk\u0119. Czuj\u0119 si\u0119 tu kompletnie bezradny. Rok temu wygra\u0142 Taco, ale g\u0142osy na jego p\u0142yt\u0119 i na album Taconafide roz\u0142o\u017c\u0105 si\u0119 prawdopodobnie w spos\u00f3b podr\u0119cznikowy. Sam wola\u0142bym z tej pary sol\u00f3wk\u0119 <strong>Hemingwaya<\/strong>, ale <strong>PRO8L3M <\/strong>zas\u0142u\u017cy\u0142 bezwzgl\u0119dnie i obstawiam, \u017ce w spos\u00f3b bezwzgl\u0119dny, zaskakuj\u0105cy, troch\u0119 niespodziewany, a jednak zas\u0142u\u017cony wygra t\u0119 kategori\u0119, co b\u0119dzie w pewnym sensie zwie\u0144czeniem kr\u00f3tkiej drogi z g\u0142\u0119bokiego undergroundu na szczyty.<\/p>\n<p><strong>Album roku Pop<\/strong><br \/>\n<strong>Nominowani:<\/strong> Pawe\u0142 Domaga\u0142a, Kasia Kowalska, Zbigniew Wodecki, Dawid Podsiad\u0142o, Lanberry.<br \/>\nTu nie b\u0119d\u0119 si\u0119 mitr\u0119\u017cy\u0107. <strong>Podsiad\u0142o<\/strong> powinien, <strong>Podsiad\u0142o<\/strong> zwyci\u0119\u017cy.<\/p>\n<p><strong>Album roku Pop alternatywny<\/strong><br \/>\n<strong>Nominowani:<\/strong> Barbara Wro\u0144ska, Pablopavo i Ludziki, Mela Koteluk, The Dumplings, Kasia Lins.<br \/>\nDo\u015b\u0107 wyr\u00f3wnana kategoria z bardzo trudnym do przewidzenia wynikiem. Gdyby decydowa\u0142a szeroko poj\u0119ta alternatywno\u015b\u0107, nale\u017ca\u0142oby da\u0107 nagrod\u0119 Pablopavo, a najlepiej poprosi\u0107 o nowy zestaw. Jednak wobec tak postawionego problemu wygra moim zdaniem duet <strong>The Dumplings<\/strong>, cho\u0107 wygra\u0107 powinna jednak <strong>Barbara Wro\u0144ska<\/strong>.<\/p>\n<p><strong>Album roku Rock<\/strong><br \/>\n<strong>Nominowani:<\/strong> Illusion, Limboski, Power Of Trinity, Riverside, Lao Che.<br \/>\nO ile poprzednio decydowa\u0142y raczej wzgl\u0119dy czysto krajowe, tak tutaj moim zdaniem aspekty mi\u0119dzynarodowe i kwestia otwarcia rocka progresywnego na bardzo szerok\u0105 publiczno\u015b\u0107 mog\u0105 si\u0119 jednak okaza\u0107 decyduj\u0105ce. S\u0105 oczywi\u015bcie mo\u017cliwe niespodzianki (Lao Che, Illusion), ale moim zdaniem wygra <strong>Riverside<\/strong>. I b\u0119d\u0119 si\u0119 z tego cieszy\u0107 jako w\u0142a\u015bciwego wyboru z dost\u0119pnej pi\u0105tki.<\/p>\n<p><strong>Album roku Metal<\/strong><br \/>\n<strong>Nominowani: <\/strong>Behemoth, Virgin Snatch, Frontside.<br \/>\nStosownie do szerokiego wachlarza trzech mo\u017cliwo\u015bci (a w kraju metalu mie\u0107 taki wyb\u00f3r to jak dosta\u0107 metalow\u0105 r\u0119kawic\u0105 w twarz), uwa\u017cam, \u017ce zwyci\u0119skie warianty s\u0105 odpowiednio te\u017c trzy: <strong>Behemoth<\/strong>, <strong>Behemoth<\/strong> albo <strong>Behemoth<\/strong>. Nie ze wzgl\u0119du na wybitny charakter p\u0142yty, tylko wybitnie tendencyjny charakter sytuacji.<\/p>\n<p><strong>Album roku Elektronika<\/strong><br \/>\n<strong>Nominowani:<\/strong> Kamp!, XXANAXX, Flirtini, SONAR, Linia Nocna.<br \/>\nElektroniki to akurat by\u0142o u nas du\u017co wi\u0119cej, zreszt\u0105 powylewa\u0142a si\u0119 gdzie\u015b na inne kategorie, bo elektronika jako taka jest dzi\u015b pewnie nawet w muzyce tradycji i \u017ar\u00f3de\u0142. Ale nie b\u0119d\u0119 ucieka\u0107 od tematu. Ot\u00f3\u017c nie zdziwi mnie tu nic, cho\u0107 serce podpowiada, \u017ce powinien <strong>Sonar<\/strong>, a rozum &#8211; \u017ce b\u0119dzie raczej <strong>Xxanaxx<\/strong> albo <strong>Linia Nocna<\/strong>. W ka\u017cdym razie 40 proc. szans ma zesp\u00f3\u0142 zapisuj\u0105cy swoj\u0105 nazw\u0119 capslockami, a 20 proc. &#8211; z wykrzyknikiem. W przysz\u0142ym roku obstawia\u0142bym w elektronice remiks jednego z drugim.<\/p>\n<p><strong>Album roku Alternatywa<\/strong><br \/>\n<strong>Nominowani:<\/strong> Nosowska, BOKKA, Kr\u00f3l, Marysia Starosta, Arek Jakubik.<br \/>\nTa-dam! Kiedy ju\u017c my\u015bleli\u015bcie, \u017ce kategoria alternatywna za wami, nadchodzi ta druga kategoria alternatywna, z r\u00f3wnie dziwnym doborem materia\u0142\u00f3w. Nosowsk\u0105, kt\u00f3ra chyba najlepiej czu\u0142aby si\u0119 w hip hopie, Bokk\u0105, kt\u00f3ra mog\u0142aby i\u015b\u0107 w elektronice, Kr\u00f3lem, kt\u00f3ry idealnie by si\u0119 wpisa\u0142 w t\u0119 DRUG\u0104 kategori\u0119 alternatywn\u0105, Marysi\u0105 Starost\u0105, kt\u00f3ra&#8230; no dobra, rzeczywi\u015bcie trudno to przypisa\u0107 stylistycznie gdziekolwiek, no i Arek Jakubik, kt\u00f3ry powinien by\u0107 gdzie\u015b bardziej w okolicach rocka. Wygra <strong>Nosowska<\/strong>, jasna sprawa, cho\u0107 w tym starciu <strong>Kr\u00f3l<\/strong> powinien zawalczy\u0107.<\/p>\n<p><strong>Album roku Muzyka ilustracyjna<\/strong><br \/>\n<strong>Nominowane filmy\/spektakle\/seriale:<\/strong> &#8222;Kamerdyner&#8221;, &#8222;Makbet&#8221;, &#8222;Ultraviolet&#8221;.<br \/>\nCo tu du\u017co m\u00f3wi\u0107 &#8211; startuje z wykopem kolejna kategoria, a tu mizeria, panie, ledwie trzy nominacje. Najciekawsza, i to zdecydowanie, wydaje mi si\u0119 propozycja <strong>Wojtka Urba\u0144skiego<\/strong>, czyli serial <em>Ultraviolet<\/em>. Ale czy zwyci\u0119stwo <strong>Mai Kleszcz i Wojtka Krzaka<\/strong> (spektakl Makbet z Wroc\u0142awia) mnie zdziwi? Tak, troch\u0119 jednak zdziwi.<br \/>\n<strong><br \/>\nAlbum roku Muzyka poetycka<\/strong><br \/>\n<strong>Nominowani:<\/strong> Katarzyna Groniec, Stanis\u0142awa Celi\u0144ska, Krzysztof Napi\u00f3rkowski, Artur Andrus, Siksa.<br \/>\nZasn\u0119li\u015bcie? Tak, to ten moment, niekt\u00f3rzy ju\u017c pewnie dwa razy. I to jest niestety ta z\u0142a strona liczby kategorii. Te p\u0142yty was pewnie nie obudz\u0105, cho\u0107 s\u0142ucha\u0142em i maj\u0105 swoje zalety. Wszystkie te zalety bledn\u0105 jednak przy ostatniej pozycji, kt\u00f3ra obudzi was skutecznie jako jedyna. I \u015bmiem twierdzi\u0107, \u017ce ma szanse wygra\u0107. A powinna wygra\u0107 z ca\u0142\u0105 pewno\u015bci\u0105, bo kto nie jest ciekaw, co powiedz\u0105 na scenie? <strong>Siksa<\/strong>.<\/p>\n<p><strong>Album roku Muzyka dzieci\u0119ca i m\u0142odzie\u017cowa<\/strong><br \/>\n<strong>Nominowani:<\/strong> 4Dreamers, Karimski Klub, Natalia Kukulska i Marek Napi\u00f3rkowski.<br \/>\nKolejna forsowana niepotrzebnie kategoria, z kt\u00f3rej du\u017co nowego nie wyniknie, ale dodatkowego Fryderyka w dorobku mog\u0105 sobie ju\u017c teraz zacz\u0105\u0107 dopisywa\u0107 <strong>Natalia Kukulska<\/strong> z <strong>Markiem Napi\u00f3rkowskim<\/strong>. Czy powinni? Pewnie tak, cho\u0107 &#8222;czy powinna powsta\u0107 ta kategoria?&#8221; to jest w\u0142a\u015bciwsze pytanie.<\/p>\n<p><strong>Nowe wykonanie<\/strong><br \/>\n<strong>Nominowani:<\/strong> Albo Inaczej, Brodka &amp; A_GIM, Krzysztof Zalewski, Tulia, Warszawskie Combo Taneczne.<br \/>\nKontrowersyjna kategoria zbieraj\u0105ca nowe wykonania starych piosenek, od Niemena po Trojanowsk\u0105. Wygra<strong> Krzysztof Zalewski<\/strong>, kt\u00f3ry chyba r\u00f3wnie\u017c powinien wygra\u0107, bo to, co zrobi\u0142, zrobi\u0142 dobrze. A poza tym &#8211; wiadomo, M\u0119skie Granie.<\/p>\n<p><strong>Najlepszy album zagraniczny<\/strong><br \/>\n<strong>Nominowani:<\/strong> Lady Gaga&amp;Bradley Cooper, Greta Van Fleet, Zaz, Paul McCartney, Justin Timberlake.<br \/>\nTej kategorii b\u0119d\u0119 broni\u0142: po pierwsze, zawsze przynosi\u0142a kuriozalne rozstrzygni\u0119cia, nieprzystaj\u0105ce do tego, co si\u0119 o p\u0142ytach pisa\u0142o przez ca\u0142y rok. Po drugie, niejednokrotnie dowiadywa\u0142em si\u0119 z niej (o ironio) o jakiej\u015b p\u0142ycie, kt\u00f3r\u0105 w ci\u0105gu roku przegapi\u0142em, albo by\u0142a tak s\u0142aba, \u017ce wypar\u0142em z pami\u0119ci. Ktokolwiek wygra &#8211; nie zas\u0142u\u017cy\u0142. Z pewnik\u00f3w: laureat(ka) nie przyjedzie po odbi\u00f3r.<\/p>\n<p><strong>Fonograficzny debiut roku<\/strong><br \/>\n<strong>Nominowani:<\/strong> BARANOVSKI, Pola Rise, Roksana W\u0119giel, T\u0119skno, Tulia.<br \/>\nPewnie jeste\u015bcie zm\u0119czeni sam\u0105 wyliczank\u0105 (na gali b\u0119d\u0105 gada\u0107 wi\u0119cej, cho\u0107 mo\u017ce za to dowcipniej), wi\u0119c szybciutko: powinno <strong>T\u0119skno<\/strong>. I raczej wygra, chocia\u017c <strong>Tulia <\/strong>i <strong>Baranovski <\/strong>mog\u0105 w tym przeszkodzi\u0107.<\/p>\n<p><strong>Autor roku<\/strong><br \/>\n<strong>Nominowani:<\/strong> Dawid Podsiad\u0142o, Kasia Lins, Katarzyna Nosowska, Krzysztof Zalewski&amp;Dawid Podsiad\u0142o, team Patryk Kum\u00f3r \/ Micha\u0142 Pietrzak \/ Dominic Buczkowski-Wojtaszek \/ Jan Bielecki.<br \/>\nObstawiam, \u017ce wygra tradycyjnie <strong>Katarzyna Nosowska<\/strong>. A czy powinna? Lins pisze zgrabnie, a i Dawid Podsiad\u0142o udowodni\u0142, \u017ce sobie z tym radzi. Problem z t\u0105 kategori\u0105 polega na tym, \u017ce (tak, mam w pami\u0119ci t\u0119 wczorajsz\u0105 dyskusj\u0119) naprawd\u0119, ale to naprawd\u0119 przydaliby si\u0119 tu jacy\u015b raperzy. Jaki\u015b Hemingway chocia\u017c na pocz\u0105tek. Ta kategoria bez autor\u00f3w rapowej liryki w drugiej dekadzie XXI wieku zamienia si\u0119 w fars\u0119.<\/p>\n<p><strong>Kompozytor roku<\/strong><br \/>\n<strong>Nominowani:<\/strong> Barbara Wro\u0144ska, Dawido Podsiad\u0142o&amp;Bartosz Dziedzic, team Dominic Buczkowski-Wojtaszek \/ Patryk Kum\u00f3r \/ Ma\u0142gorzata U\u015bci\u0142owska, team Krzysztof Zalewski \/ Dawid Podsiad\u0142o \/ Aleksander \u015awierkot \/ Marcin Macuk, team Patryk Kum\u00f3r \/ Micha\u0142 Pietrzak \/ Dominic Buczkowski-Wojtaszek \/ Jan Bielecki.<br \/>\n<strong>Podsiad\u0142o z Dziedzicem<\/strong>. Tyle w temacie.<\/p>\n<p><strong>Najlepsza oprawa graficzna<\/strong><br \/>\n<strong>Nominowani: <\/strong>Tomek Kudlak (Kasia Kowalska), Macio Moretti (Nosowska), Bart\u0142omiej Walczuk (Dawid Podsiad\u0142o), Angelika Bujak (Lanberry), Mariusz Mrotek\/Daniel Jaroszek (The Dumplings).<br \/>\nS\u0105 tu dwa mo\u017cliwe rozwi\u0105zania: tradycyjne, czyli Moretti za Nosowsk\u0105 (Kt\u00f3ry by\u0142by to jego pozamuzyczny Fryderyk? Trzeci?), albo oczekiwane, czyli <strong>Walczuk za Podsiad\u0142\u0119<\/strong>. Osobi\u015bcie optowa\u0142bym za drugim, bo oprawa <em>Ma\u0142omiasteczkowego<\/em>, cho\u0107 z pozoru zgrzebna i banalna, okaza\u0142a si\u0119 znakomitym projektem marketingowym w rozruchu i sprawdzi\u0142a jak ma\u0142o co. To by\u0142o sprytne i m\u0105dre projektowanie.<\/p>\n<p><strong>Utw\u00f3r roku<\/strong><br \/>\n<strong>Nominowani:<\/strong> <em>Ma\u0142omiasteczkowy <\/em>Dawid Podsiad\u0142o, <em>Nic tu po mnie<\/em> Micha\u0142 Szczygie\u0142, <em>Nie dobij\u0119 si\u0119 do ciebie<\/em> Daria Zawia\u0142ow, <em>Nie ma mnie<\/em> Lanberry, <em>Pocz\u0105tek<\/em> M\u0119skie Granie Orkiestra 2018 (Kortez, Podsiad\u0142o, Zalewski).<br \/>\nWygra (i powinien wygra\u0107) <strong>Podsiad\u0142o<\/strong>. Cho\u0107 i tak zagraj\u0105 wam w czasie gali <em>Pocz\u0105tek <\/em>tyle razy, \u017ce wyjdziecie earworm roku wr\u00f3ci.<\/p>\n<p><strong>Teledysk roku<\/strong><br \/>\n<strong>Nominowani:<\/strong> <em>\u0141uny <\/em>Natalia Nykiel (\u0141ukasz Zab\u0142ocki), <em>Ma\u0142omiasteczkowy<\/em> Dawid Podsiad\u0142o (Tomasz Bagi\u0144ski), <em>Nagasaki <\/em>Nosowskiej (Jacek Ko\u015bciuszko), Pocz\u0105tek M\u0119skiego Grania (Tadeusz \u015aliwa), <em>Powiedz mi to w twarz<\/em> Zuza Jab\u0142o\u0144ska ft. Jan-Rapowanie &amp; Siles (Dawid Ziemba).<br \/>\nTu was mo\u017ce zdziwi\u0119, ale klip <strong>Natalii Nykiel<\/strong> jest znakomity i chcia\u0142bym, \u017ceby zawalczy\u0142. Nosowska fajna, ale w kategorii pastiszu troch\u0119. Wygra <em>Ma\u0142omiasteczkowy <\/em>i nie b\u0119d\u0119 zgrzyta\u0107 z\u0119bami.<\/p>\n<p>Po zsumowaniu wychodzi mi na to, \u017ce najwi\u0119cej statuetek powinien zdoby\u0107 <strong>Dawid Podsiad\u0142o<\/strong>. Typuj\u0119 pi\u0119\u0107, wliczaj\u0105c opraw\u0119 i teledysk. Ale i tak ka\u017cdy wi\u0119kszy sens tych nagr\u00f3d rozwodni si\u0119 troch\u0119 w ich og\u00f3lnej liczbie. Mi\u0142ego ogl\u0105dania i jednak paru zaskocze\u0144.<\/p>\n<p>Dzi\u015b jeszcze lista pi\u0105tkowych premier, si\u0119 pracuje.<\/p>\n","protected":false},"excerpt":{"rendered":"<p>Fryderyki zamieniaj\u0105 si\u0119 w dwudniowy festiwal polskiej tw\u00f3rczo\u015bci muzycznej.<\/p>\n","protected":false},"author":1,"featured_media":21148,"comment_status":"open","ping_status":"closed","sticky":false,"template":"","format":"standard","meta":{"footnotes":""},"categories":[1],"tags":[3903],"_links":{"self":[{"href":"https:\/\/blog.polityka.pl\/polifonia\/wp-json\/wp\/v2\/posts\/21128"}],"collection":[{"href":"https:\/\/blog.polityka.pl\/polifonia\/wp-json\/wp\/v2\/posts"}],"about":[{"href":"https:\/\/blog.polityka.pl\/polifonia\/wp-json\/wp\/v2\/types\/post"}],"author":[{"embeddable":true,"href":"https:\/\/blog.polityka.pl\/polifonia\/wp-json\/wp\/v2\/users\/1"}],"replies":[{"embeddable":true,"href":"https:\/\/blog.polityka.pl\/polifonia\/wp-json\/wp\/v2\/comments?post=21128"}],"version-history":[{"count":15,"href":"https:\/\/blog.polityka.pl\/polifonia\/wp-json\/wp\/v2\/posts\/21128\/revisions"}],"predecessor-version":[{"id":21161,"href":"https:\/\/blog.polityka.pl\/polifonia\/wp-json\/wp\/v2\/posts\/21128\/revisions\/21161"}],"wp:featuredmedia":[{"embeddable":true,"href":"https:\/\/blog.polityka.pl\/polifonia\/wp-json\/wp\/v2\/media\/21148"}],"wp:attachment":[{"href":"https:\/\/blog.polityka.pl\/polifonia\/wp-json\/wp\/v2\/media?parent=21128"}],"wp:term":[{"taxonomy":"category","embeddable":true,"href":"https:\/\/blog.polityka.pl\/polifonia\/wp-json\/wp\/v2\/categories?post=21128"},{"taxonomy":"post_tag","embeddable":true,"href":"https:\/\/blog.polityka.pl\/polifonia\/wp-json\/wp\/v2\/tags?post=21128"}],"curies":[{"name":"wp","href":"https:\/\/api.w.org\/{rel}","templated":true}]}}