
{"id":23016,"date":"2019-09-09T09:20:36","date_gmt":"2019-09-09T07:20:36","guid":{"rendered":"http:\/\/polifonia.blog.polityka.pl\/?p=23016"},"modified":"2019-09-09T09:27:07","modified_gmt":"2019-09-09T07:27:07","slug":"10-fantastycznych-plyt-ktore-nieslusznie-pominalem-podczas-wakacji-vol-2","status":"publish","type":"post","link":"https:\/\/blog.polityka.pl\/polifonia\/2019\/09\/09\/10-fantastycznych-plyt-ktore-nieslusznie-pominalem-podczas-wakacji-vol-2\/","title":{"rendered":"10 fantastycznych p\u0142yt, kt\u00f3re nies\u0142usznie pomin\u0105\u0142em podczas wakacji, vol. 2"},"content":{"rendered":"<p>Je\u015bli kto\u015b uwa\u017ca, \u017ce przed tygodniem prezentowa\u0142em p\u0142yty nieznane, to tu znajdzie jeszcze bardziej nieznane. Je\u015bli te sprzed tygodnia by\u0142y zbyt r\u00f3\u017cnorodne, to uwaga, bo te s\u0105 jeszcze bardziej r\u00f3\u017cnorodne. Pierwsza pi\u0105tka tego remanentowego wakacyjnego zestawienia nieopisanych wcze\u015bniej album\u00f3w <a href=\"https:\/\/polifonia.blog.polityka.pl\/2019\/09\/04\/10-fantastycznych-plyt-z-wakacji-ktore-nieslusznie-pominalem-vol-1\/\">pojawi\u0142a si\u0119 w ubieg\u0142ym tygodniu<\/a>. Winien jestem sobie i wam publikacj\u0119 cz\u0119\u015bci drugiej. A po tym wpisie konto zaleg\u0142o\u015bci jakby czystsze.  <!--more--><\/p>\n<p><iframe style=\"border: 0; width: 100%; height: 120px;\" src=\"https:\/\/bandcamp.com\/EmbeddedPlayer\/album=1016836622\/size=large\/bgcol=ffffff\/linkcol=0687f5\/tracklist=false\/artwork=small\/transparent=true\/\" seamless><a href=\"http:\/\/analogafrica.bandcamp.com\/album\/jamb-e-os-m-ticos-sons-da-amaz-nia\">Jamb\u00fa e Os M\u00edticos Sons Da Amaz\u00f4nia by Various<\/a><\/iframe><\/p>\n<p><strong>R\u00d3\u017bNI WYKONAWCY <em>Jamb\u00fa e os m\u00edticos sons da Amaz\u00f4nia<\/em><\/strong>, Analog Africa 2019, <strong>8\/10<\/strong><br \/>\n<em>Premiera: 21 czerwca<\/em><br \/>\nNiesamowita archiwalna muzyka z okolic Belem w p\u00f3\u0142nocnej Brazylii okazuje si\u0119 &#8211; co by\u0142o do przewidzenia &#8211; kompatybilna z kolumbijsk\u0105 cumbi\u0105. A pie\u015bni w rytmie na 2\/4 okazuj\u0105 si\u0119 idealn\u0105 \u015bcie\u017ck\u0105 d\u017awi\u0119kow\u0105 do samochodu, o czym ju\u017c <a href=\"https:\/\/polifonia.blog.polityka.pl\/2019\/07\/29\/temat-wakacji\/\">wspomina\u0142em pod koniec lipca<\/a>. Pinduca i jego <em>Vamos farrear<\/em> w ka\u017cdym aucie! Wi\u0119c mo\u017ce nie do ko\u0144ca pomini\u0119ta ta p\u0142yta, ale na pewno nie do\u015b\u0107 mocno na Polifonii wyeksponowana. <em>Jamb\u00fa e os m\u00edticos sons da Amaz\u00f4nia<\/em> jest kompilacj\u0105 zebran\u0105 w najlepszym stylu Analog Africa, czyli starannej niemieckiej wytw\u00f3rni specjalizuj\u0105cej si\u0119 dot\u0105d &#8211; zgodnie z nazw\u0105 &#8211; w muzyce afryka\u0144skiej, a tu zmieniaj\u0105cej kontynent i stref\u0119 j\u0119zykow\u0105 (cho\u0107 maj\u0105 na koncie nagrania z Angoli), cho\u0107 pozostaj\u0105cej w podobnej strefie klimatycznej. <\/p>\n<p><iframe loading=\"lazy\" style=\"border: 0; width: 100%; height: 120px;\" src=\"https:\/\/bandcamp.com\/EmbeddedPlayer\/album=1013479658\/size=large\/bgcol=ffffff\/linkcol=0687f5\/tracklist=false\/artwork=small\/transparent=true\/\" width=\"300\" height=\"150\" seamless=\"\"><a href=\"http:\/\/idealrecordings.bandcamp.com\/album\/the-sacrificial-code\">The Sacrificial Code by Kali Malone<\/a><\/iframe><\/p>\n<p><strong>KALI MALONE <em>The Sacrificial Code<\/em><\/strong>, iDEAL 2019, <strong>8\/10<\/strong><br \/>\n<em>Premiera: 9 lipca<\/em><br \/>\nWypada\u0142oby zacz\u0105\u0107 od tego, \u017ce to d\u0142ugi album, ale te 106 minut nie doskwiera tak bardzo jak przy innych (&#8222;przy Tool&#8221; &#8211; korci mnie, albo &#8222;przy Lanie&#8221;, ale to by by\u0142a z\u0142o\u015bliwo\u015b\u0107, s\u0105 na pewno  gorsze i bardziej wyraziste przyk\u0142ady). Mo\u017ce dlatego, \u017ce mi\u0119dzy jedn\u0105 zmian\u0105 akordu a drug\u0105 mo\u017cna wsta\u0107 z fotela, wstawi\u0107 wod\u0119 na herbat\u0119, a przed kolejn\u0105 zmian\u0105 herbata zd\u0105\u017cy ju\u017c nieco ostygn\u0105\u0107. I nie wy\u015bmiewam, bo przy tej ciep\u0142ej, dronowej, a przy tym melodyjnej &#8211; cho\u0107 to melodie roz\u0142o\u017cone na d\u0142ugie minuty &#8211; p\u0142ycie m\u00f3g\u0142bym sp\u0119dzi\u0107 ca\u0142y wiecz\u00f3r, ani my\u015bl\u0105c, \u017ceby to zmieni\u0107. Kali Malone &#8211; wychowuj\u0105ca si\u0119 w Ameryce, ale mieszkaj\u0105ca w Szwecji &#8211; ma w dorobku nagrania na syntezatory i organy, ale tu ca\u0142kiem po\u015bwi\u0119ca si\u0119 tym drugim. Jej wzorem &#8211; i przewodniczk\u0105 poniek\u0105d, bo si\u0119 pozna\u0142y &#8211; sta\u0142\u0105 si\u0119 nieco tylko starsza Ellen Arkbro. A dla tej, jak wiemy, wzorem by\u0142 La Monte Young i jego otoczenie. Mo\u017cna wi\u0119c zaryzykowa\u0107 twierdzenie, \u017ce w Sztokholmie mamy dzi\u015b ca\u0142kiem mocny o\u015brodek dronowego minimalizmu. A w wypadku Malone daje ten nurt bardzo przyjemne i pi\u0119kne efekty.<\/p>\n<p><iframe style=\"border: 0; width: 100%; height: 120px;\" src=\"https:\/\/bandcamp.com\/EmbeddedPlayer\/album=1685871111\/size=large\/bgcol=ffffff\/linkcol=0687f5\/tracklist=false\/artwork=small\/transparent=true\/\" seamless><a href=\"http:\/\/alpakarecords.bandcamp.com\/album\/total-panorama\">Total Panorama by Nene Heroine<\/a><\/iframe><\/p>\n<p><strong>NENE HEROINE <em>Total Panorama<\/em><\/strong>, Alpaka 2019, <strong>7\/10<\/strong><br \/>\n<em>Premiera: 18 lipca<\/em><br \/>\nJedna z najlepiej ukrytych premier wakacji, a przy tym polski &#8211; dok\u0142adniej: tr\u00f3jmiejski &#8211; atak na pozycje r\u00f3\u017cnych formacji \u0142\u0105cz\u0105cych jazzowe wp\u0142ywy z post-, albo nawet space-rockowymi. Nazwiska cz\u0142onk\u00f3w <strong>Nene Heroine<\/strong> (Peter Stanley Chester, Michael Zismann, Simon Burns itd.) niewiele wam powiedz\u0105, dop\u00f3ki si\u0119 nie zorientujecie, \u017ce Simon Burns to Szymon Burnos, Stan Corazon wydaje si\u0119 S\u0142awkiem Koryzno, a Michael Zismann to najwyra\u017aniej Micha\u0142 Zienkowski&#8230; itd., \u017ceby nie ca\u0142kiem nie zaspoilowa\u0107 tego procesu odkrywania prawdziwej to\u017csamo\u015bci kryj\u0105cej si\u0119 za zagranicznymi pseudonimami. Muzycy takich grup jak m.in. Algorhythm, The Sonic Syndicate czy Micha\u0142 B\u0105k Quartetto. Bardzo wa\u017cny dla tej mocno marzycielskiej, efektownej i zrealizowanej w szerokiej palecie brzmieniowej p\u0142yty musia\u0142 by\u0107 proces produkcji i realizacji, za kt\u00f3ry odpowiadaj\u0105 z kolei Maciej Cie\u015blak, Marek Schwarz i Piotr Pawlak. Paleta pomys\u0142\u00f3w jest szeroka, odnajd\u0105 si\u0119 tu zar\u00f3wno wielbiciele rockowej energii i groove&#8217;\u00f3w Fire!, jak i s\u0142uchacze Niech\u0119ci, a wreszcie fani Floating Points (ci to nawet w szczeg\u00f3lno\u015bci) czy nawet mi\u0142o\u015bnicy dramaturgii i atmosfery kompozycji Ennia Morricone (<em>Ben&#8217;s Mood<\/em>). \u015awietna propozycja przybli\u017caj\u0105ca tr\u00f3jmiejsk\u0105 scen\u0119 ca\u0142kiem szerokiej publiczno\u015bci, dlatego z t\u0105 anonimowo\u015bci\u0105 w tym wypadku bym nie przesadza\u0142.           <\/p>\n<p><iframe loading=\"lazy\" style=\"border: 0; width: 100%; height: 120px;\" src=\"https:\/\/bandcamp.com\/EmbeddedPlayer\/album=1230415703\/size=large\/bgcol=ffffff\/linkcol=0687f5\/tracklist=false\/artwork=small\/transparent=true\/\" width=\"300\" height=\"150\" seamless=\"\"><a href=\"http:\/\/kitsebastian.bandcamp.com\/album\/mantra-moderne\">Mantra Moderne by Kit Sebastian<\/a><\/iframe><br \/>\n<strong><br \/>\nKIT SEBASTIAN<em> Mantra Moderne<\/em><\/strong>, Mr Bongo 2019, <strong>7\/10<\/strong><br \/>\n<em>Premiera: 19 lipca<\/em><br \/>\nW dziedzinie p\u0142yt dla wszystkich trudno jednak przebi\u0107 ten duet &#8211; Kita Martina, dziel\u0105cego sw\u00f3j czas mi\u0119dzy Wielk\u0105 Brytani\u0119 i Francj\u0119, oraz tureck\u0105 wokalistk\u0119 Merve Erdem. Tu \u015blad Stereolab, tam marzycielski moment jak z nagra\u0144 Broadcast, ale oryginalno\u015b\u0107 ca\u0142ej tej produkcji gwarantuje fakt, \u017ce zarazem oboje gar\u015bciami czerpi\u0105 te\u017c z tureckiego psychodelicznego popu. Jedno i drugie poci\u0105ga za sob\u0105 r\u00f3\u017cne archaiczne gesty brzmieniowe. Instrumentarium elektroniczne i sample cz\u0142onkowie <strong>Kit Sebastian<\/strong> \u0142\u0105cz\u0105 \u015bmia\u0142o z tradycyjnymi instrumentami. A dodatkowo powo\u0142uj\u0105 si\u0119 na inspiracje Tropicali\u0105 &#8211; i jest na <em>Mantra Moderne<\/em> \u015blad brazylijskiego kulturowego kanibalizmu. Album podsun\u0105\u0142 mi w samym \u015brodku wakacji znajomy did\u017cej, kt\u00f3ry moj\u0105 s\u0142abo\u015b\u0107 do okolic easy listening zna od czas\u00f3w &#8222;Machiny&#8221; (gdzie recenzowa\u0142 p\u0142yty). A dobry did\u017cej jest w takich sytuacjach jak lekarz pierwszego kontaktu &#8211; lepiej potrafi przewidzie\u0107 reakcje pacjenta ni\u017c on sam. Co, po przyj\u0119ciu ponadnormatywnej dawki tej muzyki w wakacje, z rado\u015bci\u0105 potwierdzam.<\/p>\n<p><iframe style=\"border: 0; width: 100%; height: 120px;\" src=\"https:\/\/bandcamp.com\/EmbeddedPlayer\/album=399826373\/size=large\/bgcol=ffffff\/linkcol=0687f5\/tracklist=false\/artwork=small\/transparent=true\/\" seamless><a href=\"http:\/\/purpletapepedigree.bandcamp.com\/album\/wahala\">WAHALA by YATTA<\/a><\/iframe><\/p>\n<p><strong>YATTA <em>Wahala<\/em><\/strong>, PTP 2019,<strong> 7\/10<\/strong><br \/>\n<em>Premiera: 2 sierpnia<\/em><br \/>\nJu\u017c s\u0142owa odautorskiego wst\u0119pu (<em>Ten album jest o byciu czarn\u0105, trans i Afrykank\u0105 na obcej ziemi<\/em>) jasno wskazuj\u0105, \u017ce b\u0119dziemy mieli do czynienia z jakim\u015b rodzajem opowie\u015bci. Ale zanim automatycznie postawimy to na t\u0119 sam\u0105 p\u00f3\u0142k\u0119 co Moor Mother czy Matan\u0119 Roberts, wato spojrze\u0107 na ca\u0142\u0105 rzecz w szerszym kontek\u015bcie. <strong>Yatta <\/strong>to ameryka\u0144ska poetka (ona &#8211; z braku angielskiej formy &#8222;they&#8221;)  i artystka d\u017awi\u0119kowa o nigeryjskich korzeniach. Pos\u0142uguje si\u0119 w\u0142asnym g\u0142osem &#8211; okazjonalnie wykorzystuj\u0105c pomoc innych wokalist\u00f3w, instrumentalist\u00f3w i producent\u00f3w (w\u015br\u00f3d nich jest znana w Polsce Felicita) &#8211; i \u015brodkami elektronicznymi. Przetwarza swoj\u0105 parti\u0119 wokaln\u0105 lub przewa\u017caj\u0105ce tu partie m\u00f3wione za pomoc\u0105 przer\u00f3\u017cnych efekt\u00f3w, zmieniaj\u0105c barw\u0119 i r\u00f3\u017cne w\u0142a\u015bciwo\u015bci g\u0142osu, niczym Laurie Anderson. I tak jak ona umieszczaj\u0105c histori\u0119 w centrum. Tyle \u017ce jest to awangardowe spojrzenie na tak\u0105 narracj\u0119 z punktu widzenia XXI, a nie XX wieku. Rzecz momentami nawi\u0105zuje do bluesa czy gospel, ale mo\u017cna to traktowa\u0107 jako rodzaj zanurzonego w muzycznej ekspresji, nowoczesnego poetyckiego audiobooka. <\/p>\n","protected":false},"excerpt":{"rendered":"<p>Je\u015bli kto\u015b uwa\u017ca, \u017ce przed tygodniem prezentowa\u0142em p\u0142yty nieznane, to tu znajdzie jeszcze bardziej nieznane. Je\u015bli te sprzed tygodnia by\u0142y zbyt r\u00f3\u017cnorodne, to uwaga, bo te s\u0105 jeszcze bardziej r\u00f3\u017cnorodne. Pierwsza pi\u0105tka tego remanentowego wakacyjnego zestawienia nieopisanych wcze\u015bniej album\u00f3w pojawi\u0142a si\u0119 w ubieg\u0142ym tygodniu. Winien jestem sobie i wam publikacj\u0119 cz\u0119\u015bci drugiej. A po tym [&hellip;]<\/p>\n","protected":false},"author":1,"featured_media":23017,"comment_status":"open","ping_status":"closed","sticky":false,"template":"","format":"standard","meta":{"footnotes":""},"categories":[18,12,3,312,120,558,4078,3823,106],"tags":[4103,4097,4098,4099,4100],"_links":{"self":[{"href":"https:\/\/blog.polityka.pl\/polifonia\/wp-json\/wp\/v2\/posts\/23016"}],"collection":[{"href":"https:\/\/blog.polityka.pl\/polifonia\/wp-json\/wp\/v2\/posts"}],"about":[{"href":"https:\/\/blog.polityka.pl\/polifonia\/wp-json\/wp\/v2\/types\/post"}],"author":[{"embeddable":true,"href":"https:\/\/blog.polityka.pl\/polifonia\/wp-json\/wp\/v2\/users\/1"}],"replies":[{"embeddable":true,"href":"https:\/\/blog.polityka.pl\/polifonia\/wp-json\/wp\/v2\/comments?post=23016"}],"version-history":[{"count":14,"href":"https:\/\/blog.polityka.pl\/polifonia\/wp-json\/wp\/v2\/posts\/23016\/revisions"}],"predecessor-version":[{"id":23061,"href":"https:\/\/blog.polityka.pl\/polifonia\/wp-json\/wp\/v2\/posts\/23016\/revisions\/23061"}],"wp:featuredmedia":[{"embeddable":true,"href":"https:\/\/blog.polityka.pl\/polifonia\/wp-json\/wp\/v2\/media\/23017"}],"wp:attachment":[{"href":"https:\/\/blog.polityka.pl\/polifonia\/wp-json\/wp\/v2\/media?parent=23016"}],"wp:term":[{"taxonomy":"category","embeddable":true,"href":"https:\/\/blog.polityka.pl\/polifonia\/wp-json\/wp\/v2\/categories?post=23016"},{"taxonomy":"post_tag","embeddable":true,"href":"https:\/\/blog.polityka.pl\/polifonia\/wp-json\/wp\/v2\/tags?post=23016"}],"curies":[{"name":"wp","href":"https:\/\/api.w.org\/{rel}","templated":true}]}}