
{"id":253,"date":"2010-10-12T16:22:45","date_gmt":"2010-10-12T14:22:45","guid":{"rendered":"http:\/\/polifonia.blog.polityka.pl\/?p=253"},"modified":"2010-10-12T16:25:31","modified_gmt":"2010-10-12T14:25:31","slug":"jazz-maszyny-i-pokemony-czyli-do-uslyszenia-w-polsce-cz-5","status":"publish","type":"post","link":"https:\/\/blog.polityka.pl\/polifonia\/2010\/10\/12\/jazz-maszyny-i-pokemony-czyli-do-uslyszenia-w-polsce-cz-5\/","title":{"rendered":"Jazz, maszyny i Pokemony, czyli do us\u0142yszenia w Polsce cz. 5"},"content":{"rendered":"<p>W por\u00f3wnaniu z Antonymi albo innymi onymi z zagranicy polscy wykonawcy nie wzbudzaj\u0105 tu jakich\u015b wielkich kontrowersji, ale z uporem maniaka b\u0119d\u0119 do nich wraca\u0142 raz na jaki\u015b czas w takim kr\u00f3tkim przelocie przez nowo\u015bci. Dzi\u015b b\u0119dzie o tym, czy musicie sobie poprawi\u0107 wydolno\u015b\u0107.<\/p>\n<p>Zesz\u0142oroczny album <strong>Twilite<\/strong> &#8222;Bits &#038; Pieces&#8221; troch\u0119 zignorowa\u0142em, bo wyda\u0142 mi si\u0119 do\u015b\u0107 przyjemny, ale nie do\u015b\u0107 porywaj\u0105cy. Teraz wpad\u0142a mi w r\u0119ce EP-ka &#8222;Else&#8221;, kt\u00f3ra szarpn\u0119\u0142a mn\u0105 ju\u017c na tyle, \u017ceby tu dopisa\u0107 s\u0142\u00f3wko. Ko\u0144cz\u0105cy j\u0105 utw\u00f3r &#8222;Another Day&#8221; raczej mnie wym\u0119czy\u0142, za to otwieraj\u0105cy ca\u0142o\u015b\u0107 &#8222;Fire&#8221; okaza\u0142 si\u0119 klimatyczn\u0105 i zwart\u0105 piosenk\u0105, a &#8222;Wake Up&#8221; spodoba\u0142 mi si\u0119 bardzo. Mo\u017ce to udzia\u0142 Piotra Maciejewskiego okaza\u0142 si\u0119 tak dobr\u0105 zmian\u0105? Idzie ku dobremu w ka\u017cdym razie. Zach\u0119cam do \u015bci\u0105gni\u0119cia sobie ca\u0142ej p\u0142ytki (legalnie) <a href=\"http:\/\/twilite.bandcamp.com\/\">st\u0105d<\/a>. <\/p>\n<p><strong>Aural Treat<\/strong> to paradoks: tak ciep\u0142o analogowe, ale jednocze\u015bnie tak ch\u0142odno zimnofalowe brzmienie. Duet, kt\u00f3ry gra muzyk\u0119 troch\u0119 nasycon\u0105 nowym electro (Miss Kittin &#038; The Hacker?), niezbyt nastawion\u0105 na taneczno\u015b\u0107 (z wyj\u0105tkiem mo\u017ce &#8222;I Smell Decay&#8221;), za to eksploatuj\u0105c\u0105 brzmienia syntezatorowe niczym Add N To (X). W sumie do\u015b\u0107 to wszystko ponadczasowe i na pewno stylowe, chocia\u017c mnie fascynacja taka muzyk\u0105 troch\u0119 przesz\u0142a w ostatnich latach. Strasznie przetrzyma\u0142em EP-k\u0119 &#8222;Flesh Sweat Synthesizers&#8221; i musz\u0119 powiedzie\u0107, \u017ce za ka\u017cdym razem, kiedy do niej wracam, s\u0142ysz\u0119 co\u015b wi\u0119cej &#8211; wola\u0142bym tylko nie wraca\u0107 do utworu &#8222;I Deliver Myself From the Dirt&#8221;, kt\u00f3ry wyj\u0105tkowo mocno dzia\u0142a mi na nerwy. Jak kto lubi, to niech <a href=\"http:\/\/myspace.com\/auraltreat\">klika<\/a>.  <\/p>\n<p>Na pewno nikt z tych, kt\u00f3rzy lubi\u0105 Aural Treat nie za\u0142apie si\u0119 na nowego <strong>Janusza Radka<\/strong> zatytu\u0142owanego &#8222;Gdzie\u015b-po-mi\u0119dzy&#8221;. Chocia\u017c b\u0119dzie jeszcze spora rzesza tych, kt\u00f3rym nie spodoba si\u0119 ani to, ani to. Zreszt\u0105 w og\u00f3le Radek &#8211; \u015bpiewaj\u0105cy aktor od dawna pr\u00f3buj\u0105cy sta\u0107 si\u0119 \u015bpiewaj\u0105cym autorem &#8211; ma spory odbi\u00f3r negatywny. Ci\u0105gnie si\u0119 za nim Piotr Rubik (&#8222;Psa\u0142terz&#8230;&#8221;) i ci\u0105g\u0142e granie r\u00f3\u017cnej ma\u015bci cover\u00f3w, co jest upiorem piosenkarzy o musicalowych zap\u0119dach. Tu objawia si\u0119 jako kompozytor (ju\u017c wcze\u015bniej bywa\u0142) i autor tekst\u00f3w (wcze\u015bniej nie bywa\u0142, albo nie zauwa\u017cy\u0142em). &#8222;Stopa nas poprowadzi \/ Stopa prowadzi nas \/ A my pos\u0142uszni stopom \/ Pobiegniemy w dal&#8221; &#8211; takie co\u015b wynotowa\u0142em z tekstu, kt\u00f3ry stopa prowadzi, a jak\u017ce. Bo Radek szuka jakich\u015b mocniejszych, takich z powiedzmy pogranicza popu i rocka, \u015brodk\u00f3w wyrazu. Dopiero w po\u0142owie (&#8222;Wysy\u0142kowa mi\u0142o\u015b\u0107&#8221;) p\u0142yta robi si\u0119 niezno\u015bna, wi\u0119c albo ja trac\u0119 pazur, albo ci\u0119\u017cka praca artysty przez lata skutkuje czym\u015b, co przynajmniej potrafi\u0119 tolerowa\u0107. Utw\u00f3r &#8222;Ma dzisiaj wolne&#8221; przynosi nawet jak\u0105\u015b fajn\u0105 oldskulowo\u015b\u0107. Czego prosz\u0119 nie zrozumie\u0107 jako zach\u0119ty do kupowania tego wydawnictwa &#8211; problemem Radka pozostaje to, co charakterystyczne dla naszych aktor\u00f3w-wokalist\u00f3w &#8211; nadmiar interpretacji i brak stylu na planie muzycznym. Ale na pewno znajdzie swoj\u0105 publiczno\u015b\u0107. Pewnie g\u0142\u00f3wnie poza gronem czytelnik\u00f3w niniejszego bloga&#8230; Wi\u0119cej mo\u017cna wyczyta\u0107 na jego bardzo powa\u017cnie prowadzonej <a href=\"http:\/\/www.januszradek.pl\/\">stronie<\/a>. Determinacj\u0119 i szeroko\u015b\u0107 muzycznych horyzont\u00f3w Radka dobrze oddaje na przyk\u0142ad to (uwaga! wczesne roczniki dziewi\u0119\u0107dziesi\u0105te musz\u0105 si\u0119 przygotowa\u0107 na nostalgiczny szok!):<\/p>\n<p><object width=\"450\" height=\"360\"><param name=\"movie\" value=\"http:\/\/www.youtube.com\/v\/1TAzzM33uN0?fs=1&amp;hl=pl_PL\"><\/param><param name=\"allowFullScreen\" value=\"true\"><\/param><param name=\"allowscriptaccess\" value=\"always\"><\/param><embed src=\"http:\/\/www.youtube.com\/v\/1TAzzM33uN0?fs=1&amp;hl=pl_PL\" type=\"application\/x-shockwave-flash\" allowscriptaccess=\"always\" allowfullscreen=\"true\" width=\"450\" height=\"360\"><\/embed><\/object><\/p>\n<p>Niewiele wiem o <strong>Silberman Quintet<\/strong>. Chocia\u017c na przyk\u0142ad o Piotrze Wyle\u017cole, kt\u00f3ry gra u nich na fortepianie &#8211; ju\u017c du\u017co wi\u0119cej. Sk\u0142ad jest pi\u0119cioosobowy, z Adamem Ba\u0142dychem na skrzypcach, Wojciechem G\u0105siorem na bas\u00f3wce, Grzegorzem B\u0105kiem na kontrabasie, no i perkusist\u0105 \u0141ukaszem Stworzewiczem, kt\u00f3ry jest animatorem ca\u0142ego przedsi\u0119wzi\u0119cia. Muzyka to jazz lekko podbarwiony mocniejszym, rockowym graniem i lekko przyprawiony tzadikiem, ale wci\u0105\u017c w do\u015b\u0107 klasycznym stylu. Zbigniew Seifert, Jean Luc Ponty &#8211; skrzypce niestety naprowadzaj\u0105 mnie zawsze na pewn\u0105 kolein\u0119. No i wsp\u00f3\u0142cze\u015bnie Mateusz Smoczy\u0144ski Quintet, w ca\u0142o\u015bci w tej chwili troch\u0119 lepszy moim zdaniem (ale ja si\u0119 tam na jazzie nie znam&#8230;). Kennedy&#8217;emu dajmy spok\u00f3j, ostatnio utkn\u0105\u0142 w jakim\u015b <a href=\"http:\/\/www.tvn24.pl\/0,1675858,0,1,heroina-w-apartamencie-nigela-kennedyego,wiadomosc.html\">niemieckim uzdrowisku<\/a>. Silberman jest najlepszy, gdy uderza w tony liryczne &#8211; jak w &#8222;Azazelu&#8221; (tak, tak &#8211; czy\u017cby odpowied\u017a na Zorna?). Albo gdy z &#8222;Life On Mars?&#8221; Bowiego robi s\u0142owia\u0144sk\u0105 ballad\u0119. Z kapitalnie prowadzon\u0105 parti\u0105 skrzypiec w roli wokalu. P\u0142yta jest w miar\u0119 nieprzegadana &#8211; i za to im chwa\u0142a. Zamiast braw klika\u0107 mo\u017cna <a href=\"http:\/\/www.silbermanquintet.pl\">tu<\/a>.<\/p>\n<p>I mam nadziej\u0119, \u017ce jeszcze nie usn\u0119li\u015bcie, bo mam jeszcze jedn\u0105 p\u0142yt\u0119, kt\u00f3r\u0105 dosta\u0142em do\u015b\u0107 dawno, ale nie mia\u0142em chwili, \u017ceby szepn\u0105\u0107 tu o niej. Szepn\u0105\u0107, bo to muzyka niszowa, a nie masowa. <strong>Piotr Kurek<\/strong> i &#8222;Inne pie\u015bni&#8221;. Album zestrojony z lubelskimi dzia\u0142aniami wok\u00f3\u0142 Europejskiej Stolicy Kultury, a zmasterowany w studiu Taylora Deupree. Spokojnie m\u00f3g\u0142by wyj\u015b\u0107 w jego wytw\u00f3rni 12k (a mo\u017ce wyjdzie, a ja o tym jeszcze nie wiem &#8211; wszak Kurek ma na koncie album dla presti\u017cowego wydawnictwa Cr\u00f3nica). Ba\u0142ka\u0144skie pie\u015bni zgrabnie poloopowane i przetworzone, zmienione w odrealnion\u0105 przestrze\u0144 pe\u0142n\u0105 zaskocze\u0144. To te\u017c jest szczeg\u00f3lna muzyka \u015bwiata, nawet ca\u0142ego \u015bwiata na raz, ale z ca\u0142\u0105 pewno\u015bci\u0105 Marcin Kydry\u0144ski nie we\u017amie tego na swoj\u0105 sk\u0142adank\u0119 &#8222;Siesta&#8221;. A to ju\u017c jakie\u015b rozr\u00f3\u017cnienie stylistyczne, kt\u00f3re dla niekt\u00f3rych powinno by\u0107 cenne. <a href=\"http:\/\/www.myspace.com\/pekurek\">Tutaj<\/a> MySpace Piotra Kurka &#8211; nagroda dla wytrwa\u0142ych za przeczytanie tego d\u0142uga\u015bnego (tak, wiem) wpisu.<br \/>\nA je\u015bli taka nagroda to za ma\u0142o, powiem co\u015b wi\u0119cej: Gratuluj\u0119! Je\u015bli jeszcze pami\u0119tacie, co pisa\u0142em na pocz\u0105tku &#8211; wasza wydolno\u015b\u0107 jest wystarczaj\u0105ca, nie musicie jej poprawia\u0107.<\/p>\n","protected":false},"excerpt":{"rendered":"<p>W por\u00f3wnaniu z Antonymi albo innymi onymi z zagranicy polscy wykonawcy nie wzbudzaj\u0105 tu jakich\u015b wielkich kontrowersji, ale z uporem maniaka b\u0119d\u0119 do nich wraca\u0142 raz na jaki\u015b czas w takim kr\u00f3tkim przelocie przez nowo\u015bci. Dzi\u015b b\u0119dzie o tym, czy musicie sobie poprawi\u0107 wydolno\u015b\u0107. Zesz\u0142oroczny album Twilite &#8222;Bits &#038; Pieces&#8221; troch\u0119 zignorowa\u0142em, bo wyda\u0142 mi [&hellip;]<\/p>\n","protected":false},"author":1,"featured_media":0,"comment_status":"open","ping_status":"open","sticky":false,"template":"","format":"standard","meta":{"footnotes":""},"categories":[76,120,107,7,9,4],"tags":[241,276,277,278,275],"_links":{"self":[{"href":"https:\/\/blog.polityka.pl\/polifonia\/wp-json\/wp\/v2\/posts\/253"}],"collection":[{"href":"https:\/\/blog.polityka.pl\/polifonia\/wp-json\/wp\/v2\/posts"}],"about":[{"href":"https:\/\/blog.polityka.pl\/polifonia\/wp-json\/wp\/v2\/types\/post"}],"author":[{"embeddable":true,"href":"https:\/\/blog.polityka.pl\/polifonia\/wp-json\/wp\/v2\/users\/1"}],"replies":[{"embeddable":true,"href":"https:\/\/blog.polityka.pl\/polifonia\/wp-json\/wp\/v2\/comments?post=253"}],"version-history":[{"count":0,"href":"https:\/\/blog.polityka.pl\/polifonia\/wp-json\/wp\/v2\/posts\/253\/revisions"}],"wp:attachment":[{"href":"https:\/\/blog.polityka.pl\/polifonia\/wp-json\/wp\/v2\/media?parent=253"}],"wp:term":[{"taxonomy":"category","embeddable":true,"href":"https:\/\/blog.polityka.pl\/polifonia\/wp-json\/wp\/v2\/categories?post=253"},{"taxonomy":"post_tag","embeddable":true,"href":"https:\/\/blog.polityka.pl\/polifonia\/wp-json\/wp\/v2\/tags?post=253"}],"curies":[{"name":"wp","href":"https:\/\/api.w.org\/{rel}","templated":true}]}}