
{"id":26010,"date":"2020-07-02T08:39:21","date_gmt":"2020-07-02T06:39:21","guid":{"rendered":"http:\/\/polifonia.blog.polityka.pl\/?p=26010"},"modified":"2020-07-03T08:52:09","modified_gmt":"2020-07-03T06:52:09","slug":"otworza-duze-imprezy-kiedy-juz-prawie-wszyscy-je-odwolali","status":"publish","type":"post","link":"https:\/\/blog.polityka.pl\/polifonia\/2020\/07\/02\/otworza-duze-imprezy-kiedy-juz-prawie-wszyscy-je-odwolali\/","title":{"rendered":"Otworz\u0105 du\u017ce imprezy (kiedy ju\u017c prawie wszyscy je odwo\u0142ali)"},"content":{"rendered":"<p>Dzi\u015b prawie same dobre wiadomo\u015bci. Ot\u00f3\u017c po pierwsze ten wczorajszy koncert Radiohead z Open&#8217;era (<a href=\"https:\/\/opener.pl\/\">do soboty kolejne<\/a>) troch\u0119 si\u0119 rwa\u0142 w streamingu, ale by\u0142o s\u0142ycha\u0107 lepiej ni\u017c na miejscu w Gdyni, a bez tego faceta, kt\u00f3ry pr\u00f3bowa\u0142 za\u0142atwi\u0107 w t\u0142umie potrzeby fizjologiczne (odsy\u0142am do <a href=\"https:\/\/polifonia.blog.polityka.pl\/2017\/06\/29\/teoria-ogolnej-transmisji-wszystkiego\/\">mojego tekstu sprzed trzech lat<\/a>), nawet \u0142atwiej si\u0119 by\u0142o skoncentrowa\u0107 na muzyce. Po drugie &#8211; ministerstwo kultury z charakterystyczn\u0105 dla siebie z\u0142o\u015bliwo\u015bci\u0105 akurat przed odpaleniem wirtualnego Open&#8217;era postanowi\u0142o w ko\u0144cu wyda\u0107 wytyczne prawie zr\u00f3wnuj\u0105ce muzyk\u00f3w z pi\u0142karzami i pozwoli\u0107 na du\u017ce imprezy na ponad 150 os\u00f3b. Cho\u0107 oczywi\u015bcie w takim re\u017cimie (5 m kw. na osob\u0119, odleg\u0142o\u015b\u0107 2 m do kolejnej osoby plus jeszcze wyznaczenie odpowiednich znak\u00f3w poziomych) mo\u017ce si\u0119 okaza\u0107, \u017ce chwilowo lepsze transmisje. Ale przynajmniej symbolicznie mo\u017cna po\u015bwi\u0119towa\u0107 w terminie ulubionej imprezy. Festiwal Roskilde posun\u0105\u0142 si\u0119 nawet do tego, \u017ce udziela precyzyjnych wskaz\u00f3wek <a href=\"https:\/\/www.roskilde-festival.dk\/en\/roskilde-festival-do-it-yourself\/?fbclid=IwAR0yq3a04yFWc9CDvRQLnkH1YC7iNT39Koj30AXQM9qFtunAxGwEe-LGjqg\">jak sobie zorganizowa\u0107 festiwal w domu na w\u0142asn\u0105 r\u0119k\u0119,<\/a> s\u0105 nawet przepisy na miejscowe hity kuchni festiwalowej, a przy okazji sprzedaje cegie\u0142ki ze specjalnymi opaskami na r\u0119k\u0119. Rozwa\u017cam wi\u0119c dzi\u015b jedzenie z Roskilde, a streaming z Open&#8217;era. Poni\u017cej &#8211; wytyczne i imprezy online. Bo z\u0142a wiadomo\u015b\u0107 jest jedna, i to zasadnicza &#8211; prawie nikt ju\u017c tych wielkich imprez plenerowych w wakacje nie zd\u0105\u017cy zorganizowa\u0107.&nbsp;&nbsp;<\/p>\n\n\n<!--more-->\n\n\n\n<blockquote class=\"twitter-tweet\"><p lang=\"pl\" dir=\"ltr\">&#x2757;&#xfe0f;&#x2757;&#xfe0f;&#x2757;&#xfe0f;Od 17 lipca zmieni\u0105 si\u0119 regulacje dotycz\u0105ce wydarze\u0144 artystycznych i rozrywkowych organizowanych w otwartej przestrzeni \u2013 b\u0119dzie w nich mog\u0142o uczestniczy\u0107 wi\u0119cej ni\u017c 150 os\u00f3b pod warunkiem zachowania zasad dystansu spo\u0142ecznego.<br><br>Komunikat &#x2935;&#xfe0f;&#x2935;&#xfe0f;&#x2935;&#xfe0f; <a href=\"https:\/\/t.co\/j436M6rUV7\">https:\/\/t.co\/j436M6rUV7<\/a> <a href=\"https:\/\/t.co\/8IBBgMVlkj\">pic.twitter.com\/8IBBgMVlkj<\/a><\/p>\u2014 Ministerstwo Kultury (@MKiDN_GOV_PL) <a href=\"https:\/\/twitter.com\/MKiDN_GOV_PL\/status\/1277945017571717126?ref_src=twsrc%5Etfw\">June 30, 2020<\/a><\/blockquote> <script async=\"\" src=\"https:\/\/platform.twitter.com\/widgets.js\" charset=\"utf-8\"><\/script>\n\n\n<p><strong>MUZYCZNE WYDARZENIA TYGODNIA ONLINE<\/strong><\/p>\n<p><strong>czwartek 2.07<\/strong><\/p>\n<p>16.00 Open&#8217;er online: <strong>Skunk Anansie, Idles, Zbigniew Wodecki with Mitch &amp; Mitch, Alabama Shakes, Kasabian, Pharrell Williams<\/strong> <a href=\"https:\/\/opener.pl\/\">&gt;&gt;szczeg\u00f3\u0142y<\/a>\u00a0\u00a0<br \/>19.00 <strong>Natalia Nykiel<\/strong>\u00a0\u2013 Red Bull Trasa \u017bycze\u0144\u00a0<a href=\"https:\/\/www.facebook.com\/events\/681985625919745\/\">&gt;&gt;szczeg\u00f3\u0142y<\/a>\u00a0<br \/>20.00 <strong>Mikromusic<\/strong> &#8211; Port Kultury NCK i Tr\u00f3jka <a href=\"https:\/\/www.facebook.com\/events\/934277627003262\/\">&gt;&gt;szczeg\u00f3\u0142y<\/a><br \/>22.00 <strong>Nocna Strefa<\/strong> w radiowej Dw\u00f3jce (a\u017c trzy godziny z HCH!)<\/p>\n<p><strong>pi\u0105tek 3.07<\/strong><\/p>\n<p>16.00 Open&#8217;er online: <strong>Rysy, Kamasi Washington, Jungle, Brodka, Queens Of The Stone Age, Diplo<\/strong> <a href=\"https:\/\/opener.pl\/\">&gt;&gt;szczeg\u00f3\u0142y<\/a>\u00a0<br \/>19.00 <strong>W\u0142odi<\/strong> &#8211; Live HD streaming <a href=\"https:\/\/www.facebook.com\/events\/277254426917852\/\">&gt;&gt;szczeg\u00f3\u0142y<\/a>\u00a0<br \/>20.00 Letni salon\u00a0<strong>Zygmunta Krauzego \u2013 PWM<\/strong>\u00a0<a href=\"https:\/\/www.facebook.com\/PWMEdition\/\">&gt;&gt;szczeg\u00f3\u0142y<\/a>\u00a0<br \/>20.00\u00a0<strong>Xdzv\u00f8nX<\/strong>\u00a0dla Firleja\u00a0<a href=\"https:\/\/www.facebook.com\/events\/2527900624129675\/\">&gt;&gt;szczeg\u00f3\u0142y<\/a>\u00a0<\/p>\n<p><strong>sobota 4.07<\/strong><\/p>\n<p>16.00 Open&#8217;er online: <strong>Sorry Boys, Penderecki\/Greenwood, The Kills, Royal Blood, Foo Fighters, Orbital<\/strong> <a href=\"https:\/\/opener.pl\/\">&gt;&gt;szczeg\u00f3\u0142y<\/a>\u00a0<br \/>19.00 <strong>Domowy Jazz Band M\u0142ynarski-Masecki<\/strong> w cyklu Dom\u00f3wka z Dw\u00f3jk\u0105 <a href=\"https:\/\/www.facebook.com\/events\/265586651488886\/\">&gt;&gt;szczeg\u00f3\u0142y<\/a>\u00a0<br \/>20.00 <strong>Novika &amp; Mr. Lex<\/strong> x Nowa Fala 2020 <a href=\"https:\/\/www.facebook.com\/events\/1273845476281099\">&gt;&gt;szczeg\u00f3\u0142y<\/a>\u00a0<br \/>20.30\u00a0<strong>Lipnicka &amp; Porter<\/strong>\u00a0Nieprzyzwoity koncert | Na \u017cywo i\u00a0online\u00a0\u00a0<a href=\"https:\/\/www.facebook.com\/events\/576982392958975\/\">&gt;&gt;szczeg\u00f3\u0142y<\/a>\u00a0\u00a0<\/p>\n<p><strong>niedziela 5.07<br \/><br \/><\/strong>19.00\u00a0<strong>Voo Voo<\/strong>\u00a0\u2013 w\u00a0ramach cyklu\u00a0<em>Wygramy muzyk\u0105<\/em>\u00a0<a href=\"https:\/\/www.facebook.com\/events\/2221752537971264\/\">&gt;&gt;szczeg\u00f3\u0142y<\/a>\u00a0\u00a0<br \/>20.00 <strong>Czwarty Domowy Salon Ambientu<\/strong> <a href=\"http:\/\/facebook.com\/events\/1701128543369580\/\">&gt;&gt;szczeg\u00f3\u0142y<\/a><\/p>\n<p>Przypominam te\u017c, \u017ce od 9 do 12 lipca ODMRO\u017bONE Warsaw Summer Jazz Days z krajowym sk\u0142adem w Stodole. <a href=\"http:\/\/adamiakjazz.pl\">Zapowiada si\u0119 nie\u017ale<\/a>. A ju\u017c w sobot\u0119 4 lipca rusza na \u017cywo <a href=\"http:\/\/jazznastarowce.pl\">Jazz na Star\u00f3wce<\/a>.\u00a0\u00a0<\/p>\n<p>\u00a0<\/p>","protected":false},"excerpt":{"rendered":"<p>Dzi\u015b prawie same dobre wiadomo\u015bci. Ot\u00f3\u017c po pierwsze ten wczorajszy koncert Radiohead z Open&#8217;era (do soboty kolejne) troch\u0119 si\u0119 rwa\u0142 w streamingu, ale by\u0142o s\u0142ycha\u0107 lepiej ni\u017c na miejscu w Gdyni, a bez tego faceta, kt\u00f3ry pr\u00f3bowa\u0142 za\u0142atwi\u0107 w t\u0142umie potrzeby fizjologiczne (odsy\u0142am do mojego tekstu sprzed trzech lat), nawet \u0142atwiej si\u0119 by\u0142o skoncentrowa\u0107 na [&hellip;]<\/p>\n","protected":false},"author":1,"featured_media":26015,"comment_status":"open","ping_status":"closed","sticky":false,"template":"","format":"standard","meta":{"footnotes":""},"categories":[3,13,4274],"tags":[],"_links":{"self":[{"href":"https:\/\/blog.polityka.pl\/polifonia\/wp-json\/wp\/v2\/posts\/26010"}],"collection":[{"href":"https:\/\/blog.polityka.pl\/polifonia\/wp-json\/wp\/v2\/posts"}],"about":[{"href":"https:\/\/blog.polityka.pl\/polifonia\/wp-json\/wp\/v2\/types\/post"}],"author":[{"embeddable":true,"href":"https:\/\/blog.polityka.pl\/polifonia\/wp-json\/wp\/v2\/users\/1"}],"replies":[{"embeddable":true,"href":"https:\/\/blog.polityka.pl\/polifonia\/wp-json\/wp\/v2\/comments?post=26010"}],"version-history":[{"count":6,"href":"https:\/\/blog.polityka.pl\/polifonia\/wp-json\/wp\/v2\/posts\/26010\/revisions"}],"predecessor-version":[{"id":26027,"href":"https:\/\/blog.polityka.pl\/polifonia\/wp-json\/wp\/v2\/posts\/26010\/revisions\/26027"}],"wp:featuredmedia":[{"embeddable":true,"href":"https:\/\/blog.polityka.pl\/polifonia\/wp-json\/wp\/v2\/media\/26015"}],"wp:attachment":[{"href":"https:\/\/blog.polityka.pl\/polifonia\/wp-json\/wp\/v2\/media?parent=26010"}],"wp:term":[{"taxonomy":"category","embeddable":true,"href":"https:\/\/blog.polityka.pl\/polifonia\/wp-json\/wp\/v2\/categories?post=26010"},{"taxonomy":"post_tag","embeddable":true,"href":"https:\/\/blog.polityka.pl\/polifonia\/wp-json\/wp\/v2\/tags?post=26010"}],"curies":[{"name":"wp","href":"https:\/\/api.w.org\/{rel}","templated":true}]}}