
{"id":27967,"date":"2021-01-22T11:25:16","date_gmt":"2021-01-22T10:25:16","guid":{"rendered":"http:\/\/polifonia.blog.polityka.pl\/?p=27967"},"modified":"2021-01-23T13:22:49","modified_gmt":"2021-01-23T12:22:49","slug":"jeszcze-poczekamy-na-zeszly-sezon","status":"publish","type":"post","link":"https:\/\/blog.polityka.pl\/polifonia\/2021\/01\/22\/jeszcze-poczekamy-na-zeszly-sezon\/","title":{"rendered":"Jeszcze poczekamy na zesz\u0142y sezon"},"content":{"rendered":"<p>Daleko jeszcze do wiosny, a lato ju\u017c stan\u0119\u0142o pod du\u017cym znakiem zapytania. Z organizacji tegorocznej edycji <a href=\"https:\/\/www.glastonburyfestivals.co.uk\/a-statement-from-\u00a7\/\">wycofa\u0142 si\u0119 wczoraj festiwal Glastonbury<\/a>. A poniewa\u017c ca\u0142y terminarz letnich festiwali muzycznych to system naczy\u0144 po\u0142\u0105czonych, mo\u017cna mie\u0107 w\u0105tpliwo\u015bci co do tego, czy przetrwa tak\u0105 wyrw\u0119. Sprawdzaj\u0105 si\u0119, niestety, te czarne scenariusze z <a href=\"https:\/\/www.polityka.pl\/tygodnikpolityka\/kultura\/1954846,1,lato-bez-festiwali.read\">tekstu, kt\u00f3ry pisa\u0142em przed poprzednim odwo\u0142anym sezonem letnim<\/a>. Cho\u0107 tym razem nie ob\u0119dzie si\u0119 bez r\u00f3\u017cnych specjalnych imprez organizowanych na rzecz i przez festiwale, kt\u00f3re b\u0119d\u0105 na powa\u017cnie walczy\u0107 o przetrwanie. Od dzi\u015b do ko\u0144ca weekendu mo\u017cna ponownie <a href=\"https:\/\/www.youtube.com\/channel\/UCjdFO9zsG9kiM-kHbdMin-A\">zobaczy\u0107 koncerty z serii Off Club<\/a>, nagrywane przez Off Festival. Kolejne ju\u017c niebawem: 2 lutego Piernikowski, 9 lutego Piotr Orzechowski i Kuba Wi\u0119cek, 16 lutego &#8211; Artur Rojek, czyli sam tw\u00f3rca i dyrektor imprezy. A w tym o\u015bwiadczeniu opublikowanym przez Glasto uj\u0119\u0142y mnie dwie rzeczy: fakt, \u017ce przedp\u0142at\u0119 na bilet mo\u017cna ju\u017c drugi raz przerzuci\u0107 na kolejny rok (chwilowo festiwal dzia\u0142a jak lokata bankowa), no i to, \u017ce jest informacja dla rodzic\u00f3w dzieci, kt\u00f3re mog\u0142yby wej\u015b\u0107 za darmo, ale przekroczy\u0142y w mi\u0119dzyczasie wiek obliguj\u0105cy do zakupu bilet\u00f3w. Jest dla kogo ocala\u0107 to ca\u0142e festiwalowe do\u015bwiadczenie.&nbsp;<\/p>\n<p>Tymczasem, w oczekiwaniu na kontynuacj\u0119 zesz\u0142ego sezonu, pi\u0105tkowa lista premier (poni\u017cej), <a href=\"https:\/\/youtu.be\/ozfQMQMarT0\">link do zaskakuj\u0105cego nowego singla Brodki<\/a> oraz kilka s\u0142\u00f3w o arty\u015bcie, kt\u00f3ry potrafi\u0142 sobie poradzi\u0107 z nagraniem albumu w trudnym sezonie.&nbsp;&nbsp;<\/p>\n\n\n<!--more-->\n\n\n\n<iframe loading=\"lazy\" width=\"560\" height=\"315\" src=\"https:\/\/www.youtube.com\/embed\/lhJw5K-LLpw\" frameborder=\"0\" allow=\"accelerometer; autoplay; clipboard-write; encrypted-media; gyroscope; picture-in-picture\" allowfullscreen=\"\"><\/iframe>\n\n\n<p><strong>James Yorkston<\/strong>, opisywany tu wielokrotnie szkocki folkowiec, pojecha\u0142 nagrywa\u0107 do kraju, w kt\u00f3rym tradycje grania takiej muzyki s\u0105 pot\u0119\u017cne, a kt\u00f3ry pozosta\u0142 stosunkowo otwarty, chyba najbardziej w Europie. Czyli do Szwecji. Przywi\u00f3z\u0142 tam swoje utwory, by zaaran\u017cowa\u0107 je na miejscu i nagra\u0107 z miejscow\u0105 <strong>The Second Hand Orchestra<\/strong> kierowan\u0105 przez Karla-Jonasa Winqvista. Mieli wcze\u015bniej okazj\u0119 gra\u0107 wsp\u00f3lnie na \u017cywo i nagrywa\u0107 ju\u017c w roku 2019. W ci\u0105gu kolejnej, kilkudniowej sesji zarejestrowali materia\u0142 na <em>The Wide, Wide River<\/em> &#8211; p\u0142yt\u0119, kt\u00f3r\u0105 Yorkston, bardzo zdolny kompozytor, dalej mozolnie wychodzi z folkowej niszy. I owszem, w rozbudowanych formach &#8211; a tych tu nie brakuje &#8211; nawi\u0105zuje do czas\u00f3w progresywnego folku. Ale w wokalnej linii <em>To Soothe Her Wee Bit Sorrows<\/em> mo\u017ce si\u0119 kojarzy\u0107 wr\u0119cz z Chrisem Martinem, podobnie w <em>Struggle<\/em>, gdzie mocno oddala si\u0119 od ludowych korzeni. A w\u015br\u00f3d towarzysz\u0105cych mu muzyk\u00f3w znajdziemy m.in. gitarzyst\u0119 Petera Mor\u00e9na&nbsp; z formacji Peter, Bjorn &amp; John.&nbsp;<\/p>\n<p>Ca\u0142o\u015b\u0107 nie jest dla mnie takim odkryciem jak wydany dwa lata temu album <em>The Route to the Harmonium<\/em>, ale przynosi porz\u0105dn\u0105, \u0142adnie zagran\u0105 i wyprodukowan\u0105 muzyk\u0119 \u015brodka. Jakiego \u015brodka? A, takiego na popraw\u0119 nastroju.&nbsp;&nbsp;<\/p>\n<p><strong>JAMES YORKSTON &amp; THE SECOND HAND ORCHESTRA <em>The Wide, Wide River<\/em><\/strong>, Domino 2021, <strong>7\/10&nbsp;<\/strong> &nbsp;<\/p>\n\n\n<iframe style=\"border: 0; width: 500px; height: 470px;\" src=\"https:\/\/bandcamp.com\/EmbeddedPlayer\/album=3358812449\/size=large\/bgcol=ffffff\/linkcol=0687f5\/tracklist=false\/transparent=true\/\" seamless=\"\"><a href=\"https:\/\/jamesyorkston.bandcamp.com\/album\/the-wide-wide-river\">The Wide, Wide River by James Yorkston and The Second Hand Orchestra<\/a><\/iframe>\n\n\n<p><strong>PREMIERY P\u0141YTOWE TYGODNIA<\/strong><\/p>\n<p>18.01 <strong>Will Guthrie<\/strong> Live Ateliers Claus, Les Albums Claus <br \/>19.01 <strong>Bitchin Bajas<\/strong> Bitchin Bajas &#8211; live ateliers claus, Les Albums Claus <br \/>19.01 <strong>Drissi El-Abbassi<\/strong> Rai Sidi Bel Abbes, Nashazphone <br \/>19.01 <strong>Wojtek Kurek<\/strong> Buoyancy, Pawlacz Perski <br \/>20.01 <strong>Andrea Centazzo &amp; The Invasion Orchestra<\/strong> The Battle, Ictus <br \/>20.01 <strong>Bobby Krlic<\/strong> The Alienist: Angel of Darkness (Original Series Soundtrack), Invada <br \/>20.01 <strong>Cecil Taylor Quintet<\/strong> Lifting the Bandstand, Fundacja S\u0142uchaj <br \/>21.01 <strong>Dennis Rea<\/strong> Diant Steppes, MoonJune <br \/>21.01 <strong>Hideki Kato, Andrea Centazzo, Marco Cappelli<\/strong> Los Angeles Tapes, Ictus <br \/>21.01 <strong>Manongo Mujica, Terje Evensen<\/strong> Paracas Ritual, Buh <br \/>21.01 <strong>Suavas Lewy<\/strong> The Killer of Excellence Is Good, Pionierska <br \/>21.01 <strong>Ulla<\/strong> inside means inside me, Boomkat Editions <br \/>21.01 <strong>Unglee Izi<\/strong> Tracteur Directrice De L&#8217;A\u200b.\u200bS\u200b.\u200bM\u200b.\u200bA,. Nashazphone <br \/><strong>Abul Mogard<\/strong> In Immobile Air, Ecstatic <br \/><strong>Arca<\/strong> Madre XL, EP<br \/><strong>Azmari<\/strong> Sam\u0101\u2019\u012b, Sdban Ultra <br \/><strong>Batida<\/strong> Pele, Crammed Discs EP<br \/><strong>Bicep<\/strong> Isles, Ninja Tune <br \/><strong>Biosphere<\/strong> Angel&#8217;s Flight, AD93 <br \/><strong>B\u0142a\u017cej Malinowski<\/strong> Katharsis, Inner Tension EP<br \/><strong>Carmen Villain<\/strong> Sketch for Winter IX: Perlita, Geographic North<br \/><strong>Christer Both\u00e9n Trio<\/strong> Omen, Bocian <br \/><strong>Clouds<\/strong> The Parallel, Losseless Digital <br \/><strong>Daniel Avery<\/strong> More Light, Phantasy EP<br \/><strong>Deuce Avenue<\/strong> Perennial Fire and Life, Unifactor <br \/><strong>Elori Saxl<\/strong> The Blue of Distance, Western Vinyl <br \/><strong>Farmer Dave &amp; The Wizards Of The West<\/strong> Farmer Dave &amp; The Wizards Of The West, Curation <br \/><strong>Francesco Covarino<\/strong> Luce \/ Mantello, Wabi-Sabi <br \/><strong>Fran\u00e7ois de Roubaix<\/strong> Les secrets de la Mer Rouge, Transversales reed.<br \/><strong>Gui Duvignau<\/strong> &#8222;3, 5, 8&#8221;, Sunnyside <br \/><strong>Ivo Perelman Trio<\/strong> Garden of Jewels, 577 Records <br \/><strong>James Yorkston and the Second Hand Orchestra<\/strong> The Wide, Wide River, Domino <br \/><strong>Kirszenbaum<\/strong> Si\u0119, Karrot Kommando <br \/><strong>Kondraccy<\/strong> \u017bycie roju, Agora\u00a0<br \/><strong>Lina Tullgren<\/strong> Visiting, Ba Da Bing <br \/><strong>Machine Listener<\/strong> Headfooter, Unifactor <br \/><strong>Maggie Lindemann<\/strong> Paranoia, Swixxzaudio EP<br \/><strong>Mason Lindahl<\/strong> Kissing Rosy in the Rain, Tompkins Square <br \/><strong>Mikado Koko<\/strong> Maza Gusu, Akuphone <br \/><strong>My Jazz Child<\/strong> Inn\u00e9isme, Akuphone <br \/><strong>Rhye<\/strong> Home, Loma Vista <br \/><strong>Ruff Stuff<\/strong> Origins and Movements, Pets <br \/><strong>Shohei Amimori<\/strong> Ex.LIFE, Noble <br \/><strong>Spednar<\/strong> Coniunctio, Unifactor <br \/><strong>Spyros Polychronopoulos \/ Thanos Polymeneas-Liontiris \/ Iakovos Pavlopoulos<\/strong> Widdershins, Room40 <br \/><strong>Steve Hackett<\/strong> Under a Mediterranean Sky<br \/><strong>Still Corners<\/strong> The Last Exit, Wrecking Light <br \/><strong>Susie Ibarra<\/strong> Talking Gong, New Focus <br \/><strong>Therion<\/strong> Leviathan<br \/><strong>T.P. Orchestre Poly-Rythmo De Cotonou<\/strong> Vol. 4 \u2013 Yehouessi Leopold Batteur, Acid Jazz <br \/><strong>Tiziano Popoli<\/strong> Burn the Night \/ Bruciare la Notte: Original Recordings, 1983\u20131989, RVNG Intl<br \/><strong>VA<\/strong> Somewhere Between: Mutant Pop, Electronic Minimalism &amp; Shadow Sounds of Japan 1980\u20131988, Light In The Attic <br \/><strong>Wardruna<\/strong> Kvitrafn <br \/><strong>Widowspeak<\/strong> Honeychurch, Captured Tracks\u00a0<br \/><strong>Yu Su<\/strong> Yellow River Blue, Music From Memory<\/p>\n<p><em>Powy\u017csze p\u0142yty ukaza\u0142y si\u0119 22 stycznia, chyba \u017ce oznaczy\u0142em premiery inn\u0105 dat\u0105.<\/em><\/p>","protected":false},"excerpt":{"rendered":"<p>Daleko jeszcze do wiosny, a lato ju\u017c stan\u0119\u0142o pod du\u017cym znakiem zapytania. Z organizacji tegorocznej edycji wycofa\u0142 si\u0119 wczoraj festiwal Glastonbury. A poniewa\u017c ca\u0142y terminarz letnich festiwali muzycznych to system naczy\u0144 po\u0142\u0105czonych, mo\u017cna mie\u0107 w\u0105tpliwo\u015bci co do tego, czy przetrwa tak\u0105 wyrw\u0119. Sprawdzaj\u0105 si\u0119, niestety, te czarne scenariusze z tekstu, kt\u00f3ry pisa\u0142em przed poprzednim odwo\u0142anym [&hellip;]<\/p>\n","protected":false},"author":1,"featured_media":27971,"comment_status":"open","ping_status":"closed","sticky":false,"template":"","format":"standard","meta":{"footnotes":""},"categories":[1],"tags":[1091],"_links":{"self":[{"href":"https:\/\/blog.polityka.pl\/polifonia\/wp-json\/wp\/v2\/posts\/27967"}],"collection":[{"href":"https:\/\/blog.polityka.pl\/polifonia\/wp-json\/wp\/v2\/posts"}],"about":[{"href":"https:\/\/blog.polityka.pl\/polifonia\/wp-json\/wp\/v2\/types\/post"}],"author":[{"embeddable":true,"href":"https:\/\/blog.polityka.pl\/polifonia\/wp-json\/wp\/v2\/users\/1"}],"replies":[{"embeddable":true,"href":"https:\/\/blog.polityka.pl\/polifonia\/wp-json\/wp\/v2\/comments?post=27967"}],"version-history":[{"count":8,"href":"https:\/\/blog.polityka.pl\/polifonia\/wp-json\/wp\/v2\/posts\/27967\/revisions"}],"predecessor-version":[{"id":27977,"href":"https:\/\/blog.polityka.pl\/polifonia\/wp-json\/wp\/v2\/posts\/27967\/revisions\/27977"}],"wp:featuredmedia":[{"embeddable":true,"href":"https:\/\/blog.polityka.pl\/polifonia\/wp-json\/wp\/v2\/media\/27971"}],"wp:attachment":[{"href":"https:\/\/blog.polityka.pl\/polifonia\/wp-json\/wp\/v2\/media?parent=27967"}],"wp:term":[{"taxonomy":"category","embeddable":true,"href":"https:\/\/blog.polityka.pl\/polifonia\/wp-json\/wp\/v2\/categories?post=27967"},{"taxonomy":"post_tag","embeddable":true,"href":"https:\/\/blog.polityka.pl\/polifonia\/wp-json\/wp\/v2\/tags?post=27967"}],"curies":[{"name":"wp","href":"https:\/\/api.w.org\/{rel}","templated":true}]}}