
{"id":283,"date":"2010-11-04T17:47:02","date_gmt":"2010-11-04T15:47:02","guid":{"rendered":"http:\/\/polifonia.blog.polityka.pl\/?p=283"},"modified":"2010-11-04T20:38:08","modified_gmt":"2010-11-04T18:38:08","slug":"powyzej-uszu-cz-1","status":"publish","type":"post","link":"https:\/\/blog.polityka.pl\/polifonia\/2010\/11\/04\/powyzej-uszu-cz-1\/","title":{"rendered":"Powy\u017cej uszu, cz. 1"},"content":{"rendered":"<p>Nowy cykl, w kt\u00f3rym b\u0119d\u0119 si\u0119 przekopywa\u0142 przez nowo\u015bci w poszukiwaniu albumu, kt\u00f3remu da\u0142oby si\u0119 przyzna\u0107 ocen\u0119 1\/10, chcia\u0142bym zainaugurowa\u0107 z wykopem, wi\u0119c od razu trzy pozycje.<\/p>\n<p><a href='\/wp-content\/uploads\/2010\/11\/i_blame_coco.jpg'><img loading=\"lazy\" decoding=\"async\" src=\"\/wp-content\/uploads\/2010\/11\/i_blame_coco-300x300.jpg\" alt=\"\" title=\"i_blame_coco\" width=\"300\" height=\"300\" class=\"alignleft size-medium wp-image-284\" srcset=\"\/polifonia\/wp-content\/uploads\/2010\/11\/i_blame_coco-300x300.jpg 300w, \/polifonia\/wp-content\/uploads\/2010\/11\/i_blame_coco-150x150.jpg 150w, \/polifonia\/wp-content\/uploads\/2010\/11\/i_blame_coco.jpg 410w\" sizes=\"(max-width: 300px) 100vw, 300px\" \/><\/a><strong>I BLAME COCO &#8222;The Constant&#8221; (Island, 3\/10)<\/strong><br \/>\nTo, \u017ce c\u00f3rka Stinga tak bardzo emisj\u0105 g\u0142osu przypomina Stinga, z pewno\u015bci\u0105 zapewni jej liczne emisje radiowe w audycjach, gdzie emituj\u0105 tylko Stinga, jego rodzin\u0119 i ludzi, kt\u00f3rzy przez co najmniej 15 minut stali obok. Mimo \u017ce p\u0142yta jest \u015brednia i zabija j\u0105 przewidywalno\u015b\u0107, to pozory fajno\u015bci nadaje Eliot Paulinie Sumner electro-rockowa stylistyka i alians z Robyn (&#8222;Ceasar&#8221;).<br \/>\n<strong>Dobre strony:<\/strong> Momentami zabawnie nawi\u0105zuje do&#8230; The Cars?<br \/>\n<strong>Odpad\u0142em przy:<\/strong> Gdyby nie wrodzona z\u0142o\u015bliwo\u015b\u0107, wy\u0142\u0105czy\u0142bym przy drugim utworze &#8222;In Spirit Golden&#8221;, gdyby nie wrodzona ciekawo\u015b\u0107, nigdy nie dotrwa\u0142bym do numeru 12 (i nie rozpocz\u0105\u0142bym cyklu &#8222;Powy\u017cej uszu&#8221;).<br \/>\n<strong>Wsp\u00f3\u0142czynnik wstydliwo\u015bci*:<\/strong> Umiarkowany. Pod warunkiem, \u017ce nie wyda si\u0119, czyjej c\u00f3rki s\u0142uchacie. No i pod warunkiem, \u017ce w obecno\u015bci jakiego\u015b mi\u0142o\u015bnika Neila Younga nie dojedziecie do tej wersji&#8230;<\/p>\n<p><object height=\"81\" width=\"100%\"><param name=\"movie\" value=\"http:\/\/player.soundcloud.com\/player.swf?url=http%3A%2F%2Fapi.soundcloud.com%2Ftracks%2F6679373&#038;secret_url=false\"><\/param><param name=\"allowscriptaccess\" value=\"always\"><\/param><embed allowscriptaccess=\"always\" height=\"81\" src=\"http:\/\/player.soundcloud.com\/player.swf?url=http%3A%2F%2Fapi.soundcloud.com%2Ftracks%2F6679373&#038;secret_url=false\" type=\"application\/x-shockwave-flash\" width=\"100%\"><\/embed><\/object>  <span><a href=\"http:\/\/soundcloud.com\/la-3e-heure\/i-blame-coco-only-love-can-break-your-heart\">I Blame Coco: Only Love Can Break Your Heart<\/a> by <a href=\"http:\/\/soundcloud.com\/la-3e-heure\">La 3e heure!<\/a><\/span> <\/p>\n<p>&#8230;piosenki, kt\u00f3ra w oryginale brzmia\u0142a tak: <\/p>\n<p><object height=\"81\" width=\"100%\"><param name=\"movie\" value=\"http:\/\/player.soundcloud.com\/player.swf?url=http%3A%2F%2Fapi.soundcloud.com%2Ftracks%2F2147998&#038;secret_url=false\"><\/param><param name=\"allowscriptaccess\" value=\"always\"><\/param><embed allowscriptaccess=\"always\" height=\"81\" src=\"http:\/\/player.soundcloud.com\/player.swf?url=http%3A%2F%2Fapi.soundcloud.com%2Ftracks%2F2147998&#038;secret_url=false\" type=\"application\/x-shockwave-flash\" width=\"100%\"><\/embed><\/object>  <span><a href=\"http:\/\/soundcloud.com\/musicfromthebook\/neil-young-only-love-can-break-your-heart\">Neil Young &#8211; Only Love Can Break Your Heart<\/a> by <a href=\"http:\/\/soundcloud.com\/musicfromthebook\">musicfromthebook<\/a><\/span><\/p>\n<p><a href='\/wp-content\/uploads\/2010\/11\/die_antwoord_sos.jpg'><img loading=\"lazy\" decoding=\"async\" src=\"\/wp-content\/uploads\/2010\/11\/die_antwoord_sos-150x150.jpg\" alt=\"\" title=\"die_antwoord_sos\" width=\"150\" height=\"150\" class=\"alignleft size-thumbnail wp-image-285\" \/><\/a><strong>DIE ANTWOORD &#8222;$.O.$.&#8221; (Interscope 2010, 4\/10)<\/strong><br \/>\nNiezamierzenie \u015bmieszne (chyba) smerfne hity z megatonami bluzg\u00f3w podawanych do rytm\u00f3w w stylu M.I.A. i Missy Elliott, ale z afrykanerskim akcentem. I wokalistk\u0105, kt\u00f3ra robi za hipsterk\u0119 jak\u0105\u015b grzywk\u0105 od Jagi Hupa\u0142o. Powiedzia\u0142bym, \u017ce to p\u0142yta dla s\u0142abo rozwini\u0119tych muzycznie dwunastolatk\u00f3w i jedyne co mnie przed tym powstrzymuje, to wspomnienie Jana Chojnackiego komentuj\u0105cego w studiu TVP Kultura wyst\u0119p Jaya-Z na Live 8.<br \/>\n<strong>Dobre strony:<\/strong> Lepiej s\u0142ucha\u0107 g\u0142upot ni\u017c robi\u0107 g\u0142upoty.<br \/>\n<strong>Odpad\u0142em przy:<\/strong> Dos\u0142ucha\u0142em do ko\u0144ca, ale bez ochoty na powr\u00f3t do tematu. Gdyby nie poczucie przyzwoito\u015bci, zatai\u0142bym fakt, \u017ce motyw z &#8222;Enter the Ninja&#8221; przyczepi\u0142 si\u0119 do mnie i nie chce odczepi\u0107. Prawdziwy earworm.<br \/>\n<strong>Wsp\u00f3\u0142czynnik wstydliwo\u015bci:<\/strong> W pewnych \u015brodowiskach to nawet modna p\u0142yta. Die Antwoord po tym jak grali na \u017cywo przed M.I.A. i bywali z ni\u0105 por\u00f3wnywani (Diplo pojawia si\u0119 nawet go\u015bcinnie na ich p\u0142ycie) ciesz\u0105 si\u0119 s\u0142aw\u0105 grupy hipsterskiej. W Po\u0142udniowej Afryce te\u017c kiedy\u015b wierzyli w to, \u017ce siedz\u0105c, stoj\u0105c albo mieszkaj\u0105c obok Czarnych zmieni\u0105 swoje \u017cycie nie do poznania.   <\/p>\n<p><a href='\/wp-content\/uploads\/2010\/11\/patrycja_markowska.jpg'><img loading=\"lazy\" decoding=\"async\" src=\"\/wp-content\/uploads\/2010\/11\/patrycja_markowska-150x150.jpg\" alt=\"\" title=\"patrycja_markowska\" width=\"150\" height=\"150\" class=\"alignleft size-thumbnail wp-image-286\" srcset=\"\/polifonia\/wp-content\/uploads\/2010\/11\/patrycja_markowska-150x150.jpg 150w, \/polifonia\/wp-content\/uploads\/2010\/11\/patrycja_markowska-299x300.jpg 299w, \/polifonia\/wp-content\/uploads\/2010\/11\/patrycja_markowska.jpg 409w\" sizes=\"(max-width: 150px) 100vw, 150px\" \/><\/a><strong>PATRYCJA MARKOWSKA &#8222;Patrycja Markowska&#8221; (Pomaton 2010, 4\/10)<\/strong><br \/>\nP\u0142yty u\u0142o\u017cy\u0142y mi si\u0119 dzi\u015b rano w jaki\u015b cykl &#8211; od c\u00f3rki rockmana do c\u00f3rki rockmana. Markowska przynajmniej nie uczy\u0142a si\u0119 \u015bpiewa\u0107 od ojca. Ta przesympatyczna wokalistka ci\u0119\u017ck\u0105 prac\u0105 zdoby\u0142a w\u0142a\u015bnie publiczno\u015b\u0107, co &#8211; je\u015bli we\u017amiemy pod uwag\u0119 do\u015b\u0107 md\u0142aw\u0105 rockow\u0105 konwencj\u0119 &#8211; by\u0142o ju\u017c du\u017c\u0105 sztuk\u0105. Tytu\u0142y jej p\u0142yt tworz\u0105 tajny kod &#8211; uk\u0142adaj\u0105 si\u0119 w najd\u0142u\u017cej pisane samomobilizacyjne haiku pod s\u0142o\u0144cem, z ponur\u0105 puent\u0105:<\/p>\n<blockquote><p>B\u0119d\u0119 silna<br \/>\nM\u00f3j czas<br \/>\nNie zatrzyma nikt<br \/>\n\u015awiat si\u0119 pomyli\u0142<\/p><\/blockquote>\n<p>Ostatni wiersz to tytu\u0142 p\u0142yty &#8211; o ironio &#8211; najlepiej si\u0119 sprzedaj\u0105cej w dyskografii PM. Tytu\u0142em najnowszego, pi\u0105tego albumu Markowska si\u0119 pod tym czterowierszem podpisuje.<br \/>\n<strong>Dobre strony:<\/strong> Nawet takie p\u0142yty daj\u0105 uczciwe miejsca pracy i &#8211; je\u015bli spojrze\u0107 na listy bestseller\u00f3w &#8211; rozwijaj\u0105 gospodark\u0119.<br \/>\n<strong>Odpad\u0142em przy:<\/strong> &#8222;Za kogo mnie masz? \/ Za t\u0119py pazur bejbe&#8221; &#8211; w po\u0142\u0105czeniu z elementami dla fetyszyst\u00f3w st\u00f3p na <del datetime=\"2010-11-04T17:09:00+00:00\">ok\u0142adce<\/del> tylnej stronie ok\u0142adki sprawi\u0142o, \u017ce musia\u0142em zrobi\u0107 sobie przerw\u0119. Ale potem s\u0142ucha\u0142em dalej.<br \/>\n<strong>Wsp\u00f3\u0142czynnik wstydliwo\u015bci:<\/strong> Spory, chyba \u017ce zaprogramujemy sobie niegro\u017an\u0105, nawet wdzi\u0119czn\u0105 ballad\u0119 &#8222;Forfifi&#8221; z Royal String Quartet oraz &#8222;W kamiennej d\u017cungli blues&#8221; z nieco patetycznym, ale w sumie jednak stylowym tekstem Loebla. Dwa kierunki, w kt\u00f3re warto by by\u0142o si\u0119 ewakuowa\u0107 z konwencji, kt\u00f3r\u0105 PM wybra\u0142a sobie na samym wst\u0119pie. <\/p>\n<p><em>*Wyra\u017ca zawstydzenie odczuwalne w momencie, gdy kto\u015b nakryje nas na otwartym (w sensie: nie na s\u0142uchawkach) s\u0142uchaniu p\u0142yty. <\/em><\/p>\n","protected":false},"excerpt":{"rendered":"<p>Nowy cykl, w kt\u00f3rym b\u0119d\u0119 si\u0119 przekopywa\u0142 przez nowo\u015bci w poszukiwaniu albumu, kt\u00f3remu da\u0142oby si\u0119 przyzna\u0107 ocen\u0119 1\/10, chcia\u0142bym zainaugurowa\u0107 z wykopem, wi\u0119c od razu trzy pozycje. I BLAME COCO &#8222;The Constant&#8221; (Island, 3\/10) To, \u017ce c\u00f3rka Stinga tak bardzo emisj\u0105 g\u0142osu przypomina Stinga, z pewno\u015bci\u0105 zapewni jej liczne emisje radiowe w audycjach, gdzie emituj\u0105 [&hellip;]<\/p>\n","protected":false},"author":1,"featured_media":0,"comment_status":"open","ping_status":"open","sticky":false,"template":"","format":"standard","meta":{"footnotes":""},"categories":[97,29,312,132,311,1,7,9,319],"tags":[313,310,314],"_links":{"self":[{"href":"https:\/\/blog.polityka.pl\/polifonia\/wp-json\/wp\/v2\/posts\/283"}],"collection":[{"href":"https:\/\/blog.polityka.pl\/polifonia\/wp-json\/wp\/v2\/posts"}],"about":[{"href":"https:\/\/blog.polityka.pl\/polifonia\/wp-json\/wp\/v2\/types\/post"}],"author":[{"embeddable":true,"href":"https:\/\/blog.polityka.pl\/polifonia\/wp-json\/wp\/v2\/users\/1"}],"replies":[{"embeddable":true,"href":"https:\/\/blog.polityka.pl\/polifonia\/wp-json\/wp\/v2\/comments?post=283"}],"version-history":[{"count":0,"href":"https:\/\/blog.polityka.pl\/polifonia\/wp-json\/wp\/v2\/posts\/283\/revisions"}],"wp:attachment":[{"href":"https:\/\/blog.polityka.pl\/polifonia\/wp-json\/wp\/v2\/media?parent=283"}],"wp:term":[{"taxonomy":"category","embeddable":true,"href":"https:\/\/blog.polityka.pl\/polifonia\/wp-json\/wp\/v2\/categories?post=283"},{"taxonomy":"post_tag","embeddable":true,"href":"https:\/\/blog.polityka.pl\/polifonia\/wp-json\/wp\/v2\/tags?post=283"}],"curies":[{"name":"wp","href":"https:\/\/api.w.org\/{rel}","templated":true}]}}