
{"id":3026,"date":"2012-06-04T23:24:28","date_gmt":"2012-06-04T21:24:28","guid":{"rendered":"http:\/\/polifonia.blog.polityka.pl\/?p=3026"},"modified":"2012-06-04T23:31:31","modified_gmt":"2012-06-04T21:31:31","slug":"blogoslawiony-temat-z-drugiej-strony","status":"publish","type":"post","link":"https:\/\/blog.polityka.pl\/polifonia\/2012\/06\/04\/blogoslawiony-temat-z-drugiej-strony\/","title":{"rendered":"B\u0142ogos\u0142awiony temat z drugiej strony"},"content":{"rendered":"<p>Dziwi\u0119 si\u0119 czasem kolegom z prasy, \u017ce lubi\u0105 si\u0119 wci\u0105\u017c zajmowa\u0107 rzeczami z pierwszych stron gazet. Bo z tymi rzeczami z pierwszych stron z gazet jest, wbrew rachunkowi prawdopodobienstwa, troch\u0119 tak jak z piosenkami w telewizji albo wynikami w Google&#8217;u. Kiedy dostaniemy po raz dziewi\u0105ty to samo, szanse, \u017ce dadz\u0105 nam to co\u015b po raz dziesi\u0105ty, rosn\u0105. Je\u015bli kto\u015b stale karmi si\u0119 tylko jednym, dostaje to samo, utwierdza si\u0119 w przekonaniu, \u017ce \u015bwiat sk\u0142ada si\u0119 tylko z tego. Nie m\u00f3wi\u0105c ju\u017c o tym, \u017ce to zwyczajnie nudne. <strong>Alexander Tucker<\/strong> jest tematem z drugiej strony. W serwisie lub na blogu zajmuj\u0105cym si\u0119 tylko i wy\u0142\u0105cznie najwa\u017cniejszymi, nie mia\u0142by szans. I dlatego w\u0142a\u015bnie jest tak interesuj\u0105cy.<!--more--><\/p>\n<p>Wyobra\u017acie sobie Martina Gore&#8217;a na wokalu zespo\u0142u, kt\u00f3ry wykonuje muzyk\u0119 gitarow\u0105 w stylu finger picking, czyli tak jak u Johna Faheya. Momentami brzmi jak idealnie zbalansowana hybryda pomi\u0119dzy folkiem a muzyk\u0105 elektroniczn\u0105 (us\u0142ysza\u0142em tu w pewnym momencie nawet jakie\u015b okolice Tones On Tail\/Love And Rockets, notabene mistrz\u00f3w drugiej strony), momentami jak nowy folk, a czasem chowa w dronach i tyle go widzieli. Po trosze odpowiednik Jamesa Blackshawa, ze starszej generacji &#8211; zmar\u0142ego w zesz\u0142ym roku Berta Janscha. S\u0105 odniesienia do Briana Eno, s\u0105 i do rocka progresywnego. W tematyce piosenek prywatne historie spotykaj\u0105 &#8222;W\u0142adc\u0119 Pier\u015bcieni&#8221;.  <\/p>\n<p>Pami\u0119tam, jak bardzo podoba\u0142a mi si\u0119 zesz\u0142oroczna p\u0142yta &#8222;Dorwytch&#8221; (Tucker pracuje du\u017co &#8211; tak\u017ce w r\u00f3\u017cnych projektach poza solowymi albumami), ale jako\u015b nigdy nie przebi\u0142a si\u0119 tu wtedy ta druga liga. Dzisiaj, gdy na samo has\u0142o &#8222;Euro 2012&#8221; b\u0119dzie si\u0119 trzeba za chwil\u0119 zakopywa\u0107 pod ziemi\u0119, taki temat z drugiej strony mo\u017ce si\u0119 okaza\u0107 konieczny dla zachowania r\u00f3wnowagi psychicznej. Na polu muzyki takim tematem jest nowy Tucker. Nigdy pewnie nie stworzy arcydzie\u0142a, ale za to nie zejdzie na poziom knota. I pozostanie odr\u0119bn\u0105 galaktyk\u0105, w kt\u00f3r\u0105 mo\u017cna uciec.<\/p>\n<p><a href=\"\/wp-content\/uploads\/2012\/06\/Alexander_Tucker_Third_Mouth.jpg\"><img loading=\"lazy\" decoding=\"async\" src=\"\/wp-content\/uploads\/2012\/06\/Alexander_Tucker_Third_Mouth-150x150.jpg\" alt=\"\" title=\"Alexander_Tucker_Third_Mouth\" width=\"150\" height=\"150\" class=\"alignleft size-thumbnail wp-image-3027\" srcset=\"\/polifonia\/wp-content\/uploads\/2012\/06\/Alexander_Tucker_Third_Mouth-150x150.jpg 150w, \/polifonia\/wp-content\/uploads\/2012\/06\/Alexander_Tucker_Third_Mouth-300x300.jpg 300w, \/polifonia\/wp-content\/uploads\/2012\/06\/Alexander_Tucker_Third_Mouth.jpg 600w\" sizes=\"(max-width: 150px) 100vw, 150px\" \/><\/a><strong>ALEXANDER TUCKER &#8222;Third Mouth&#8221;<\/strong><br \/>\nThrill Jockey 2012<br \/>\n<strong>7\/10<br \/>\nTrzeba pos\u0142ucha\u0107:<\/strong> &#8222;A Dried Seahorse&#8221;, &#8222;Andromeon&#8221;, &#8222;Rh&#8221;.<\/p>\n<p><object height=\"81\" width=\"100%\"><param name=\"movie\" value=\"https:\/\/player.soundcloud.com\/player.swf?url=http%3A%2F%2Fapi.soundcloud.com%2Ftracks%2F45819817\"><\/param><param name=\"allowscriptaccess\" value=\"always\"><\/param><embed allowscriptaccess=\"always\" height=\"81\" src=\"https:\/\/player.soundcloud.com\/player.swf?url=http%3A%2F%2Fapi.soundcloud.com%2Ftracks%2F45819817\" type=\"application\/x-shockwave-flash\" width=\"100%\"><\/embed><\/object>  <span><a href=\"http:\/\/soundcloud.com\/guy_do_or_die\/alexander-tucker-rh\">Alexander Tucker &#8211; RH<\/a> by <a href=\"http:\/\/soundcloud.com\/guy_do_or_die\">guy_do_or_die<\/a><\/span> <\/p>\n","protected":false},"excerpt":{"rendered":"<p>Dziwi\u0119 si\u0119 czasem kolegom z prasy, \u017ce lubi\u0105 si\u0119 wci\u0105\u017c zajmowa\u0107 rzeczami z pierwszych stron gazet. Bo z tymi rzeczami z pierwszych stron z gazet jest, wbrew rachunkowi prawdopodobienstwa, troch\u0119 tak jak z piosenkami w telewizji albo wynikami w Google&#8217;u. Kiedy dostaniemy po raz dziewi\u0105ty to samo, szanse, \u017ce dadz\u0105 nam to co\u015b po raz [&hellip;]<\/p>\n","protected":false},"author":1,"featured_media":3027,"comment_status":"open","ping_status":"open","sticky":false,"template":"","format":"standard","meta":{"footnotes":""},"categories":[18,120,7,910],"tags":[1008],"_links":{"self":[{"href":"https:\/\/blog.polityka.pl\/polifonia\/wp-json\/wp\/v2\/posts\/3026"}],"collection":[{"href":"https:\/\/blog.polityka.pl\/polifonia\/wp-json\/wp\/v2\/posts"}],"about":[{"href":"https:\/\/blog.polityka.pl\/polifonia\/wp-json\/wp\/v2\/types\/post"}],"author":[{"embeddable":true,"href":"https:\/\/blog.polityka.pl\/polifonia\/wp-json\/wp\/v2\/users\/1"}],"replies":[{"embeddable":true,"href":"https:\/\/blog.polityka.pl\/polifonia\/wp-json\/wp\/v2\/comments?post=3026"}],"version-history":[{"count":9,"href":"https:\/\/blog.polityka.pl\/polifonia\/wp-json\/wp\/v2\/posts\/3026\/revisions"}],"predecessor-version":[{"id":3036,"href":"https:\/\/blog.polityka.pl\/polifonia\/wp-json\/wp\/v2\/posts\/3026\/revisions\/3036"}],"wp:featuredmedia":[{"embeddable":true,"href":"https:\/\/blog.polityka.pl\/polifonia\/wp-json\/wp\/v2\/media\/3027"}],"wp:attachment":[{"href":"https:\/\/blog.polityka.pl\/polifonia\/wp-json\/wp\/v2\/media?parent=3026"}],"wp:term":[{"taxonomy":"category","embeddable":true,"href":"https:\/\/blog.polityka.pl\/polifonia\/wp-json\/wp\/v2\/categories?post=3026"},{"taxonomy":"post_tag","embeddable":true,"href":"https:\/\/blog.polityka.pl\/polifonia\/wp-json\/wp\/v2\/tags?post=3026"}],"curies":[{"name":"wp","href":"https:\/\/api.w.org\/{rel}","templated":true}]}}