
{"id":3436,"date":"2012-09-05T00:14:14","date_gmt":"2012-09-04T22:14:14","guid":{"rendered":"http:\/\/polifonia.blog.polityka.pl\/?p=3436"},"modified":"2012-09-05T00:14:14","modified_gmt":"2012-09-04T22:14:14","slug":"1010","status":"publish","type":"post","link":"https:\/\/blog.polityka.pl\/polifonia\/2012\/09\/05\/1010\/","title":{"rendered":"10\/10"},"content":{"rendered":"<p style=\"text-align: left;\">\n<p style=\"text-align: left;\"><strong><a href=\"http:\/\/johncage.org\/\">1912-1992<\/a><\/strong><\/p>\n<p style=\"text-align: left;\"><em>Until I die there will be sounds. And they will continue following my death.\u00a0One need not fear about the future of music.<\/em><\/p>\n<p style=\"text-align: left;\"><em>Do \u015bmierci b\u0119d\u0105 mnie otacza\u0142y d\u017awi\u0119ki. I nie ucichn\u0105 po moim odej\u015bciu.\u00a0Nie trzeba si\u0119 wi\u0119c martwi\u0107 o przysz\u0142o\u015b\u0107 muzyki.<\/em><\/p>\n<p style=\"text-align: center;\">\n","protected":false},"excerpt":{"rendered":"<p>1912-1992 Until I die there will be sounds. And they will continue following my death.\u00a0One need not fear about the future of music. Do \u015bmierci b\u0119d\u0105 mnie otacza\u0142y d\u017awi\u0119ki. I nie ucichn\u0105 po moim odej\u015bciu.\u00a0Nie trzeba si\u0119 wi\u0119c martwi\u0107 o przysz\u0142o\u015b\u0107 muzyki.<\/p>\n","protected":false},"author":1,"featured_media":0,"comment_status":"open","ping_status":"open","sticky":false,"template":"","format":"standard","meta":{"footnotes":""},"categories":[22,595,4],"tags":[],"_links":{"self":[{"href":"https:\/\/blog.polityka.pl\/polifonia\/wp-json\/wp\/v2\/posts\/3436"}],"collection":[{"href":"https:\/\/blog.polityka.pl\/polifonia\/wp-json\/wp\/v2\/posts"}],"about":[{"href":"https:\/\/blog.polityka.pl\/polifonia\/wp-json\/wp\/v2\/types\/post"}],"author":[{"embeddable":true,"href":"https:\/\/blog.polityka.pl\/polifonia\/wp-json\/wp\/v2\/users\/1"}],"replies":[{"embeddable":true,"href":"https:\/\/blog.polityka.pl\/polifonia\/wp-json\/wp\/v2\/comments?post=3436"}],"version-history":[{"count":9,"href":"https:\/\/blog.polityka.pl\/polifonia\/wp-json\/wp\/v2\/posts\/3436\/revisions"}],"predecessor-version":[{"id":3445,"href":"https:\/\/blog.polityka.pl\/polifonia\/wp-json\/wp\/v2\/posts\/3436\/revisions\/3445"}],"wp:attachment":[{"href":"https:\/\/blog.polityka.pl\/polifonia\/wp-json\/wp\/v2\/media?parent=3436"}],"wp:term":[{"taxonomy":"category","embeddable":true,"href":"https:\/\/blog.polityka.pl\/polifonia\/wp-json\/wp\/v2\/categories?post=3436"},{"taxonomy":"post_tag","embeddable":true,"href":"https:\/\/blog.polityka.pl\/polifonia\/wp-json\/wp\/v2\/tags?post=3436"}],"curies":[{"name":"wp","href":"https:\/\/api.w.org\/{rel}","templated":true}]}}