
{"id":36983,"date":"2023-03-08T16:14:38","date_gmt":"2023-03-08T15:14:38","guid":{"rendered":"http:\/\/polifonia.blog.polityka.pl\/?p=36983"},"modified":"2023-03-08T16:18:09","modified_gmt":"2023-03-08T15:18:09","slug":"a-gdyby-zima-byla-troche-cieplejsza","status":"publish","type":"post","link":"https:\/\/blog.polityka.pl\/polifonia\/2023\/03\/08\/a-gdyby-zima-byla-troche-cieplejsza\/","title":{"rendered":"A gdyby zima by\u0142a troch\u0119 cieplejsza?"},"content":{"rendered":"<p>Czy ta p\u0142yta mog\u0142aby si\u0119 ukaza\u0107 w roku 1987? To chyba nie najgorsze pytanie wyj\u015bciowe. Muzyczne historie alternatywne mam ostatnio na warsztacie &#8211; jedn\u0105 z nich opisali\u015bmy z red. Hawrylukiem w najnowszym wydaniu &#8222;Ruchu Muzycznego&#8221;. I spr\u00f3buj\u0119 si\u0119 wczu\u0107 w temat i tutaj. Fakt, \u017ce dla mnie zim\u0105 stulecia by\u0142a raczej ta z ko\u0144ca lat 70. &#8211; przeprowadzili\u015bmy si\u0119 w\u0142a\u015bnie, w niewyko\u0144czonych wn\u0119trzach rodzice urz\u0105dzili sylwestra, do\u015b\u0107 pami\u0119tnego i d\u0142ugiego, bo ze wzgl\u0119du na warunki atmosferyczne nikt z go\u015bci nie m\u00f3g\u0142 wr\u00f3ci\u0107 do domu. Ta z roku 1987 by\u0142a nieco mniej uci\u0105\u017cliwa: mrozy doprowadzi\u0142y do odwo\u0142ania lekcji, mo\u017cna by\u0142o siedzie\u0107 w domu i przegrywa\u0107 na fabrycznie nagrane kasety (kupowane taniej ni\u017c te czyste, dost\u0119pne za dewizy) nowe p\u0142yty. Terminarz wydawniczy podpowiada mi, \u017ce kasetami-dawcami by\u0142y <em>Outsider<\/em> Kazimierza Jonkisza (z serii Polish Jazz) i <em>Polska madonna<\/em> Maryli Rodowicz, na kt\u00f3re mog\u0142y trafi\u0107 <em>Electric Cafe<\/em> Kraftwerku i <em>I&#8217;m the Man<\/em>, najnowsza epka grupy Anthrax. W ka\u017cdym razie czego\u015b takiego jak duet <strong>Zima Stulecia<\/strong> w polskim krajobrazie nie by\u0142o. Cz\u0142onkowie duetu &#8211; Marek P\u0119dziwiatr i Marcin Rak &#8211; dopiero przychodzili na \u015bwiat. A gdyby wtedy wyl\u0105dowali od razu na scenie muzycznej, to chyba bli\u017cej tej pierwszej formacji (co sygnalizuj\u0105 cho\u0107by <em>Lawina<\/em> i <em>Zamie\u0107<\/em>), ale jednak w stylu bardziej ludzkim, mniej robotycznym. W Polsce &#8211; bior\u0105c pod uwag\u0119 wci\u0105\u017c rok 1987 &#8211; musieliby si\u0119 znale\u017a\u0107 najbli\u017cej okolic S\u0142awomira Kulpowicza albo ewentualnie formacji Voo Voo, kt\u00f3rej <em>Sno-powi\u0105za\u0142ka<\/em> &#8211; nagrywana z Andrzejem Ryszk\u0105 na perkusji, znanym te\u017c z Krzaka i Young Power &#8211; by\u0142a odbierana jako album do\u015b\u0107 awangardowy. Najpewniej jednak na tamtej scenie nie mieliby si\u0119 do ko\u0144ca gdzie podzia\u0107.\u00a0\u00a0<\/p>\n\n\n<!--more-->\n\n\n\n<iframe loading=\"lazy\" width=\"560\" height=\"315\" src=\"https:\/\/www.youtube.com\/embed\/hG4CbBVDEFw\" title=\"YouTube video player\" frameborder=\"0\" allow=\"accelerometer; autoplay; clipboard-write; encrypted-media; gyroscope; picture-in-picture; web-share\" allowfullscreen><\/iframe>\n\n\n<p>Gdyby <em>Minus 30\u200b\u00b0\u200bC<\/em> ukaza\u0142o si\u0119 ju\u017c wtedy, by\u0142oby mo\u017ce &#8211; cho\u0107 grane jest przez dw\u00f3ch instrumentalist\u00f3w z krwi i ko\u015bci &#8211; prekursorsk\u0105, mo\u017ce nawet za\u0142o\u017cycielsk\u0105 p\u0142yt\u0105 polskiej sceny techno. Bo w\u0105tki elektroniczne tu dominuj\u0105, a muzycy EABS odchodz\u0105 jeszcze dalej od stylu macierzystej formacji ni\u017c na albumach B\u0142ota (do tej formacji najbli\u017cej jest w <em>Ostatniej takiej zimie<\/em>). Od pierwszych takt\u00f3w wibrafonowego tematu <em>Nadesz\u0142a zima<\/em> id\u0105 w stron\u0119 nieco jakby sch\u0142odzonej, a ju\u017c na pewno oszcz\u0119dniejszej formy, dobrze nadaj\u0105cej si\u0119 jako ilustracja muzyczna &#8211; narracja pochodzi tu sk\u0105din\u0105d z <em>Polskiej Kroniki Filmowej<\/em> z<a href=\"https:\/\/youtu.be\/TuguEdc8TjQ\"> zimy 1979 r<\/a>. Przepi\u0119kna &#8211; co wida\u0107 dopiero w wersji fizycznej albumu &#8211; ok\u0142adka wprost odsy\u0142a zreszt\u0105 do peerelowskiej telewizji. Styl delikatnie nawi\u0105zuje do co lepszych wzorc\u00f3w muzyki z bibliotek, nadaj\u0105c si\u0119 do odp\u0142yni\u0119cia my\u015blami w wybranym przez siebie kierunku. Co w sumie jest dobrze dobrana konwencj\u0105, bo ca\u0142o\u015b\u0107 okazuje si\u0119 te\u017c w du\u017cej mierze nostalgiczn\u0105 retrospekcj\u0105 dw\u00f3ch \u015bwietnych muzyk\u00f3w z tego samego rocznika, z mn\u00f3stwem ciekawych odniesie\u0144 (jak to do <em>Twin Peaks<\/em> &#8211; delikatne, ale znacz\u0105ce &#8211; w utworze tytu\u0142owym) do kultury czas\u00f3w ich dorastania. Nie najlepsz\u0105 ani nie najwa\u017cniejsz\u0105 muzyk\u0105 z obozu EABS, ale jak zwykle opakowan\u0105 w koncept i zrealizowan\u0105 w spos\u00f3b perfekcyjny.\u00a0<\/p>\n<p>Je\u015bli co\u015b si\u0119 tu jednak najmocniej nie zgadza z rokiem 1987, to oczywi\u015bcie produkcja. P\u0142yta o takiej charakterystyce brzmieniowej &#8211; w\u0142\u0105cznie z t\u0105 wszechobecn\u0105 ekspozycj\u0105 barw syntezator\u00f3w analogowych &#8211; nie mog\u0142aby si\u0119 ukaza\u0107 wtedy. Przynajmniej po naszej stronie \u017celaznej kurtyny. Tu mo\u017ce jeszcze nie trzeba by\u0142o odgania\u0107 bia\u0142ych nied\u017awiedzi, ale barwy nie by\u0142y tak ciep\u0142e, a basowe tony takie mocne. Cho\u0107 mo\u017ce gdyby Andrzej Korzy\u0144ski usiad\u0142 w studiu&#8230; No dobrze, ale odp\u0142ywam w stron\u0119 tematu felietonu, a jestem tu dzi\u015b po prostu po to, \u017ceby oznajmi\u0107, \u017ce Zima Stulecia jednak bardziej na plus ni\u017c na minus.\u00a0<\/p>\n<p><strong>ZIMA STULECIA <em>Minus 30\u200b\u00b0\u200bC<\/em><\/strong>, Astigmatic 2023 \u00a0<\/p>\n\n\n<iframe style=\"border: 0; width: 350px; height: 470px;\" src=\"https:\/\/bandcamp.com\/EmbeddedPlayer\/album=2883802499\/size=large\/bgcol=ffffff\/linkcol=0687f5\/tracklist=false\/transparent=true\/\" seamless><a href=\"https:\/\/zimastulecia.bandcamp.com\/album\/minus-30-c\">Minus 30\u00b0C by Zima Stulecia<\/a><\/iframe>\n","protected":false},"excerpt":{"rendered":"<p>Czy ta p\u0142yta mog\u0142aby si\u0119 ukaza\u0107 w roku 1987? To chyba nie najgorsze pytanie wyj\u015bciowe. Muzyczne historie alternatywne mam ostatnio na warsztacie &#8211; jedn\u0105 z nich opisali\u015bmy z red. Hawrylukiem w najnowszym wydaniu &#8222;Ruchu Muzycznego&#8221;. I spr\u00f3buj\u0119 si\u0119 wczu\u0107 w temat i tutaj. Fakt, \u017ce dla mnie zim\u0105 stulecia by\u0142a raczej ta z ko\u0144ca lat [&hellip;]<\/p>\n","protected":false},"author":1,"featured_media":36988,"comment_status":"open","ping_status":"closed","sticky":false,"template":"","format":"standard","meta":{"footnotes":""},"categories":[3,312,120,3319,107,3309,5601,106],"tags":[5671],"_links":{"self":[{"href":"https:\/\/blog.polityka.pl\/polifonia\/wp-json\/wp\/v2\/posts\/36983"}],"collection":[{"href":"https:\/\/blog.polityka.pl\/polifonia\/wp-json\/wp\/v2\/posts"}],"about":[{"href":"https:\/\/blog.polityka.pl\/polifonia\/wp-json\/wp\/v2\/types\/post"}],"author":[{"embeddable":true,"href":"https:\/\/blog.polityka.pl\/polifonia\/wp-json\/wp\/v2\/users\/1"}],"replies":[{"embeddable":true,"href":"https:\/\/blog.polityka.pl\/polifonia\/wp-json\/wp\/v2\/comments?post=36983"}],"version-history":[{"count":9,"href":"https:\/\/blog.polityka.pl\/polifonia\/wp-json\/wp\/v2\/posts\/36983\/revisions"}],"predecessor-version":[{"id":36993,"href":"https:\/\/blog.polityka.pl\/polifonia\/wp-json\/wp\/v2\/posts\/36983\/revisions\/36993"}],"wp:featuredmedia":[{"embeddable":true,"href":"https:\/\/blog.polityka.pl\/polifonia\/wp-json\/wp\/v2\/media\/36988"}],"wp:attachment":[{"href":"https:\/\/blog.polityka.pl\/polifonia\/wp-json\/wp\/v2\/media?parent=36983"}],"wp:term":[{"taxonomy":"category","embeddable":true,"href":"https:\/\/blog.polityka.pl\/polifonia\/wp-json\/wp\/v2\/categories?post=36983"},{"taxonomy":"post_tag","embeddable":true,"href":"https:\/\/blog.polityka.pl\/polifonia\/wp-json\/wp\/v2\/tags?post=36983"}],"curies":[{"name":"wp","href":"https:\/\/api.w.org\/{rel}","templated":true}]}}