
{"id":4798,"date":"2013-06-06T17:08:13","date_gmt":"2013-06-06T15:08:13","guid":{"rendered":"http:\/\/polifonia.blog.polityka.pl\/?p=4798"},"modified":"2013-06-06T19:23:21","modified_gmt":"2013-06-06T17:23:21","slug":"wykony-na-tony-the-voice-of-marketing","status":"publish","type":"post","link":"https:\/\/blog.polityka.pl\/polifonia\/2013\/06\/06\/wykony-na-tony-the-voice-of-marketing\/","title":{"rendered":"Wykony na tony (The Voice of Marketing)"},"content":{"rendered":"<p>Par\u0119 tygodni temu pozwoli\u0142em sobie na uwag\u0119, \u017ce wok\u00f3\u0142 program\u00f3w typu talent show organizuje si\u0119 <a href=\"http:\/\/www.polityka.pl\/kultura\/aktualnoscikulturalne\/1542589,1,muzyczny-przemysl-talent-show.read\">odr\u0119bny przemys\u0142<\/a>. Oddzielny obieg. Przynajmniej je\u015bli chodzi o znaczenie marketingowe. Dowody na to, \u017ce powoli i w Polsce zaczyna on dzia\u0142a\u0107, przysz\u0142y w ostatnich tygodniach: <!--more--><\/p>\n<p>18 maja sko\u0144czy\u0142a si\u0119 druga edycja programu &#8222;The Voice of Poland&#8221;.<\/p>\n<p>11 maja ukaza\u0142a si\u0119 najnowsza p\u0142yta wsp\u00f3\u0142prowadz\u0105cej program <strong>Mariki &#8222;Chilli ZET Live Sessions&#8221;<\/strong>.<br \/>\n18 maja ukaza\u0142a si\u0119 reedycja albumu sprzed 4 lat jurora programu <strong>Marka Piekarczyka &#8222;\u0179r\u00f3d\u0142o&#8221;<\/strong>.<br \/>\n28 maja ukaza\u0142a si\u0119 nowa p\u0142yta jednej z jurorek programu <strong>Patrycji Markowskiej &#8222;Alter Ego&#8221;<\/strong>.<br \/>\n3 czerwca ukaza\u0142a si\u0119 p\u0142yta laureatki programu <strong>Natalii Sikory &#8222;Zanim&#8221;<\/strong>.<\/p>\n<p>Nie chc\u0119 ani umniejsza\u0107 znaczenia kt\u00f3rejkolwiek z tych p\u0142yt (cz\u0119\u015b\u0107 z nich uda\u0142o mi si\u0119 nawet przes\u0142ucha\u0107), ani wskazywa\u0107, \u017ce wszystkie zosta\u0142y przemy\u015blnie nagrane pod dat\u0119. Zestawienie tych premier i rozpi\u0119to\u015b\u0107 funkcji (prowadz\u0105ca &#8211; jurorzy &#8211; laureatka) sugeruj\u0105 jednak, \u017ce szczyt ogl\u0105dalno\u015bci, kt\u00f3ry przynosi fina\u0142 rozgrywek, jest dla ca\u0142ego \u015brodowiska momentem, w kt\u00f3rym warto przypomnie\u0107\/pokaza\u0107 \u015bwiatu, \u017ce si\u0119 jest.  <\/p>\n<p>Zgodnie z zasad\u0105 &#8222;zag\u0142uszania fal kultury&#8221; (o kt\u00f3rym nawet by\u0142o s\u0142\u00f3wko ostatnio) pozwol\u0119 sobie wykorzysta\u0107 t\u0119 ekspozycj\u0119, \u017ceby dorzuci\u0107 kilka klikni\u0119\u0107 wykonawcom, kt\u00f3rzy ani w talent showach nie wyst\u0119puj\u0105, ani nawet &#8211; gdyby si\u0119 zg\u0142osili &#8211; nie mieliby szans na prezentacj\u0119 na podobnym forum.<\/p>\n<p><a href=\"\/wp-content\/uploads\/2013\/06\/hatti_vatti_algebra.jpg\"><img loading=\"lazy\" decoding=\"async\" src=\"\/wp-content\/uploads\/2013\/06\/hatti_vatti_algebra-150x150.jpg\" alt=\"\" title=\"hatti_vatti_algebra\" width=\"150\" height=\"150\" class=\"alignleft size-thumbnail wp-image-4802\" srcset=\"\/polifonia\/wp-content\/uploads\/2013\/06\/hatti_vatti_algebra-150x150.jpg 150w, \/polifonia\/wp-content\/uploads\/2013\/06\/hatti_vatti_algebra.jpg 200w\" sizes=\"(max-width: 150px) 100vw, 150px\" \/><\/a><strong>HATTI VATTI &#8222;Algebra&#8221;<\/strong><br \/>\nNowe Nagrania 2013<br \/>\nPi\u0119knie wypolerowana brzmieniowo p\u0142yta <strong>Hatti Vatti<\/strong>, projektu Piotra Kali\u0144skiego, troch\u0119 momentami sterylna (jak przysta\u0142o na tematyk\u0119 matematyczn\u0105), ale te\u017c do\u015b\u0107 wdzi\u0119czna i niem\u0119cz\u0105ca dzi\u0119ki oszcz\u0119dnemu, stylowemu podej\u015bciu z okolic dubstepu. Podej\u015b\u0107 do takiej muzyki by\u0142o ju\u017c w Polsce troch\u0119, ta pozostaje duchem blisko przestrzeniom znanym z p\u0142yt Buriala, ale dorzuca do nich egzotyczne, bliskowschodnie naddatki, przetworzone nagrania terenowe z podr\u00f3\u017cy &#8211; w ilo\u015bciach homeopatycznych, tak \u017ceby nie zburzy\u0107 r\u00f3wnowagi, statycznego uroku tej muzyki. Fakt, \u017ce tw\u00f3rca tej wyestetyzowanej p\u0142yty na co dzie\u0144 wyst\u0119puje te\u017c w zespole G\u00f3wno, dodaje tylko sprawie pikanterii i potwierdza, \u017ce wymienno\u015b\u0107 r\u00f3l jest dzi\u015b wpisana w zawody artystyczne. Czy je\u015bli napisz\u0119, \u017ce Hatti Vatti bardziej na eksport, a G\u00f3wno (teksty!) na rynek krajowy, to b\u0119dzie ju\u017c niepatriotyczne?<\/p>\n<p><iframe loading=\"lazy\" width=\"100%\" height=\"166\" scrolling=\"no\" frameborder=\"no\" src=\"https:\/\/w.soundcloud.com\/player\/?url=http%3A%2F%2Fapi.soundcloud.com%2Ftracks%2F89427452\"><\/iframe><\/p>\n<p><a href=\"\/wp-content\/uploads\/2013\/06\/trupa_trupa_+.jpg\"><img loading=\"lazy\" decoding=\"async\" src=\"\/wp-content\/uploads\/2013\/06\/trupa_trupa_+-150x150.jpg\" alt=\"\" title=\"trupa_trupa_+\" width=\"150\" height=\"150\" class=\"alignleft size-thumbnail wp-image-4801\" srcset=\"\/polifonia\/wp-content\/uploads\/2013\/06\/trupa_trupa_+-150x150.jpg 150w, \/polifonia\/wp-content\/uploads\/2013\/06\/trupa_trupa_+-300x300.jpg 300w, \/polifonia\/wp-content\/uploads\/2013\/06\/trupa_trupa_+.jpg 350w\" sizes=\"(max-width: 150px) 100vw, 150px\" \/><\/a><strong>TRUPA TRUPA &#8222;++&#8221;<\/strong><br \/>\nwyd. w\u0142asne 2013<br \/>\nO poprzednim albumie <strong>Trupa Trupa<\/strong> <a href=\"http:\/\/polifonia.blog.polityka.pl\/2011\/06\/24\/hit-kit-i-dwa-trupy\/\">pisa\u0142em ju\u017c<\/a> a tym blogu, wi\u0119c mam skal\u0119 por\u00f3wnawcz\u0105. Punkt wyj\u015bcia pozostaje z grubsza ten sam (The Doors, VU, gara\u017cowy rock, psychodelia, odrobina wczesnego Pink Floyd, mia\u0142em te\u017c mi\u0142e skojarzenia z Love And Rockets), ale zesp\u00f3\u0142 docisn\u0105\u0142 w paru miejscach gaz do dechy &#8211; g\u0142\u00f3wnie w pierwszej cz\u0119\u015bci p\u0142yty. I pogna\u0142 w kierunku zdecydowanie najodpowiedniejszym dla siebie. Mi\u0142o\u015bnicy tzw. klasycznego rocka poczuj\u0105 si\u0119 zaspokojeni (cho\u0107 to nie dla nich w pierwszym rz\u0119dzie), a poszukiwacze gara\u017cowych nowinek mog\u0105 by\u0107 spokojni, nie idzie to w konfekcj\u0119, raczej ju\u017c poszerza horyzont m.in. dzi\u0119ki \u015bci\u0105gni\u0119ciu go\u015bci: Miko\u0142aja Trzaski i Tomasza Zi\u0119tka. Ma\u0142o krajowych p\u0142yt rockowych ostatnio mnie ciekawi, a do tej mam naprawd\u0119 ma\u0142o krytycznych uwag, cho\u0107 z pewno\u015bci\u0105 kilka utwor\u00f3w zyska\u0142oby na dro\u017cszej produkcji. Zamiast si\u0119 rozk\u0142ada\u0107, Trupa Trupa coraz \u015bmielej i precyzyjniej uk\u0142ada w ca\u0142o\u015b\u0107 sw\u00f3j muzyczny \u015bwiat.<br \/>\nMateria\u0142u w ca\u0142o\u015bci mo\u017cna pos\u0142ucha\u0107 <a href=\"http:\/\/trupatrupa.bandcamp.com\/\">tutaj<\/a>.<\/p>\n<p>Ten wpis zamyka cykl majowych podsumowa\u0144, cho\u0107 oczywi\u015bcie nie zamyka tematu majowych premier, kt\u00f3rych &#8211; jak ju\u017c pisa\u0142em &#8211; by\u0142o mn\u00f3stwo. Gdyby kto\u015b chcia\u0142 si\u0119 przekona\u0107, dlaczego w Polsce nie pali si\u0119 ju\u017c papieros\u00f3w Yugo (kt\u00f3re &#8222;pali\u0142o si\u0119 kr\u00f3tko, lecz \u015bmierdzia\u0142o d\u0142ugo&#8221;) i nie je\u017adzi samochodami Yugo, powinien r\u00f3wnie\u017c skonfrontowa\u0107 swoj\u0105 pami\u0119\u0107 o p\u00f3\u017anym PRL-u, s\u0142uchaj\u0105c wznowionej po latach p\u0142yty <a href=\"http:\/\/merlin.pl\/Warszawa-81-Warszawa-13-Super-Jewel-Box_Elektryczny-Orgazm\/browse\/product\/4,1247207.html\">Elektricni Orgazam<\/a>. Ostrzegam, \u017ce ol\u015bnienia mo\u017ce tym razem zabrakn\u0105\u0107. W papierowej &#8222;Polityce&#8221; za to pisa\u0142em o nowej p\u0142ycie Oszibarack (<a href=\"http:\/\/www.polityka.pl\/kultura\/muzyka\/1542559,1,recenzja-plyty-szibarack-12.read\">pozytywnie<\/a>), nowym Myslovitz (<a href=\"http:\/\/www.polityka.pl\/kultura\/muzyka\/1543017,1,recenzja-plyty-myslovitz-1577.read\">raczej krytycznie<\/a>), a za chwil\u0119 tak\u017ce pojawi si\u0119 co nieco o debiucie Dawida Podsiad\u0142y (zaskakuj\u0105co udanym jak na bran\u017c\u0119, w kt\u00f3rej ka\u017cdy zwyci\u0119zca talent show mia\u0142 dot\u0105d problemy na starcie).<\/p>\n<p>A skoro ju\u017c zasygnalizowa\u0142em problemy rynku muzycznego, to jeszcze jeden &#8211; o grantozie w kontek\u015bcie festiwali muzycznych mo\u017cecie przeczyta\u0107 <a href=\"http:\/\/www.popupmusic.pl\/no\/40\/artykuly\/520\/-Deszcz-festiwalowych-dotacji\">tutaj<\/a>, w tek\u015bcie z nowego numeru PopUp Music.<\/p>\n","protected":false},"excerpt":{"rendered":"<p>Par\u0119 tygodni temu pozwoli\u0142em sobie na uwag\u0119, \u017ce wok\u00f3\u0142 program\u00f3w typu talent show organizuje si\u0119 odr\u0119bny przemys\u0142. Oddzielny obieg. Przynajmniej je\u015bli chodzi o znaczenie marketingowe. Dowody na to, \u017ce powoli i w Polsce zaczyna on dzia\u0142a\u0107, przysz\u0142y w ostatnich tygodniach:<\/p>\n","protected":false},"author":1,"featured_media":4802,"comment_status":"open","ping_status":"closed","sticky":false,"template":"","format":"standard","meta":{"footnotes":""},"categories":[18,312,120,107,1,7,1228,4,1139],"tags":[1420,1419,1417,1418,314,620],"_links":{"self":[{"href":"https:\/\/blog.polityka.pl\/polifonia\/wp-json\/wp\/v2\/posts\/4798"}],"collection":[{"href":"https:\/\/blog.polityka.pl\/polifonia\/wp-json\/wp\/v2\/posts"}],"about":[{"href":"https:\/\/blog.polityka.pl\/polifonia\/wp-json\/wp\/v2\/types\/post"}],"author":[{"embeddable":true,"href":"https:\/\/blog.polityka.pl\/polifonia\/wp-json\/wp\/v2\/users\/1"}],"replies":[{"embeddable":true,"href":"https:\/\/blog.polityka.pl\/polifonia\/wp-json\/wp\/v2\/comments?post=4798"}],"version-history":[{"count":10,"href":"https:\/\/blog.polityka.pl\/polifonia\/wp-json\/wp\/v2\/posts\/4798\/revisions"}],"predecessor-version":[{"id":4811,"href":"https:\/\/blog.polityka.pl\/polifonia\/wp-json\/wp\/v2\/posts\/4798\/revisions\/4811"}],"wp:featuredmedia":[{"embeddable":true,"href":"https:\/\/blog.polityka.pl\/polifonia\/wp-json\/wp\/v2\/media\/4802"}],"wp:attachment":[{"href":"https:\/\/blog.polityka.pl\/polifonia\/wp-json\/wp\/v2\/media?parent=4798"}],"wp:term":[{"taxonomy":"category","embeddable":true,"href":"https:\/\/blog.polityka.pl\/polifonia\/wp-json\/wp\/v2\/categories?post=4798"},{"taxonomy":"post_tag","embeddable":true,"href":"https:\/\/blog.polityka.pl\/polifonia\/wp-json\/wp\/v2\/tags?post=4798"}],"curies":[{"name":"wp","href":"https:\/\/api.w.org\/{rel}","templated":true}]}}