
{"id":48121,"date":"2025-11-18T22:44:27","date_gmt":"2025-11-18T21:44:27","guid":{"rendered":"https:\/\/blog.polityka.pl\/polifonia\/?p=48121"},"modified":"2025-11-18T22:44:28","modified_gmt":"2025-11-18T21:44:28","slug":"plyta-dnia-jjjjjerome-ellis","status":"publish","type":"post","link":"https:\/\/blog.polityka.pl\/polifonia\/2025\/11\/18\/plyta-dnia-jjjjjerome-ellis\/","title":{"rendered":"P\u0142yta dnia: JJJJJerome Ellis"},"content":{"rendered":"<p>To JJJJJ u <strong>JJJJJerome&#8217;a Ellisa<\/strong> nie wzi\u0119\u0142o si\u0119 znik\u0105d. Brzmi wprawdzie w wymowie troch\u0119 jak niezbyt elegancki dowcip o osobie z dysfunkcjami mowy, ale za to odnosi si\u0119 bezpo\u015brednio do tych\u017ce dysfunkcji, bo p\u0142yta <em>Vesper Sparrow<\/em>, kola\u017c saksofonowych motyw\u00f3w, s\u0142owa m\u00f3wionego, \u015bpiewu, organ\u00f3w, elektroniki i najr\u00f3\u017cniejszych, czasem ca\u0142kiem znanych (jak w utworze tytu\u0142owym, gdzie pojawia si\u0119 stary temat gospel) inspiracji, o tym jest. Wprawia to wszystko w konfuzj\u0119 i te\u017c trudno momentami rozszyfrowa\u0107 zabiegi autorskie, odgadn\u0105\u0107, dlaczego akurat w t\u0119 stron\u0119 zaprowadzi\u0142a Ellisa my\u015bl o tym, \u017ce j\u0105kanie czy te\u017c zacinanie si\u0119 mo\u017ce by\u0107 &#8211; jak twierdz &#8211; osobnym instrumentem muzycznym. Za to trudno si\u0119 nie zakocha\u0107 w uroczej nieprzewidywalno\u015bci, szale\u0144stwie tej p\u0142yty &#8211; przy tym wszystkim bardzo pow\u015bci\u0105gliwej w \u015brodkach i dopracowanej brzmieniowo.\u00a0 \u00a0 \u00a0 \u00a0<\/p>\n\n\n<!--more-->\n\n\n<p>Je\u015bli wi\u0119c kto\u015b podejdzie do muzyki ameryka\u0144skiego (z korzeniami na Grenadzie i na Jamajce, ta p\u0142yta jest tego trzecim albumem) saksofonisty jako do specyficznej, wysmakowanej tapety d\u017awi\u0119kowej czy ciekawej formy s\u0142uchowiska, nie b\u0119dzie zawiedziony. Nietrudno pewnie o komentarz, \u017ce skoro notka publikowana jest o tej porze, b\u0119dzie to ju\u017c raczej p\u0142yta wieczoru, albo i nocy. Wszystko si\u0119 zgadza: prawd\u0119 m\u00f3wi\u0105c, nawet nie pr\u00f3bowa\u0142bym do tego ciekawego, niespiesznego, a momentami te\u017c do\u015b\u0107 intymnego albumu podchodzi\u0107 rano lub w samo po\u0142udnie.\u00a0<\/p>\n<p><strong>JJJJJEROME ELLIS Vesper Sparrow<\/strong>, Shelter Press 2025<\/p>\n\n\n<iframe style=\"border: 0; width: 100%; height: 120px;\" src=\"https:\/\/bandcamp.com\/EmbeddedPlayer\/album=225623914\/size=large\/bgcol=ffffff\/linkcol=0687f5\/tracklist=false\/artwork=small\/transparent=true\/\" seamless><a href=\"https:\/\/jjjjjerome.bandcamp.com\/album\/vesper-sparrow\">Vesper Sparrow by JJJJJerome Ellis<\/a><\/iframe>\n\n\n","protected":false},"excerpt":{"rendered":"<p>To JJJJJ u JJJJJerome&#8217;a Ellisa nie wzi\u0119\u0142o si\u0119 znik\u0105d. Brzmi wprawdzie w wymowie troch\u0119 jak niezbyt elegancki dowcip o osobie z dysfunkcjami mowy, ale za to odnosi si\u0119 bezpo\u015brednio do tych\u017ce dysfunkcji, bo p\u0142yta Vesper Sparrow, kola\u017c saksofonowych motyw\u00f3w, s\u0142owa m\u00f3wionego, \u015bpiewu, organ\u00f3w, elektroniki i najr\u00f3\u017cniejszych, czasem ca\u0142kiem znanych (jak w utworze tytu\u0142owym, gdzie pojawia [&hellip;]<\/p>\n","protected":false},"author":1,"featured_media":0,"comment_status":"open","ping_status":"closed","sticky":false,"template":"","format":"standard","meta":{"footnotes":""},"categories":[3,312,120,4156,3309,5878],"tags":[],"_links":{"self":[{"href":"https:\/\/blog.polityka.pl\/polifonia\/wp-json\/wp\/v2\/posts\/48121"}],"collection":[{"href":"https:\/\/blog.polityka.pl\/polifonia\/wp-json\/wp\/v2\/posts"}],"about":[{"href":"https:\/\/blog.polityka.pl\/polifonia\/wp-json\/wp\/v2\/types\/post"}],"author":[{"embeddable":true,"href":"https:\/\/blog.polityka.pl\/polifonia\/wp-json\/wp\/v2\/users\/1"}],"replies":[{"embeddable":true,"href":"https:\/\/blog.polityka.pl\/polifonia\/wp-json\/wp\/v2\/comments?post=48121"}],"version-history":[{"count":9,"href":"https:\/\/blog.polityka.pl\/polifonia\/wp-json\/wp\/v2\/posts\/48121\/revisions"}],"predecessor-version":[{"id":48130,"href":"https:\/\/blog.polityka.pl\/polifonia\/wp-json\/wp\/v2\/posts\/48121\/revisions\/48130"}],"wp:attachment":[{"href":"https:\/\/blog.polityka.pl\/polifonia\/wp-json\/wp\/v2\/media?parent=48121"}],"wp:term":[{"taxonomy":"category","embeddable":true,"href":"https:\/\/blog.polityka.pl\/polifonia\/wp-json\/wp\/v2\/categories?post=48121"},{"taxonomy":"post_tag","embeddable":true,"href":"https:\/\/blog.polityka.pl\/polifonia\/wp-json\/wp\/v2\/tags?post=48121"}],"curies":[{"name":"wp","href":"https:\/\/api.w.org\/{rel}","templated":true}]}}