
{"id":48209,"date":"2025-12-12T12:40:26","date_gmt":"2025-12-12T11:40:26","guid":{"rendered":"https:\/\/blog.polityka.pl\/polifonia\/?p=48209"},"modified":"2025-12-12T12:40:42","modified_gmt":"2025-12-12T11:40:42","slug":"nie-wydawaj-plyty-w-grudniu-chociaz","status":"publish","type":"post","link":"https:\/\/blog.polityka.pl\/polifonia\/2025\/12\/12\/nie-wydawaj-plyty-w-grudniu-chociaz\/","title":{"rendered":"Nie wydawaj p\u0142yty w grudniu, chocia\u017c&#8230;"},"content":{"rendered":"<p>Zbli\u017ca si\u0119 po\u0142owa grudnia, wok\u00f3\u0142 mn\u00f3stwo podsumowa\u0144 roku, coraz nudniejszych, bo ci\u0105gn\u0105cych si\u0119 ju\u017c prawie od miesi\u0105ca i nieobejmuj\u0105cych ca\u0142ego roku. Jest to wi\u0119c najlepszy moment, bym si\u0119gn\u0105\u0142 po fragment w\u0142asnego, <a href=\"https:\/\/blog.polityka.pl\/polifonia\/2021\/12\/17\/artysto-drogi-nie-wydawaj-plyty-w-grudniu\/\">opublikowanego tu<\/a> kilka lat temu apelu:\u00a0<\/p>\n<p><em>Je\u015bli bliska ci niezale\u017cno\u015b\u0107 oraz nonszalancja\u00a0<\/em><br \/><em>I je\u015bli niekoniunkturalna ma by\u0107 twoja p\u0142yta,\u00a0\u00a0<\/em><br \/><em>Opublikuj j\u0105 w\u00a0grudniu \u2013 to jedyna gwarancja,\u00a0<\/em><br \/><em>By nikt jej nie przes\u0142ucha\u0142 i\u00a0nikt nie opisa\u0142<\/em><\/p>\n<p>Rzecz niby nie traci na aktualno\u015bci, ale jednak chcia\u0142bym popolemizowa\u0107. Wprawdzie nie traficie o tej porze do podsumowa\u0144, to jednak jest grupa s\u0142uchaczek i s\u0142uchaczy &#8211; w\u0105ska, to prawda, ale za to warta uwagi &#8211; kt\u00f3ra s\u0142ucha muzyki bez wzgl\u0119du nie tylko dla Wrapped i nie tylko \u017ceby u\u0142o\u017cy\u0107 z niej fajn\u0105 hierarchi\u0119 na koniec, tylko na co dzie\u0144, rzek\u0142bym po m\u0142odzie\u017cowemu, dla fabu\u0142y. Czyli potrzebuj\u0105 nowych odkry\u0107 o ka\u017cdej porze roku. Dla nich skromn\u0105, debiutanck\u0105 epk\u0119 wydali Francuzi z <strong>D\u00e9\u00e9fait<\/strong>.\u00a0<\/p>\n\n\n<!--more-->\n\n\n<p>Zesp\u00f3\u0142 jest nieznany, jak tylko mo\u017cna by\u0107 nieznanym w dzisiejszych czasach. Dzia\u0142a od niedawna w Pary\u017cu, \u015bpiewa piosenki bez refren\u00f3w w trzech j\u0119zykach: angielsku, francusku i hiszpa\u0144sku, do tego buduje \u015bcian\u0119 gitar, a w warstwie rytmicznej inspiruje si\u0119 ewidentnie &#8211; co nierzadkie na dzisiejszej scenie &#8211; krautrockiem. S\u0105 na tyle ekspresyjni i rockowi, \u017ce w ostatnim wydaniu Tygodnika muzycznego w radiowej Tr\u00f3jce (na kolejny zapraszam w t\u0119 sobot\u0119) zestawi\u0142em ich singlowe nagranie <em>We Love Each Other So Much That We Won&#8217;t Belong To Any Species Anymore<\/em> z polsk\u0105 Trup\u0105 Trupa. Jako\u015b mi te byty do siebie pasuj\u0105, nie tylko za spraw\u0105 wytw\u00f3rni Ici d&#8217;ailleurs (publikowa\u0142a gda\u0144szczan &#8211; uwaga, je\u015bli czytacie to po 1 stycznia 2026 r.: Gda\u0144szczan). Jest w muzyce D\u00e9\u00e9fait jakie\u015b zaanga\u017cowanie w wycofaniu. Jaka\u015b ch\u0119\u0107 (dzia\u0142ania) w niech\u0119ci (do \u015bwiata). Pewnie do pewnego stopnia sygnalizowana ju\u017c w nazwie grupy, kt\u00f3ra jest s\u0142owem nieobecnym w j\u0119zyku francuskim i oznacza co\u015b zniszczonego, wyczerpanego (ale pisane z b\u0142\u0119dem), a nawet kogo\u015b pokonanego, tak\u017ce w znaczeniach militarnych (i tu r\u00f3wnie\u017c musieliby\u015bmy mie\u0107 \u015bwiadomy b\u0142\u0105d w pisowni). Ca\u0142o\u015b\u0107 jest kr\u00f3tka, ledwie 35 minut, ale za to ten nastr\u00f3j utrzymuje. Zreszt\u0105 kt\u00f3\u017cby narzeka\u0142 na d\u0142ugo\u015b\u0107 materia\u0142u w tygodniu, w kt\u00f3rym wszystkie godne uwagi p\u0142yty (jest ich mimo wszystko kilka) da si\u0119 ods\u0142ucha\u0107 w pi\u0105tek do wieczora.\u00a0<\/p>\n<p>I to jest ta dobra informacja dla wykonawc\u00f3w publikuj\u0105cych p\u0142yty w grudniu. To si\u0119 da ogarn\u0105\u0107. Mo\u017ce artysta ma mniejsze szanse na zwyci\u0119stwo, za to s\u0142uchacz &#8211; wi\u0119ksze szanse na to, by nie zosta\u0107 przez ogrom wyboru pokonanym.\u00a0<\/p>\n<p><strong>DEEFAIT <em>D\u00e9\u00e9fait<\/em><\/strong>, Ici d&#8217;ailleurs 2025\u00a0<\/p>\n\n\n<iframe style=\"border: 0; width: 100%; height: 120px;\" src=\"https:\/\/bandcamp.com\/EmbeddedPlayer\/album=4037455192\/size=large\/bgcol=ffffff\/linkcol=0687f5\/tracklist=false\/artwork=small\/transparent=true\/\" seamless><a href=\"https:\/\/deefait.bandcamp.com\/album\/d-fait\">D\u00e9\u00e9fait by D\u00e9\u00e9fait<\/a><\/iframe>\n\n\n<p><strong>PREMIERY P\u0141YTOWE TYGODNIA<\/strong><\/p>\n<p>6.12 <strong>Baklu<\/strong> Drafts, Superkasety <br \/>6.12 <strong>zeelie brown &lt;3<\/strong> the apocalypse is not the end but the unveiling, New Amsterdam<br \/>10.12 <strong>Baker-Beck-Wyskida<\/strong> Trzecia (drugi), Cruel Nature <br \/>10.12 <strong>Hekla<\/strong> Gj\u00e1, EP<br \/>10.12 <strong>M83<\/strong> Resurrection OST, Believe <br \/>11.12<strong> Chrome Canyon and Jordan Chini<\/strong> Vice Is Broke OST, Stones Throw <br \/>11.12 <strong>Health<\/strong> Conflict DLC, Loma Vista <br \/>12.12 <strong>21 Savage<\/strong> What Happened To The Streets?, Epic <br \/>12.12 <strong>Conway The Machine<\/strong> Can&#8217;t Kill God with Bullets, Roc Nation <br \/>12.12 <strong>D\u00e9\u00e9fait<\/strong> D\u00e9\u00e9fait, Ici d&#8217;ailleurs <br \/>12.12 <strong>DIIV<\/strong> Boiled Alive, Fantasy <br \/>12.12 <strong>divr<\/strong> Live at Cully Jazz, We Jazz <br \/>12.12 <strong>Erwan Keravec<\/strong> Whitewater, Ici d&#8217;ailleurs <br \/>12.12 <strong>Hari Maia<\/strong> Fragments, Room40 <br \/>12.12 <strong>Jad Fair<\/strong> Strange But True, Joyful Noise <br \/>12.12 <strong>Juliana Hatfield<\/strong> Lightning Might Strike, American Laundromat <br \/>12.12 <strong>Kloke &amp; Tim Reaper<\/strong> Mindgame 10, Mindgames <br \/>12.12 <strong>Leif<\/strong> Collide, AD93 <br \/>12.12 <strong>Los Retros<\/strong> Early Days (2016-2019), Stones Throw <br \/>12.12 <strong>Nas &amp; DJ Premier<\/strong> Light-Years, Mass Appeal <br \/>12.12 <strong>O.S.T.R.<\/strong> &#8222;404&#8221;, Tabasko Nagrania <br \/>12.12<strong> Pink Floyd<\/strong> Wish You Were Here 50, Columbia reed<br \/>12.12 <strong>Thelonious Monk<\/strong> Bremen 1965, Sunnyside arch<\/p>","protected":false},"excerpt":{"rendered":"<p>Zbli\u017ca si\u0119 po\u0142owa grudnia, wok\u00f3\u0142 mn\u00f3stwo podsumowa\u0144 roku, coraz nudniejszych, bo ci\u0105gn\u0105cych si\u0119 ju\u017c prawie od miesi\u0105ca i nieobejmuj\u0105cych ca\u0142ego roku. Jest to wi\u0119c najlepszy moment, bym si\u0119gn\u0105\u0142 po fragment w\u0142asnego, opublikowanego tu kilka lat temu apelu:\u00a0 Je\u015bli bliska ci niezale\u017cno\u015b\u0107 oraz nonszalancja\u00a0I je\u015bli niekoniunkturalna ma by\u0107 twoja p\u0142yta,\u00a0\u00a0Opublikuj j\u0105 w\u00a0grudniu \u2013 to jedyna gwarancja,\u00a0By [&hellip;]<\/p>\n","protected":false},"author":1,"featured_media":48215,"comment_status":"open","ping_status":"closed","sticky":false,"template":"","format":"standard","meta":{"footnotes":""},"categories":[582,3,3681,312,120,3319,444,3309,4009,7,5878],"tags":[5924],"_links":{"self":[{"href":"https:\/\/blog.polityka.pl\/polifonia\/wp-json\/wp\/v2\/posts\/48209"}],"collection":[{"href":"https:\/\/blog.polityka.pl\/polifonia\/wp-json\/wp\/v2\/posts"}],"about":[{"href":"https:\/\/blog.polityka.pl\/polifonia\/wp-json\/wp\/v2\/types\/post"}],"author":[{"embeddable":true,"href":"https:\/\/blog.polityka.pl\/polifonia\/wp-json\/wp\/v2\/users\/1"}],"replies":[{"embeddable":true,"href":"https:\/\/blog.polityka.pl\/polifonia\/wp-json\/wp\/v2\/comments?post=48209"}],"version-history":[{"count":5,"href":"https:\/\/blog.polityka.pl\/polifonia\/wp-json\/wp\/v2\/posts\/48209\/revisions"}],"predecessor-version":[{"id":48214,"href":"https:\/\/blog.polityka.pl\/polifonia\/wp-json\/wp\/v2\/posts\/48209\/revisions\/48214"}],"wp:featuredmedia":[{"embeddable":true,"href":"https:\/\/blog.polityka.pl\/polifonia\/wp-json\/wp\/v2\/media\/48215"}],"wp:attachment":[{"href":"https:\/\/blog.polityka.pl\/polifonia\/wp-json\/wp\/v2\/media?parent=48209"}],"wp:term":[{"taxonomy":"category","embeddable":true,"href":"https:\/\/blog.polityka.pl\/polifonia\/wp-json\/wp\/v2\/categories?post=48209"},{"taxonomy":"post_tag","embeddable":true,"href":"https:\/\/blog.polityka.pl\/polifonia\/wp-json\/wp\/v2\/tags?post=48209"}],"curies":[{"name":"wp","href":"https:\/\/api.w.org\/{rel}","templated":true}]}}