
{"id":48481,"date":"2026-04-04T10:43:12","date_gmt":"2026-04-04T08:43:12","guid":{"rendered":"https:\/\/blog.polityka.pl\/polifonia\/?p=48481"},"modified":"2026-04-04T10:43:13","modified_gmt":"2026-04-04T08:43:13","slug":"marzec-2026-playlista","status":"publish","type":"post","link":"https:\/\/blog.polityka.pl\/polifonia\/2026\/04\/04\/marzec-2026-playlista\/","title":{"rendered":"MARZEC 2026: playlista"},"content":{"rendered":"<p>Po raz kolejny proponuj\u0119 zbi\u00f3r nagra\u0144, kt\u00f3re pozwol\u0105 nadrobi\u0107 premiery albumowe i singlowe minionego miesi\u0105ca na jednej eklektycznej &#8211; dzi\u015b mo\u017cna nawet powiedzie\u0107: ekumenicznej &#8211; playli\u015bcie. Radosnych \u015bwi\u0105t i fantastycznych odkry\u0107, Polifonia z przytupem wraca do \u015bwiadczenia us\u0142ug tu\u017c po \u015bwi\u0119tach.\u00a0<\/p>\n\n\n<!--more-->\n\n\n\n<iframe allow=\"autoplay *; encrypted-media *; fullscreen *; clipboard-write\" frameborder=\"0\" height=\"450\" style=\"width:100%;max-width:660px;overflow:hidden;border-radius:10px;\" sandbox=\"allow-forms allow-popups allow-same-origin allow-scripts allow-storage-access-by-user-activation allow-top-navigation-by-user-activation\" src=\"https:\/\/embed.music.apple.com\/pl\/playlist\/polifonia-2026-march-marzec\/pl.u-DdAN853s0L4XoG4\"><\/iframe>\n\n\n\n<iframe loading=\"lazy\" title=\"deezer-widget\" src=\"https:\/\/widget.deezer.com\/widget\/dark\/playlist\/15134838783\" width=\"100%\" height=\"300\" frameborder=\"0\" allowtransparency=\"true\" allow=\"encrypted-media; clipboard-write\"><\/iframe>\n\n\n\n<iframe data-testid=\"embed-iframe\" style=\"border-radius:12px\" src=\"https:\/\/open.spotify.com\/embed\/playlist\/2L8Iyzxp5AmNZoscKLPL5O?utm_source=generator\" width=\"100%\" height=\"352\" frameBorder=\"0\" allowfullscreen=\"\" allow=\"autoplay; clipboard-write; encrypted-media; fullscreen; picture-in-picture\" loading=\"lazy\"><\/iframe>\n\n\n\n<iframe loading=\"lazy\" src=\"https:\/\/embed.tidal.com\/playlists\/9de1b14b-bdf4-4e4f-b5e5-215a18785e7c\" width=\"500\" height=\"275\" allow=\"encrypted-media; fullscreen; clipboard-write https:\/\/embed.tidal.com; web-share\" sandbox=\"allow-same-origin allow-scripts allow-forms allow-popups allow-popups-to-escape-sandbox\" style=\"color-scheme: light dark\" title=\"TIDAL Embed Player\" \/>\n","protected":false},"excerpt":{"rendered":"<p>Po raz kolejny proponuj\u0119 zbi\u00f3r nagra\u0144, kt\u00f3re pozwol\u0105 nadrobi\u0107 premiery albumowe i singlowe minionego miesi\u0105ca na jednej eklektycznej &#8211; dzi\u015b mo\u017cna nawet powiedzie\u0107: ekumenicznej &#8211; playli\u015bcie. Radosnych \u015bwi\u0105t i fantastycznych odkry\u0107, Polifonia z przytupem wraca do \u015bwiadczenia us\u0142ug tu\u017c po \u015bwi\u0119tach.\u00a0<\/p>\n","protected":false},"author":1,"featured_media":48482,"comment_status":"open","ping_status":"closed","sticky":false,"template":"","format":"standard","meta":{"footnotes":""},"categories":[2613,4581],"tags":[],"_links":{"self":[{"href":"https:\/\/blog.polityka.pl\/polifonia\/wp-json\/wp\/v2\/posts\/48481"}],"collection":[{"href":"https:\/\/blog.polityka.pl\/polifonia\/wp-json\/wp\/v2\/posts"}],"about":[{"href":"https:\/\/blog.polityka.pl\/polifonia\/wp-json\/wp\/v2\/types\/post"}],"author":[{"embeddable":true,"href":"https:\/\/blog.polityka.pl\/polifonia\/wp-json\/wp\/v2\/users\/1"}],"replies":[{"embeddable":true,"href":"https:\/\/blog.polityka.pl\/polifonia\/wp-json\/wp\/v2\/comments?post=48481"}],"version-history":[{"count":5,"href":"https:\/\/blog.polityka.pl\/polifonia\/wp-json\/wp\/v2\/posts\/48481\/revisions"}],"predecessor-version":[{"id":48487,"href":"https:\/\/blog.polityka.pl\/polifonia\/wp-json\/wp\/v2\/posts\/48481\/revisions\/48487"}],"wp:featuredmedia":[{"embeddable":true,"href":"https:\/\/blog.polityka.pl\/polifonia\/wp-json\/wp\/v2\/media\/48482"}],"wp:attachment":[{"href":"https:\/\/blog.polityka.pl\/polifonia\/wp-json\/wp\/v2\/media?parent=48481"}],"wp:term":[{"taxonomy":"category","embeddable":true,"href":"https:\/\/blog.polityka.pl\/polifonia\/wp-json\/wp\/v2\/categories?post=48481"},{"taxonomy":"post_tag","embeddable":true,"href":"https:\/\/blog.polityka.pl\/polifonia\/wp-json\/wp\/v2\/tags?post=48481"}],"curies":[{"name":"wp","href":"https:\/\/api.w.org\/{rel}","templated":true}]}}