
{"id":488,"date":"2011-03-18T17:08:24","date_gmt":"2011-03-18T15:08:24","guid":{"rendered":"http:\/\/polifonia.blog.polityka.pl\/?p=488"},"modified":"2011-03-18T17:46:04","modified_gmt":"2011-03-18T15:46:04","slug":"zostancie-1733-akademii-fonograficznej","status":"publish","type":"post","link":"https:\/\/blog.polityka.pl\/polifonia\/2011\/03\/18\/zostancie-1733-akademii-fonograficznej\/","title":{"rendered":"Zosta\u0144cie 1\/733 Akademii Fonograficznej"},"content":{"rendered":"<p>Mam nadziej\u0119, \u017ce dzisiejsza propozycja b\u0119dzie na tyle atrakcyjna, \u017ceby najpierw zwr\u00f3ci\u0107 uwag\u0119 na ma\u0142\u0105 reklam\u00f3wk\u0119. W\u0142a\u015bciwie to element promocyjny. Do Polski przyje\u017cd\u017ca bowiem <strong>Raymond Salvatore Harmon<\/strong>, kt\u00f3ry wsp\u00f3lnie z <strong>Toddem Carterem<\/strong> tworzy performerski duet O\/R. Dlaczego powinni\u015bmy w Polsce zwr\u00f3ci\u0107 uwag\u0119 na Harmona? Po pierwsze, ju\u017c w Polsce wyst\u0119powa\u0142 jako artysta wizualny. Po drugie, da\u0142 si\u0119 pozna\u0107 w zesz\u0142ym roku jako niezwykle wp\u0142ywowa posta\u0107 na naszej scenie alternatywnej. Pisa\u0142em ju\u017c o tym, \u017ce produkowa\u0142 dwie wa\u017cne premiery roku 2010: album &#8222;Revisit&#8221; Mikrokolektywu oraz &#8222;Western Lands&#8221; Kristen. Poza tym razem z Carterem wsp\u00f3\u0142pracuj\u0105 z Exploding Star Orchestra Roba Mazurka. Obaj pracowali te\u017c nad koncertowym DVD Mikrokolektywu (Harmon jako re\u017cyser, Carter zmiksowa\u0142 i zmasterowa\u0142 ca\u0142o\u015b\u0107), o kt\u00f3rym nieco dalej. W duecie tworz\u0105 przedstawienie b\u0119d\u0105ce skrzy\u017cowaniem koncertu i preformance&#8217;u z dziedziny nowych medi\u00f3w. Przyjad\u0105 na zaproszenie festiwalu CoCarts w Toruniu, ale zagraj\u0105 ca\u0142kiem sporych rozmiar\u00f3w tras\u0119, kt\u00f3r\u0105 nazwali The Nearer East Tour:<\/p>\n<p>22.03 Wroc\u0142aw, OPT<br \/>\n23.03 \u0141\u00f3dz, Jazzga<br \/>\n24.03 Warszawa, Powi\u0119kszenie<br \/>\n25.03 Toru\u0144, CoCarts Festival (RSH w\/ PAS+HATI)<br \/>\n26.03 Torun, CoCarts Festival<br \/>\n27.03 Pozna\u0144, Dragon <\/p>\n<p>Tutaj mo\u017cna zobaczy\u0107 ich obu w akcji, w Heaven Gallery w Chicago:<\/p>\n<p><object width=\"450\" height=\"370\"><param name=\"movie\" value=\"http:\/\/www.youtube.com\/v\/9BZdWl3_APc?fs=1&amp;hl=pl_PL\"><\/param><param name=\"allowFullScreen\" value=\"true\"><\/param><param name=\"allowscriptaccess\" value=\"always\"><\/param><embed src=\"http:\/\/www.youtube.com\/v\/9BZdWl3_APc?fs=1&amp;hl=pl_PL\" type=\"application\/x-shockwave-flash\" allowscriptaccess=\"always\" allowfullscreen=\"true\" width=\"450\" height=\"370\"><\/embed><\/object><\/p>\n<p>A teraz wr\u00f3c\u0119 na chwil\u0119 do <a href=\"http:\/\/polifonia.blog.polityka.pl\/2011\/02\/23\/a-teraz-czas-na-cos-waznego\/\">tematu sprzed prawie miesi\u0105ca<\/a>. My\u015bla\u0142em, co mog\u0119 zrobi\u0107, \u017ceby grono ludzi wybieraj\u0105cych Fryderyki &#8211; szczeg\u00f3lnie w dziedzinie muzyki alternatywnej &#8211; by\u0142o bardziej godne zaufania.  I co zrobi\u0107, \u017ceby przekona\u0107 takich artyst\u00f3w jak Mikrokolektyw i Kristen (kt\u00f3rych wytw\u00f3rnie nie zg\u0142osi\u0142y w og\u00f3le do fryderykowego wy\u015bcigu) do zainteresowania si\u0119 nagrodami. I wymy\u015bli\u0142em: oddam decyzj\u0119 czytelnikom tego bloga. Mam &#8211; jako jeden z 733 cz\u0142onk\u00f3w Akademii Fonograficznej &#8211; 1\/733 wp\u0142ywu na ostateczn\u0105 decyzj\u0119. Przekazuj\u0119 j\u0105 Wam. Mo\u017cecie w komentarzach pod tym wpisem zaproponowa\u0107, na kt\u00f3r\u0105 z pi\u0119ciu nominowanych pozycji chcecie odda\u0107 sw\u00f3j g\u0142os. Je\u015bli macie problem z personaliami, wpisujcie si\u0119 anonimowo. \u017beby unikn\u0105\u0107 wielokrotnego g\u0142osowania przez t\u0119 sam\u0105 osob\u0119, b\u0119d\u0119 przegl\u0105da\u0142 adresy IP. W najbli\u017cszy poniedzia\u0142ek o 12.00 (czyli w samo po\u0142udnie) zamykam plebiscyt i oddaj\u0119 w Waszym imieniu (poniedzia\u0142ek to ostateczny termin zako\u0144czenia g\u0142osowania przez Akademi\u0119) m\u00f3j jeden punkt na t\u0119 p\u0142yt\u0119, kt\u00f3ra wygra tutaj. Zestaw nie jest naj\u0142atwiejszy, wi\u0119c mnie te\u017c to pomo\u017ce w jakim\u015b stopniu. Oto typy:<\/p>\n<p><strong>1. D4D Who&#8217;s Afraid Of?<br \/>\n2. MUCHY Notoryczni debiutanci<br \/>\n3. NO!NO!NO! NO!NO!NO!<br \/>\n4. POGODNO Wasza Wspania\u0142o\u015b\u0107<br \/>\n5. SMOLIK , ABRADAB, MALE\u0143CZUK &#038; WAGLEWSKI , MITCH AND MITCH, POGODNO, FISZ EMADE, KIM NOWAK, DJ EPROM, OXY.GEN, VOO VOO, JACASZEK M\u0119skie granie <\/strong><\/p>\n<p>Czas start. Czekam na g\u0142osy, ogl\u0105daj\u0105c sobie w ko\u0144cu materia\u0142 z wroc\u0142awskiej WFF, gdzie gra\u0142 w kwietniu zesz\u0142ego roku (tak, tak &#8211; i to po 10.04) <strong>Mikrokolektyw<\/strong>. Filmowa\u0142 wspominany Raymond Salvatore Harmon. Muzycznie rzecz wykracza lekko poza materia\u0142 z &#8222;Revisit&#8221;. Wizualizacje nie\u017ale komponuj\u0105 si\u0119 z muzyk\u0105, podoba mi si\u0119 te\u017c lekko ziarnisty obraz z kamery. Wizualizacje &#8211; warte uwagi, zbudowane na bazie ruchomych transparentnych obraz\u00f3w, kt\u00f3re (\u0142\u0105czone ze sob\u0105) daj\u0105 wra\u017cenie tr\u00f3jwymiarowo\u015bci &#8211; mo\u017cna sobie tu te\u017c obejrze\u0107 oddzielnie. Szukajcie, ogl\u0105dajcie, ale najpierw zag\u0142osujcie w miniplebiscycie Polifonii.<\/p>\n<p><strong>MIKROKOLEKTYW &#8222;Dew Point&#8221; DVD<\/strong><br \/>\nDelmark 2010<\/p>\n<p><object width=\"450\" height=\"270\"><param name=\"movie\" value=\"http:\/\/www.youtube.com\/v\/syysELjgFSE?fs=1&amp;hl=pl_PL\"><\/param><param name=\"allowFullScreen\" value=\"true\"><\/param><param name=\"allowscriptaccess\" value=\"always\"><\/param><embed src=\"http:\/\/www.youtube.com\/v\/syysELjgFSE?fs=1&amp;hl=pl_PL\" type=\"application\/x-shockwave-flash\" allowscriptaccess=\"always\" allowfullscreen=\"true\" width=\"450\" height=\"270\"><\/embed><\/object><\/p>\n","protected":false},"excerpt":{"rendered":"<p>Mam nadziej\u0119, \u017ce dzisiejsza propozycja b\u0119dzie na tyle atrakcyjna, \u017ceby najpierw zwr\u00f3ci\u0107 uwag\u0119 na ma\u0142\u0105 reklam\u00f3wk\u0119. W\u0142a\u015bciwie to element promocyjny. Do Polski przyje\u017cd\u017ca bowiem Raymond Salvatore Harmon, kt\u00f3ry wsp\u00f3lnie z Toddem Carterem tworzy performerski duet O\/R. Dlaczego powinni\u015bmy w Polsce zwr\u00f3ci\u0107 uwag\u0119 na Harmona? Po pierwsze, ju\u017c w Polsce wyst\u0119powa\u0142 jako artysta wizualny. Po drugie, [&hellip;]<\/p>\n","protected":false},"author":1,"featured_media":0,"comment_status":"open","ping_status":"open","sticky":false,"template":"","format":"standard","meta":{"footnotes":""},"categories":[3,120,107,1,9],"tags":[479,114,503,502],"_links":{"self":[{"href":"https:\/\/blog.polityka.pl\/polifonia\/wp-json\/wp\/v2\/posts\/488"}],"collection":[{"href":"https:\/\/blog.polityka.pl\/polifonia\/wp-json\/wp\/v2\/posts"}],"about":[{"href":"https:\/\/blog.polityka.pl\/polifonia\/wp-json\/wp\/v2\/types\/post"}],"author":[{"embeddable":true,"href":"https:\/\/blog.polityka.pl\/polifonia\/wp-json\/wp\/v2\/users\/1"}],"replies":[{"embeddable":true,"href":"https:\/\/blog.polityka.pl\/polifonia\/wp-json\/wp\/v2\/comments?post=488"}],"version-history":[{"count":7,"href":"https:\/\/blog.polityka.pl\/polifonia\/wp-json\/wp\/v2\/posts\/488\/revisions"}],"predecessor-version":[{"id":494,"href":"https:\/\/blog.polityka.pl\/polifonia\/wp-json\/wp\/v2\/posts\/488\/revisions\/494"}],"wp:attachment":[{"href":"https:\/\/blog.polityka.pl\/polifonia\/wp-json\/wp\/v2\/media?parent=488"}],"wp:term":[{"taxonomy":"category","embeddable":true,"href":"https:\/\/blog.polityka.pl\/polifonia\/wp-json\/wp\/v2\/categories?post=488"},{"taxonomy":"post_tag","embeddable":true,"href":"https:\/\/blog.polityka.pl\/polifonia\/wp-json\/wp\/v2\/tags?post=488"}],"curies":[{"name":"wp","href":"https:\/\/api.w.org\/{rel}","templated":true}]}}