
{"id":5187,"date":"2013-09-12T15:11:53","date_gmt":"2013-09-12T13:11:53","guid":{"rendered":"http:\/\/polifonia.blog.polityka.pl\/?p=5187"},"modified":"2013-09-12T15:23:51","modified_gmt":"2013-09-12T13:23:51","slug":"gitara-i-piorem","status":"publish","type":"post","link":"https:\/\/blog.polityka.pl\/polifonia\/2013\/09\/12\/gitara-i-piorem\/","title":{"rendered":"Gitar\u0105 i pi\u00f3rem"},"content":{"rendered":"<p>A\u017c si\u0119 dziwi\u0119, \u017ce Pudelek tego dot\u0105d nie odnotowa\u0142: Urszula zn\u00f3w zmienia obiekt uczu\u0107. Najpierw by\u0142a podr\u00f3bka <a href=\"http:\/\/www.fabryka.pl\/uploads\/tx_evoproducts\/cz\/wa\/czwarty-raz_urszula-99903856819_BSP0411_600.jpg\">Fendera Stratocastera<\/a>. Potem mo\u017cna si\u0119 by\u0142o dopatrzy\u0107 <a href=\"http:\/\/http:\/\/images.okazje.info.pl\/p\/muzyka\/7801\/urszula-akustycznie.jpg\">jakiego\u015b Telecastera<\/a> (dla pikanterii &#8211; przy okazji p\u0142yty &#8222;Akustycznie&#8221;). Teraz przysz\u0142a pora na eleganckiego <a href=\"http:\/\/urszula.nstrefa.pl\/wp-content\/uploads\/2013\/08\/urszula-240x240.png\">Gibsona Les Paula<\/a>. Problem w tym, \u017ce wk\u0142adka nowej p\u0142yty nie pozostawia w\u0105tpliwo\u015bci: na gitarze Urszula tu nie gra.<!--more--><\/p>\n<p>Nie s\u0105dzicie, \u017ce jako\u015b ma\u0142o si\u0119 pisze o nowej p\u0142ycie Urszuli? Obstawiam, \u017ce pow\u00f3d jest prosty. Cho\u0107 bowiem autorka za gitar\u0119 tym razem nie chwyci\u0142a, wzi\u0119\u0142a do r\u0119ki pi\u00f3ro i zamkn\u0119\u0142a usta potencjalnym krytykom: <\/p>\n<p><em>Oszala\u0142y mija dzie\u0144, kolejny czeka gdzie\u015b<br \/>\nPob\u0142a\u017cliwy niesmak zn\u00f3w ogarnia ci\u0119&#8230;<br \/>\nW szafie masz karabin, lecz nie zastrzelisz si\u0119<br \/>\nPi\u0119kno lipca za oknami ci\u0105gnie ci\u0119. <\/em><\/p>\n<p>Nie \u017cebym mia\u0142 nastroje samob\u00f3jcze po wys\u0142uchaniu tego utworu, ale musz\u0119 przyzna\u0107, \u017ce w drugiej linijce Urszula lepiej wyrazi\u0142a to, co czu\u0142em, s\u0142uchaj\u0105c tej p\u0142yty, ni\u017c sam bym potrafi\u0142*. <\/p>\n<p>A nawet gdybym nastroje samob\u00f3jcze mia\u0142, pos\u0142ucha\u0142bym sobie trzy razy lepszej p\u0142yty &#8222;Hesitation Marks&#8221; Nine Inch Nails, pisanej raczej syntezatorem i \u017cyletk\u0105 ni\u017c gitar\u0105 i pi\u00f3rem. Chocia\u017c i za ni\u0105 &#8211; dodam z pewnym wahaniem &#8211; poci\u0105\u0107 bym si\u0119 nie da\u0142, o czym informowa\u0142em ju\u017c w pewnym sensie <a href=\"http:\/\/www.polityka.pl\/kultura\/muzyka\/1554443,1,recenzja-plyty-nine-inch-nailshesitation-marks.read\">tutaj<\/a>. Wi\u0119c dzi\u015b ju\u017c bez dodatkowych ok\u0142adek, ocen itp.<\/p>\n<p><em>*Takich podtekstowych gier jest zreszt\u0105 wi\u0119cej &#8211; symboliczny wydaje mi si\u0119 na przyk\u0142ad fakt, \u017ce &#8222;Nadzieja&#8221; okaza\u0142a si\u0119 utworem instrumentalnym.<\/em><\/p>\n","protected":false},"excerpt":{"rendered":"<p>A\u017c si\u0119 dziwi\u0119, \u017ce Pudelek tego dot\u0105d nie odnotowa\u0142: Urszula zn\u00f3w zmienia obiekt uczu\u0107. Najpierw by\u0142a podr\u00f3bka Fendera Stratocastera. Potem mo\u017cna si\u0119 by\u0142o dopatrzy\u0107 jakiego\u015b Telecastera (dla pikanterii &#8211; przy okazji p\u0142yty &#8222;Akustycznie&#8221;). Teraz przysz\u0142a pora na eleganckiego Gibsona Les Paula. Problem w tym, \u017ce wk\u0142adka nowej p\u0142yty nie pozostawia w\u0105tpliwo\u015bci: na gitarze Urszula tu [&hellip;]<\/p>\n","protected":false},"author":1,"featured_media":0,"comment_status":"open","ping_status":"closed","sticky":false,"template":"","format":"standard","meta":{"footnotes":""},"categories":[163,1228],"tags":[1507,1506],"_links":{"self":[{"href":"https:\/\/blog.polityka.pl\/polifonia\/wp-json\/wp\/v2\/posts\/5187"}],"collection":[{"href":"https:\/\/blog.polityka.pl\/polifonia\/wp-json\/wp\/v2\/posts"}],"about":[{"href":"https:\/\/blog.polityka.pl\/polifonia\/wp-json\/wp\/v2\/types\/post"}],"author":[{"embeddable":true,"href":"https:\/\/blog.polityka.pl\/polifonia\/wp-json\/wp\/v2\/users\/1"}],"replies":[{"embeddable":true,"href":"https:\/\/blog.polityka.pl\/polifonia\/wp-json\/wp\/v2\/comments?post=5187"}],"version-history":[{"count":6,"href":"https:\/\/blog.polityka.pl\/polifonia\/wp-json\/wp\/v2\/posts\/5187\/revisions"}],"predecessor-version":[{"id":5193,"href":"https:\/\/blog.polityka.pl\/polifonia\/wp-json\/wp\/v2\/posts\/5187\/revisions\/5193"}],"wp:attachment":[{"href":"https:\/\/blog.polityka.pl\/polifonia\/wp-json\/wp\/v2\/media?parent=5187"}],"wp:term":[{"taxonomy":"category","embeddable":true,"href":"https:\/\/blog.polityka.pl\/polifonia\/wp-json\/wp\/v2\/categories?post=5187"},{"taxonomy":"post_tag","embeddable":true,"href":"https:\/\/blog.polityka.pl\/polifonia\/wp-json\/wp\/v2\/tags?post=5187"}],"curies":[{"name":"wp","href":"https:\/\/api.w.org\/{rel}","templated":true}]}}