
{"id":6030,"date":"2014-04-07T19:35:34","date_gmt":"2014-04-07T17:35:34","guid":{"rendered":"http:\/\/polifonia.blog.polityka.pl\/?p=6030"},"modified":"2014-04-08T09:26:44","modified_gmt":"2014-04-08T07:26:44","slug":"jezus-maria-czyli-nowe-na-off-festivalu","status":"publish","type":"post","link":"https:\/\/blog.polityka.pl\/polifonia\/2014\/04\/07\/jezus-maria-czyli-nowe-na-off-festivalu\/","title":{"rendered":"Jezus Maria, czyli nowe na Off Festivalu"},"content":{"rendered":"<p>To mamy kolejne og\u0142oszenia zwi\u0105zane z tegoroczn\u0105 edycj\u0105 katowickiego festiwalu. W\u015br\u00f3d nich m.in. <del datetime=\"2014-04-08T07:26:20+00:00\">do\u015b\u0107 ekstremalne<\/del> Black Lips i Celebral Ballzy, a tak\u017ce niemiecki The Notwist, kt\u00f3ry w\u0142a\u015bnie b\u0142ysn\u0105\u0142 form\u0105 na p\u0142ycie &#8222;Close to the Glass&#8221;. Ale nade wszystko kolejny z serii wielkich zespo\u0142\u00f3w sprzed lat. Dla mnie &#8211; jedno z pierwszych ol\u015bnie\u0144 zwi\u0105zanych z ha\u0142asem i gitarami. Jedni mieli dziesi\u0119\u0107 lat, gdy \u015bwiat us\u0142ysza\u0142 o rock&#8217;n&#8217;rollu, ja mia\u0142em 11 czy 12, gdy ukaza\u0142a si\u0119 p\u0142yta &#8222;Psychocandy&#8221; &#8211; i do\u015b\u0107 szybko trafi\u0142a do Polski. M\u00f3j pierwszy radiowy kontakt z muzyk\u0105<strong> The Jesus And Mary Chain <\/strong>zaowocowa\u0142 nagraniem tej p\u0142yty na kaset\u0119 z Polskiego Radia. Kiedy p\u00f3\u017aniej ods\u0142uchiwa\u0142em utw\u00f3r &#8222;In a Hole&#8221; uzna\u0142em, \u017ce co\u015b si\u0119 musia\u0142o popsu\u0107, z pewno\u015bci\u0105 wybrakowana ta\u015bma (co si\u0119 zdarza\u0142o). No bo sk\u0105d niby ten upiorny ha\u0142as na wysokich cz\u0119stotliwo\u015bciach przez ca\u0142y czas trwania utworu? By\u0142em kompletne nie\u015bwiadom tego, \u017ce takie rzeczy mo\u017cna robi\u0107 z gitar\u0105 elektryczn\u0105, a na swoje usprawiedliwienie mam fakt, \u017ce braci Reid\u00f3w us\u0142ysza\u0142em jeszcze zanim dotar\u0142a do mnie muzyka The Velvet Underground i The Stooges, \u017ce nie zna\u0142em wtedy jeszcze grupy Sonic Youth, a najbli\u017csze temu d\u017awi\u0119kowe doznanie prze\u017cy\u0142em dopiero dwa czy trzy lata p\u00f3\u017aniej, siedz\u0105c na fotelu dentystycznym.<!--more--><\/p>\n<p><a href=\"\/wp-content\/uploads\/2014\/04\/jesus_and_mary_chain.jpeg\"><img loading=\"lazy\" decoding=\"async\" src=\"\/wp-content\/uploads\/2014\/04\/jesus_and_mary_chain.jpeg\" alt=\"\" title=\"EPSON scanner image\" width=\"500\" height=\"500\" class=\"aligncenter size-full wp-image-6032\" srcset=\"\/polifonia\/wp-content\/uploads\/2014\/04\/jesus_and_mary_chain.jpeg 600w, \/polifonia\/wp-content\/uploads\/2014\/04\/jesus_and_mary_chain-150x150.jpg 150w, \/polifonia\/wp-content\/uploads\/2014\/04\/jesus_and_mary_chain-300x300.jpg 300w\" sizes=\"(max-width: 500px) 100vw, 500px\" \/><\/a><\/p>\n<p>B\u0119d\u0119 wi\u0119c czeka\u0107 na wyst\u0119p TJAMC, kt\u00f3rych i potem s\u0142ucha\u0142em, ale kt\u00f3rzy nigdy ju\u017c swoj\u0105 p\u0142yt\u0105 (mimo \u015bwietnych moment\u00f3w na p\u0142ytach &#8222;Darklands&#8221; czy &#8222;Honey&#8217;s Dead&#8221;) nie przebili tego pierwotnego do\u015bwiadczenia. Nie licz\u0119 na powt\u00f3rk\u0119 z pierwszych koncert\u00f3w grupy, kt\u00f3re by\u0142y w\u00f3wczas &#8211; jak wyczyta\u0142em chyba jeszcze w &#8222;Magazynie Muzycznym&#8221; &#8211; przerywane po kilkunastu minutach, ale z ch\u0119ci\u0105 zobacz\u0119 ich na scenie po raz pierwszy na w\u0142asne oczy. Czekam te\u017c z niecierpliwo\u015bci\u0105 na <strong>The Notwist<\/strong>. Ten zesp\u00f3\u0142 mia\u0142em okazj\u0119 widzie\u0107 na \u017cywo gdzie\u015b w okolicy kultowej p\u0142yty &#8222;Neon Golden&#8221; i wtedy &#8211; jak pami\u0119tam &#8211; byli odrobin\u0119 pogubieni, bo zanadto si\u0119 obstawili r\u00f3\u017cnymi elektronicznymi pude\u0142kami. To samo dotyczy\u0142o, w jeszcze wi\u0119kszym stopniu, mi\u0142ej w odbiorze grupy Lali Puna prowadzonej przez tego samego Markusa Achera (jego trzeciej formacji, Tied &#038; Tickled Trio, nigdy nie widzia\u0142em na \u017cywo). Teraz zesp\u00f3\u0142 The Notwist zaskoczy\u0142 mnie w tym roku na ca\u0142ej linii powrotem do bardzo rockowej witalno\u015bci i niez\u0142ym, bardzo wyr\u00f3wnanym materia\u0142em, kt\u00f3rego s\u0142ucham od dw\u00f3ch miesi\u0119cy w\u0142a\u015bciwie bez znu\u017cenia.<\/p>\n<p>&#8222;Close to the Glass&#8221; przynosi te\u017c rzecz chyba najbli\u017csz\u0105 TJAMC, ale te\u017c My Bloody Valentine, jaka si\u0119 zdarzy\u0142a w repertuarze The Notwist: utw\u00f3r &#8222;7-Hour Drive&#8221;. Reszta skutecznie wskrzesza niez\u0142e patenty postrockowe, czasem wyprowadzaj\u0105c z nich fajne minimalistyczne motywy (&#8222;Into Another Tune&#8221;). Brzmieniowo to w og\u00f3le najlepsza p\u0142yta The Notwist, jak\u0105 s\u0142ysza\u0142em, i a\u017c szkoda, \u017ce tego typu my\u015blenie \u015bwiata ju\u017c dzi\u015b nie zmieni \u015bwiata, no i przyzna\u0107 trzeba, \u017ce melodie te\u017c ju\u017c bywa\u0142y lepsze. Acher i jego za\u0142oga, nawet je\u015bli ju\u017c nie tak odkrywczy, s\u0105 z pewno\u015bci\u0105 nieustaj\u0105co stylowi.<\/p>\n<p>Na Off Festivalu &#8211; opr\u00f3cz wy\u017cej wymienionych &#8211; pojawi\u0105 si\u0119 jeszcze Gary Wilson And The Blind Dates, Los Campesinos!, Pional oraz Lee Bains III. Poza oczywi\u015bcie wszystkimi tymi, kt\u00f3rych nazwiska znajdziecie <a href=\"http:\/\/off-festival.pl\/\">tutaj<\/a>. S\u0142\u00f3wko o oczekiwanej bardzo p\u0142ycie solowej dyrektora imprezy <a href=\"http:\/\/www.polityka.pl\/tygodnikpolityka\/kultura\/muzyka\/1575311,1,recenzja-plyty-artur-rojek-skladam-sie-z-ciaglych-powtorzen.read\">tutaj<\/a>. A uzupe\u0142niona lista premier p\u0142ytowych <a href=\"http:\/\/polifonia.blog.polityka.pl\/premiery-plytowe-2014\/\">pod sta\u0142ym adresem<\/a>.<\/p>\n<p><a href=\"\/wp-content\/uploads\/2014\/04\/the_notwist.jpg\"><img loading=\"lazy\" decoding=\"async\" src=\"\/wp-content\/uploads\/2014\/04\/the_notwist-150x150.jpg\" alt=\"\" title=\"the_notwist\" width=\"150\" height=\"150\" class=\"alignleft size-thumbnail wp-image-6031\" srcset=\"\/polifonia\/wp-content\/uploads\/2014\/04\/the_notwist-150x150.jpg 150w, \/polifonia\/wp-content\/uploads\/2014\/04\/the_notwist.jpg 300w\" sizes=\"(max-width: 150px) 100vw, 150px\" \/><\/a><strong>THE NOTWIST &#8222;Close to the Glass&#8221;<\/strong><br \/>\nCity Slang\/Sub Pop 2014<br \/>\n<strong>Trzeba pos\u0142ucha\u0107:<\/strong> &#8222;7-Hour Drive&#8221;, &#8222;Kong&#8221;, &#8222;Signals&#8221;.<\/br><\/br><\/br><\/br><\/br><\/p>\n<p><iframe loading=\"lazy\" width=\"500\" height=\"280\" src=\"\/\/www.youtube.com\/embed\/tTsRc7onrB0\" frameborder=\"0\" allowfullscreen><\/iframe><\/p>\n","protected":false},"excerpt":{"rendered":"<p>To mamy kolejne og\u0142oszenia zwi\u0105zane z tegoroczn\u0105 edycj\u0105 katowickiego festiwalu. W\u015br\u00f3d nich m.in. do\u015b\u0107 ekstremalne Black Lips i Celebral Ballzy, a tak\u017ce niemiecki The Notwist, kt\u00f3ry w\u0142a\u015bnie b\u0142ysn\u0105\u0142 form\u0105 na p\u0142ycie &#8222;Close to the Glass&#8221;. Ale nade wszystko kolejny z serii wielkich zespo\u0142\u00f3w sprzed lat. Dla mnie &#8211; jedno z pierwszych ol\u015bnie\u0144 zwi\u0105zanych z ha\u0142asem [&hellip;]<\/p>\n","protected":false},"author":1,"featured_media":6031,"comment_status":"open","ping_status":"closed","sticky":false,"template":"","format":"standard","meta":{"footnotes":""},"categories":[18,3,120,7,1660,4],"tags":[1723,175,1720,1722,1721],"_links":{"self":[{"href":"https:\/\/blog.polityka.pl\/polifonia\/wp-json\/wp\/v2\/posts\/6030"}],"collection":[{"href":"https:\/\/blog.polityka.pl\/polifonia\/wp-json\/wp\/v2\/posts"}],"about":[{"href":"https:\/\/blog.polityka.pl\/polifonia\/wp-json\/wp\/v2\/types\/post"}],"author":[{"embeddable":true,"href":"https:\/\/blog.polityka.pl\/polifonia\/wp-json\/wp\/v2\/users\/1"}],"replies":[{"embeddable":true,"href":"https:\/\/blog.polityka.pl\/polifonia\/wp-json\/wp\/v2\/comments?post=6030"}],"version-history":[{"count":5,"href":"https:\/\/blog.polityka.pl\/polifonia\/wp-json\/wp\/v2\/posts\/6030\/revisions"}],"predecessor-version":[{"id":6037,"href":"https:\/\/blog.polityka.pl\/polifonia\/wp-json\/wp\/v2\/posts\/6030\/revisions\/6037"}],"wp:featuredmedia":[{"embeddable":true,"href":"https:\/\/blog.polityka.pl\/polifonia\/wp-json\/wp\/v2\/media\/6031"}],"wp:attachment":[{"href":"https:\/\/blog.polityka.pl\/polifonia\/wp-json\/wp\/v2\/media?parent=6030"}],"wp:term":[{"taxonomy":"category","embeddable":true,"href":"https:\/\/blog.polityka.pl\/polifonia\/wp-json\/wp\/v2\/categories?post=6030"},{"taxonomy":"post_tag","embeddable":true,"href":"https:\/\/blog.polityka.pl\/polifonia\/wp-json\/wp\/v2\/tags?post=6030"}],"curies":[{"name":"wp","href":"https:\/\/api.w.org\/{rel}","templated":true}]}}