
{"id":6143,"date":"2014-05-05T19:30:56","date_gmt":"2014-05-05T17:30:56","guid":{"rendered":"http:\/\/polifonia.blog.polityka.pl\/?p=6143"},"modified":"2014-05-05T18:30:08","modified_gmt":"2014-05-05T16:30:08","slug":"wole-hipstera-od-headlinera","status":"publish","type":"post","link":"https:\/\/blog.polityka.pl\/polifonia\/2014\/05\/05\/wole-hipstera-od-headlinera\/","title":{"rendered":"Wol\u0119 hipstera od headlinera"},"content":{"rendered":"<p><a href=\"\/wp-content\/uploads\/2014\/05\/frank_fairfield.jpg\"><img loading=\"lazy\" decoding=\"async\" src=\"\/wp-content\/uploads\/2014\/05\/frank_fairfield.jpg\" alt=\"\" title=\"frank_fairfield\" width=\"500\" height=\"500\" class=\"aligncenter size-full wp-image-6144\" \/><\/a><\/p>\n<p>Ci hipsterzy z kubkami od Starbucksa &#8211; s\u0142ysza\u0142em ostatnio do\u015b\u0107 masowo powtarzan\u0105 bredni\u0119, kt\u00f3ra oczywi\u015bcie jest zaprzeczeniem tego, czym hipster bywa\u0142 kiedykolwiek w historii &#8211; jako kto\u015b, kto modny nie by\u0142, nawet nie jest, tylko co najwy\u017cej b\u0119dzie. B\u0119d\u0119 wi\u0119c dzi\u015b broni\u0142 dobrego imienia hipstera. Bardziej ni\u017c jakikolwiek osobnik paraduj\u0105cy z jakimkolwiek kubkiem czego\u015b, co jest pozbawionym charakteru przedmiotem masowej konsumpcji, jest hipster takim na przyk\u0142ad <strong>Frankiem Fairfieldem<\/strong> (to ten na zdj\u0119ciu powy\u017cej, ukradzionym z jego <a href=\"http:\/\/frankfairfield.bandcamp.com\/album\/frank-fairfield\">bandcampowej strony<\/a>). Nie chodzi o to, by si\u0119 ubiera\u0142 w jakim\u015b H&#038;M (cho\u0107 niewykluczone, \u017ce jaki\u015b H&#038;M udziela dzi\u015b dzieciakom z blog\u00f3w zni\u017cek na bielizn\u0119, \u017ceby rozpowszechnia\u0142y takie brednie dalej), tylko o to, \u017ceby inni zachodzili w g\u0142ow\u0119, gdzie si\u0119 facet ubra\u0142. Z nieco podobnych powod\u00f3w gdy og\u0142aszane s\u0105 uzupe\u0142nienia obsady letnich festiwali &#8211; dzi\u015b kolejnych kilkunastu wykonawc\u00f3w, kt\u00f3rzy przyjad\u0105 na <strong>Off Festival<\/strong> &#8211; moje zainteresowanie ro\u015bnie zamiast male\u0107. Headlinerzy pewnie pomagaj\u0105 sprzedawa\u0107 bilety. A oto wykonawcy, kt\u00f3rych pewnie niepr\u0119dko bym w Polsce poza festiwalem zobaczy\u0142, by\u0107 mo\u017ce odkrycia imprezy. Czy mo\u017ce by\u0107 co\u015b bardziej ekscytuj\u0105cego? Poni\u017cej jeszcze o paru takich.<!--more--><\/p>\n<p>Zanim jednak przyst\u0105pi\u0119 do wyliczanki, dodam s\u0142owo o Fairfieldzie, bo mu si\u0119 nale\u017cy. Gra na banjo, skrzypcach, gitarze i \u015bpiewa, wykonywa\u0142 na ulicy pie\u015bni z Appalach\u00f3w, akompaniuj\u0105c sobie i tupi\u0105c nog\u0105. Pisze w\u0142asne utwory, wsp\u00f3\u0142czesne kawa\u0142ki bluegrassowe, i ma dopiero 28 lat, cho\u0107 \u015bpiewane przez niego pie\u015bni ju\u017c bli\u017cej 82. Jest te\u017c protegowanym Fleet Foxes &#8211; o tyle, \u017ce zafascynowany jego umiej\u0119tno\u015bciami Robin Pecknold zaproponowa\u0142 mu granie jako support przed koncertami FF (i to pewnie nie ze wzgl\u0119du na zgodno\u015b\u0107 inicja\u0142\u00f3w &#8211; niestety, FF grywa\u0142 tylko na ameryka\u0144skich koncertach FF). Jest te\u017c Fairfield fragmentem ameryka\u0144skiej tradycji &#8211; ci\u0105gle \u017cywego tradycyjnego grania, kt\u00f3re doskonale &#8211; jak my\u015bl\u0119 &#8211; wkomponuje si\u0119 w klimat wieczoru zwi\u0105zanego z rokiem kolbergowskim (mimo bajecznie hipsterskiego potencja\u0142u do\u015b\u0107 s\u0142abo dot\u0105d celebrowanym) podczas tegorocznego Off Festivalu. Nagrania FF, poza wy\u017cej zlinkowanym Bandcampem, znajdziecie m.in. na p\u0142ytach wytw\u00f3rni Tompkins Square, kt\u00f3ra zajmuje si\u0119 r\u00f3\u017cnymi starociami i m\u0142odymi artystami, kt\u00f3rzy wygl\u0105daj\u0105 na starszych ni\u017c s\u0105 (pisz\u0119 na podstawie licznych do\u015bwiadcze\u0144).<\/p>\n<p>Z dw\u00f3ch powod\u00f3w wol\u0119 takie p\u0142otki od headliner\u00f3w. Po pierwsze, graj\u0105 w mniejszym namiocie (Fairfield na Scenie Eksperymentalnej, gdzie pewnie zn\u00f3w trudno b\u0119dzie wej\u015b\u0107), wi\u0119c warunki odbioru (je\u015bli ju\u017c si\u0119 dostan\u0119) b\u0119d\u0119 mia\u0142 lepsze, no i nie trzeba udawa\u0107, \u017ce si\u0119 pami\u0119ta refreny i zastanawia\u0107 si\u0119, czy po tylu latach b\u0119d\u0105 jeszcze w stanie odegra\u0107 stary repertuar. Po drugie &#8211; to mo\u017ce by\u0107 zarazem ostatni wyst\u0119p FF, jaki kiedykolwiek zobacz\u0119. Bo chyba tylko reklama H&#038;M-u albo Starbucksa by\u0142aby w stanie zrobi\u0107 z FF wykonawc\u0119 na tyle masowego, by wr\u00f3ci\u0142 jako headliner. A wracaj\u0105 &#8211; zauwa\u017cy\u0142em &#8211; g\u0142\u00f3wnie ci z p\u00f3\u0142ki z headlinerami. I to jako kolejni headlinerzy. Lubi\u0105 si\u0119 przemieszcza\u0107 pomi\u0119dzy festiwalami i jak ju\u017c raz wejd\u0105 na poziom gwiazd drukowanych du\u017c\u0105 czcionk\u0105, murowany fina\u0142 w Dolinie Charlotty. Szanujcie wi\u0119c p\u0142otki, prawdziwie od\u017cywcz\u0105 warto\u015b\u0107 ka\u017cdej muzycznej imprezy.<\/p>\n<p><iframe loading=\"lazy\" width=\"100%\" height=\"166\" scrolling=\"no\" frameborder=\"no\" src=\"https:\/\/w.soundcloud.com\/player\/?url=https%3A\/\/api.soundcloud.com\/tracks\/15126482&amp;color=ff5500&amp;auto_play=false&amp;hide_related=false&amp;show_artwork=true\"><\/iframe><\/p>\n<p>Inni og\u0142oszeni dzi\u015b go\u015bcie katowickiej imprezy (\u017ce przypomn\u0119: 1-3 sierpnia plus before party 31 lipca) to: Glenn Branca, Kapela Brod\u00f3w, Same Suki, Jerusalem In My Heart, DakhaBrakha, Karpaty Magiczne, Mark Ernestus and Jeri Jeri, Hatti Vatti, Stefan Weso\u0142owski, Evan Ziporyn, The Paranoid Critical Revolution, Nisennenmondai i Etienne Jaumet. Znajdzie si\u0119 jeszcze i kilka zaskocze\u0144, i paru hipster\u00f3w. O kilku z nich ju\u017c tu pisywa\u0142em, o niekt\u00f3rych nawet ca\u0142kiem niedawno. Um\u00f3wmy si\u0119 zatem przy p\u0142otce, niedaleko p\u0142otu, czyli w namiocie Sceny Eksperymentalnej. Bez uprzedze\u0144 i z\u0142ych definicji.<\/p>\n<p>Wcze\u015bniej mo\u017cecie si\u0119 zaopatrzy\u0107 w inny, ca\u0142kiem \u015bwie\u017cy album z nowojorskiej Tompkins Square: p\u0142yt\u0119 &#8222;All Kinds of You&#8221; <strong>Ryleya Walkera<\/strong>. Wynajdywanie tego typu m\u0142odych muzyk\u00f3w to najwyra\u017aniej cz\u0119\u015b\u0107 polityki wytw\u00f3rni (pami\u0119tacie <a href=\"https:\/\/www.youtube.com\/watch?feature=player_embedded&#038;v=snOeEV21PQ8\">Daniela Bachmana<\/a>, kt\u00f3rego poleca\u0142 tu kiedy\u015b w komentarzach Wiecz\u00f3r?). Walker ma ledwie 25 lat i tworzy przepi\u0119kne utwory na gitar\u0119 solo, troch\u0119 w duchu najlepszych nagra\u0144 Michaela Chapmana, troch\u0119 Bernta Janscha. Pisze te\u017c piosenki zbli\u017cone do stylistyki Nicka Drake&#8217;a, tyle \u017ce nieco bardzie rozbuchane aran\u017cacyjnie. Perfekcyjny technicznie, Ryley Walker jest te\u017c bardzo pewny jako songwriter &#8211; ten wiek to w jego wypadku zmienna kompletnie nieodczuwalna. \u015awietna propozycja do zestawu p\u0142otek na przysz\u0142oroczny Off Festival. Chocia\u017c z tym talentem, to muzyk z Chicago mo\u017ce si\u0119 przed przysz\u0142oroczn\u0105 edycj\u0105 przenie\u015b\u0107 do innej kategorii. A mo\u017ce jeszcze bardziej \u017cyczeniowo: oddzielna scena Tompkins Square? <\/p>\n<p><a href=\"\/wp-content\/uploads\/2014\/05\/ryley_walker.jpg\"><img loading=\"lazy\" decoding=\"async\" src=\"\/wp-content\/uploads\/2014\/05\/ryley_walker-150x150.jpg\" alt=\"\" title=\"ryley_walker\" width=\"150\" height=\"150\" class=\"alignleft size-thumbnail wp-image-6146\" srcset=\"\/polifonia\/wp-content\/uploads\/2014\/05\/ryley_walker-150x150.jpg 150w, \/polifonia\/wp-content\/uploads\/2014\/05\/ryley_walker-300x300.jpg 300w, \/polifonia\/wp-content\/uploads\/2014\/05\/ryley_walker-1024x1024.jpg 1024w, \/polifonia\/wp-content\/uploads\/2014\/05\/ryley_walker.jpg 1500w\" sizes=\"(max-width: 150px) 100vw, 150px\" \/><\/a><strong>RYLEY WALKER &#8222;All Kinds of You&#8221;<\/strong><br \/>\nTompkins Square 2014<br \/>\n<strong>Trzeba pos\u0142ucha\u0107:<\/strong> obie cz\u0119\u015bci &#8222;Twin Oaks&#8221;, &#8222;The West Wing&#8221;.<\/p>\n<p><object width=\"500\" height=\"290\"><param name=\"movie\" value=\"http:\/\/videoplayer.vevo.com\/embed\/Embedded?videoId=USA2P1391779&#038;playlist=false&#038;autoplay=0&#038;playerId=62FF0A5C-0D9E-4AC1-AF04-1D9E97EE3961&#038;playerType=embedded&#038;env=0&#038;cultureName=en-US&#038;cultureIsRTL=false\"><\/param><param name=\"wmode\" value=\"transparent\"><\/param><param name=\"bgcolor\" value=\"#000000\"><\/param><param name=\"allowFullScreen\" value=\"true\"><\/param><param name=\"allowScriptAccess\" value=\"always\"><\/param><embed src=\"http:\/\/videoplayer.vevo.com\/embed\/Embedded?videoId=USA2P1391779&#038;playlist=false&#038;autoplay=0&#038;playerId=62FF0A5C-0D9E-4AC1-AF04-1D9E97EE3961&#038;playerType=embedded&#038;env=0&#038;cultureName=en-US&#038;cultureIsRTL=false\" type=\"application\/x-shockwave-flash\" allowfullscreen=\"true\" allowscriptaccess=\"always\" width=\"575\" height=\"324\" bgcolor=\"#000000\" wmode=\"transparent\"><\/embed><\/object> <\/p>\n<p>Headliner<\/p>\n","protected":false},"excerpt":{"rendered":"<p>Ci hipsterzy z kubkami od Starbucksa &#8211; s\u0142ysza\u0142em ostatnio do\u015b\u0107 masowo powtarzan\u0105 bredni\u0119, kt\u00f3ra oczywi\u015bcie jest zaprzeczeniem tego, czym hipster bywa\u0142 kiedykolwiek w historii &#8211; jako kto\u015b, kto modny nie by\u0142, nawet nie jest, tylko co najwy\u017cej b\u0119dzie. B\u0119d\u0119 wi\u0119c dzi\u015b broni\u0142 dobrego imienia hipstera. Bardziej ni\u017c jakikolwiek osobnik paraduj\u0105cy z jakimkolwiek kubkiem czego\u015b, co [&hellip;]<\/p>\n","protected":false},"author":1,"featured_media":6146,"comment_status":"open","ping_status":"closed","sticky":false,"template":"","format":"standard","meta":{"footnotes":""},"categories":[12,3,13,1660],"tags":[1740,1742,175,1743,1741],"_links":{"self":[{"href":"https:\/\/blog.polityka.pl\/polifonia\/wp-json\/wp\/v2\/posts\/6143"}],"collection":[{"href":"https:\/\/blog.polityka.pl\/polifonia\/wp-json\/wp\/v2\/posts"}],"about":[{"href":"https:\/\/blog.polityka.pl\/polifonia\/wp-json\/wp\/v2\/types\/post"}],"author":[{"embeddable":true,"href":"https:\/\/blog.polityka.pl\/polifonia\/wp-json\/wp\/v2\/users\/1"}],"replies":[{"embeddable":true,"href":"https:\/\/blog.polityka.pl\/polifonia\/wp-json\/wp\/v2\/comments?post=6143"}],"version-history":[{"count":9,"href":"https:\/\/blog.polityka.pl\/polifonia\/wp-json\/wp\/v2\/posts\/6143\/revisions"}],"predecessor-version":[{"id":6149,"href":"https:\/\/blog.polityka.pl\/polifonia\/wp-json\/wp\/v2\/posts\/6143\/revisions\/6149"}],"wp:featuredmedia":[{"embeddable":true,"href":"https:\/\/blog.polityka.pl\/polifonia\/wp-json\/wp\/v2\/media\/6146"}],"wp:attachment":[{"href":"https:\/\/blog.polityka.pl\/polifonia\/wp-json\/wp\/v2\/media?parent=6143"}],"wp:term":[{"taxonomy":"category","embeddable":true,"href":"https:\/\/blog.polityka.pl\/polifonia\/wp-json\/wp\/v2\/categories?post=6143"},{"taxonomy":"post_tag","embeddable":true,"href":"https:\/\/blog.polityka.pl\/polifonia\/wp-json\/wp\/v2\/tags?post=6143"}],"curies":[{"name":"wp","href":"https:\/\/api.w.org\/{rel}","templated":true}]}}