
{"id":71,"date":"2010-05-31T18:22:53","date_gmt":"2010-05-31T16:22:53","guid":{"rendered":"http:\/\/polifonia.blog.polityka.pl\/?p=71"},"modified":"2010-05-31T18:22:53","modified_gmt":"2010-05-31T16:22:53","slug":"dennis-hopper-rip","status":"publish","type":"post","link":"https:\/\/blog.polityka.pl\/polifonia\/2010\/05\/31\/dennis-hopper-rip\/","title":{"rendered":"Dennis Hopper R.I.P."},"content":{"rendered":"<p>Denis Hopper nie nagra\u0142 \u017cadnej p\u0142yty. I w\u0142a\u015bnie dlatego pozwalam sobie wystawi\u0107 tutaj p\u0142yt\u0119 nagrobn\u0105 temu zmar\u0142emu w sobot\u0119 aktorowi. W ko\u0144cu to jest co\u015b &#8211; kojarzy\u0107 si\u0119 muzycznie na ka\u017cdym kroku (&#8222;Easy Rider&#8221; to w du\u017cych partiach po prostu niesamowity wideoklip), a mimo to nie da\u0107 si\u0119 wci\u0105gn\u0105\u0107. Szczeg\u00f3lnie je\u015bli si\u0119 ma s\u0142aby charakter, a Hoppera znamy z uzale\u017cnie\u0144, kt\u00f3re tak\u0105 cech\u0119 sygnalizuj\u0105. W czasach gdy nawet Tomasz Karolak ma ju\u017c kilkupunktow\u0105 dyskografi\u0119, a Ko\u017cuchowska p\u0142yt\u0119 z modnym Futrem, konsekwentne nienagrywanie p\u0142yt przez aktora to cnota, kt\u00f3r\u0105 uszanowa\u0107 trzeba tym bardziej. A je\u015bli kto\u015b, tak jak Hopper, by\u0142 jeszcze cz\u0119\u015bci\u0105 narkotycznego psychodelicznego \u015brodowiska, to nienagranie \u017cadnej p\u0142yty uzna\u0107 trzeba za osobisty sukces, bo trzeba by\u0142o si\u0119 stara\u0107, by tego nie zrobi\u0107 jako\u015b mimochodem, przez przypadek, w chwili oszo\u0142omienia. Je\u015bli w dodatku by\u0142o si\u0119 koleg\u0105 Phila Spectora, to nale\u017ca\u0142o uwa\u017ca\u0107 na ka\u017cdym kroku, by nie zosta\u0107 znienacka unie\u015bmiertelnionym w winylu. Dlatego szanujmy aktor\u00f3w za to, \u017ce potrafi\u0105 pozosta\u0107 aktorami.<\/br><\/p>\n<p>Do tytu\u0142owych \u017cycze\u0144 do\u0142\u0105czam urywek z rzadkiej chwili muzycznej wsp\u00f3\u0142pracy Hoppera (pojawia si\u0119 tu w charakterze aktora, a nie muzyka!). A \u015bcie\u017cka d\u017awi\u0119kowa z &#8222;Easy Ridera&#8221; w poni\u017cszej wersji to rzecz, kt\u00f3rej nie mam, ale zamierzam naby\u0107 przy najbli\u017cszej sposobno\u015bci.<\/br><\/p>\n<p><a href='\/wp-content\/uploads\/2010\/05\/easy_rider.jpg'><img loading=\"lazy\" decoding=\"async\" src=\"\/wp-content\/uploads\/2010\/05\/easy_rider-150x150.jpg\" alt=\"\" title=\"easy_rider\" width=\"150\" height=\"150\" class=\"alignleft size-thumbnail wp-image-72\" srcset=\"\/polifonia\/wp-content\/uploads\/2010\/05\/easy_rider-150x150.jpg 150w, \/polifonia\/wp-content\/uploads\/2010\/05\/easy_rider-300x300.jpg 300w, \/polifonia\/wp-content\/uploads\/2010\/05\/easy_rider.jpg 500w\" sizes=\"(max-width: 150px) 100vw, 150px\" \/><\/a><strong>R\u00f3\u017cni wykonawcy &#8222;Easy Rider &#8211; Deluxe Edition&#8221;<\/strong><br \/>\nHip-O\/Universal 2004<br \/>\n(bez oceny)<br \/>\n<strong>Trzeba pos\u0142ucha\u0107:<\/strong> Steppenwolf &#8222;Born To Be Wild&#8221;, The Byrds &#8222;Wasn&#8217;t Born To Follow&#8221;, The Electric Prunes &#8222;Kyrie Eleison Mardi Gras&#8221;, Jefferson Airplane &#8222;White Rabbit&#8221;<\/p>\n<p><\/br><\/p>\n<p><object width=\"450\" height=\"360\"><param name=\"movie\" value=\"http:\/\/www.youtube.com\/v\/-Nf9IkoxwMs&#038;hl=pl_PL&#038;fs=1&#038;\"><\/param><param name=\"allowFullScreen\" value=\"true\"><\/param><param name=\"allowscriptaccess\" value=\"always\"><\/param><embed src=\"http:\/\/www.youtube.com\/v\/-Nf9IkoxwMs&#038;hl=pl_PL&#038;fs=1&#038;\" type=\"application\/x-shockwave-flash\" allowscriptaccess=\"always\" allowfullscreen=\"true\" width=\"450\" height=\"360\"><\/embed><\/object><\/p>\n","protected":false},"excerpt":{"rendered":"<p>Denis Hopper nie nagra\u0142 \u017cadnej p\u0142yty. I w\u0142a\u015bnie dlatego pozwalam sobie wystawi\u0107 tutaj p\u0142yt\u0119 nagrobn\u0105 temu zmar\u0142emu w sobot\u0119 aktorowi. W ko\u0144cu to jest co\u015b &#8211; kojarzy\u0107 si\u0119 muzycznie na ka\u017cdym kroku (&#8222;Easy Rider&#8221; to w du\u017cych partiach po prostu niesamowity wideoklip), a mimo to nie da\u0107 si\u0119 wci\u0105gn\u0105\u0107. Szczeg\u00f3lnie je\u015bli si\u0119 ma s\u0142aby charakter, [&hellip;]<\/p>\n","protected":false},"author":1,"featured_media":0,"comment_status":"open","ping_status":"open","sticky":false,"template":"","format":"standard","meta":{"footnotes":""},"categories":[76,4],"tags":[78,77,79],"_links":{"self":[{"href":"https:\/\/blog.polityka.pl\/polifonia\/wp-json\/wp\/v2\/posts\/71"}],"collection":[{"href":"https:\/\/blog.polityka.pl\/polifonia\/wp-json\/wp\/v2\/posts"}],"about":[{"href":"https:\/\/blog.polityka.pl\/polifonia\/wp-json\/wp\/v2\/types\/post"}],"author":[{"embeddable":true,"href":"https:\/\/blog.polityka.pl\/polifonia\/wp-json\/wp\/v2\/users\/1"}],"replies":[{"embeddable":true,"href":"https:\/\/blog.polityka.pl\/polifonia\/wp-json\/wp\/v2\/comments?post=71"}],"version-history":[{"count":0,"href":"https:\/\/blog.polityka.pl\/polifonia\/wp-json\/wp\/v2\/posts\/71\/revisions"}],"wp:attachment":[{"href":"https:\/\/blog.polityka.pl\/polifonia\/wp-json\/wp\/v2\/media?parent=71"}],"wp:term":[{"taxonomy":"category","embeddable":true,"href":"https:\/\/blog.polityka.pl\/polifonia\/wp-json\/wp\/v2\/categories?post=71"},{"taxonomy":"post_tag","embeddable":true,"href":"https:\/\/blog.polityka.pl\/polifonia\/wp-json\/wp\/v2\/tags?post=71"}],"curies":[{"name":"wp","href":"https:\/\/api.w.org\/{rel}","templated":true}]}}