
{"id":2599,"count":1,"description":"","link":"https:\/\/blog.polityka.pl\/polifonia\/tag\/swieto-niepodleglosci\/","name":"\u015bwi\u0119to niepodleg\u0142o\u015bci","slug":"swieto-niepodleglosci","taxonomy":"post_tag","meta":[],"_links":{"self":[{"href":"https:\/\/blog.polityka.pl\/polifonia\/wp-json\/wp\/v2\/tags\/2599"}],"collection":[{"href":"https:\/\/blog.polityka.pl\/polifonia\/wp-json\/wp\/v2\/tags"}],"about":[{"href":"https:\/\/blog.polityka.pl\/polifonia\/wp-json\/wp\/v2\/taxonomies\/post_tag"}],"wp:post_type":[{"href":"https:\/\/blog.polityka.pl\/polifonia\/wp-json\/wp\/v2\/posts?tags=2599"}],"curies":[{"name":"wp","href":"https:\/\/api.w.org\/{rel}","templated":true}]}}