
{"id":1825,"date":"2015-10-01T10:49:48","date_gmt":"2015-10-01T08:49:48","guid":{"rendered":"http:\/\/seryjni.blog.polityka.pl\/?p=1825"},"modified":"2015-10-01T11:09:13","modified_gmt":"2015-10-01T09:09:13","slug":"the-bastard-executioner-nowy-serial-tworcy-synow-anarchii","status":"publish","type":"post","link":"https:\/\/blog.polityka.pl\/seryjni\/2015\/10\/01\/the-bastard-executioner-nowy-serial-tworcy-synow-anarchii\/","title":{"rendered":"\u201eThe Bastard Executioner\u201d \u2013 nowy serial tw\u00f3rcy \u201eSyn\u00f3w Anarchii\u201d"},"content":{"rendered":"<p><a href=\"\/wp-content\/uploads\/2015\/10\/bastard-executioner-pilot.jpg\"><img loading=\"lazy\" decoding=\"async\" class=\"aligncenter size-large wp-image-1827\" src=\"\/wp-content\/uploads\/2015\/10\/bastard-executioner-pilot-1024x580.jpg\" alt=\"bastard-executioner-pilot\" width=\"620\" height=\"351\" srcset=\"\/seryjni\/wp-content\/uploads\/2015\/10\/bastard-executioner-pilot-1024x580.jpg 1024w, \/seryjni\/wp-content\/uploads\/2015\/10\/bastard-executioner-pilot-300x170.jpg 300w, \/seryjni\/wp-content\/uploads\/2015\/10\/bastard-executioner-pilot.jpg 1125w\" sizes=\"(max-width: 620px) 100vw, 620px\" \/><\/a>Kurt Sutter zako\u0144czy\u0142 opowie\u015b\u0107 o motocyklowym gangu, by przenie\u015b\u0107 si\u0119 do \u015bredniowiecznej Walii, rz\u0105dzonej przez Anglik\u00f3w. Oto historia buntownika, kt\u00f3ry straci\u0142 rodzin\u0119 i opracowuje plan wyrafinowanej zemsty.<br \/>\n<!--more--><br \/>\nWida\u0107 w tej opowie\u015bci, \u017ce \u201eGra o tron\u201d i \u201eWikingowie\u201d wyra\u017anie odcisn\u0119\u0142y swoje pi\u0119tno na rynku telewizyjnym \u2013 oto kolejna fabu\u0142a osadzona w czasach miecza i topora, w kt\u00f3rej nie brakuje krwi, odci\u0119tych ko\u0144czyn i makabrycznie okaleczonych cia\u0142 (tu bli\u017cej \u201eWiking\u00f3w\u201d), ale znajdzie si\u0119 i czas na wiele dworskich intryg i oczywi\u015bcie sceny seksu. Troch\u0119 tylko szkoda, \u017ce tylko w tych wzgl\u0119dach \u201eThe Bastard Executioner\u201d wzorowa\u0142 si\u0119 na produkcjach HBO i History, bo m\u00f3g\u0142by tak\u017ce zaczerpn\u0105\u0107 od nich bardziej wyrazistych bohater\u00f3w i ciekawsze historie.<\/p>\n<p>https:\/\/youtu.be\/sMYmVvyGDF4<\/p>\n<p>Przepis Suttera wydaje si\u0119 prosty: w ka\u017cdym odcinku troch\u0119 walk, nieco napi\u0119\u0107 mi\u0119dzy wrogami, odrobina mistycyzmu, nago\u015bci, no i co\u015b z katowskiego fachu, bo w ko\u0144cu g\u0142\u00f3wny bohater trudzi si\u0119 w\u0142a\u015bnie tym zawodem. \u015arednio to jednak zajmuj\u0105ce, a ju\u017c ciekawiej od w\u0105tku tytu\u0142owego bohatera wypada ten dotycz\u0105cy baronowej i jej stara\u0144 o przywr\u00f3cenie pokoju w hrabstwie. Co nie dziwi, bo podczas gdy w niej widzimy kobiet\u0119 oddan\u0105 sprawie, walcz\u0105cej o co\u015b wi\u0119kszego, Wilkin Brattle, kat, brnie w jakie\u015b idiotyczne spiski z cz\u0142owiekiem, kt\u00f3ry wyra\u017anie nie \u017cyczy mu niczego dobrego, wprowadza tak\u017ce w \u017cycie najnudniejszy plan zemsty na \u015bwiecie: wie, \u017ce jego rodzin\u0119 zabi\u0142 baron i jego ludzie, ale po\u015bwi\u0119ca miesi\u0105ce, by podst\u0119pem wydoby\u0107 od nich, kt\u00f3rzy konkretnie to byli; warto te\u017c podkre\u015bli\u0107, \u017ce g\u0142\u00f3wnego podejrzanego o zabicie jego \u017cony i nienarodzonego dziecka ma przed nosem od chwili przybycia do zamku, i jest \u015bwiadomy jego winy. Czeka jednak. A widz si\u0119 nudzi i irytuje, bo p\u00f3\u0142g\u0142\u00f3wek zorientowa\u0142by si\u0119, \u017ce brni\u0119cie w t\u0119 fars\u0119 sprowadzi na Brattle\u2019a wy\u0142\u0105cznie jeszcze wi\u0119ksze k\u0142opoty i postawi przed coraz trudniejszymi wyborami.<a href=\"\/wp-content\/uploads\/2015\/10\/bastard-social.jpg\"><img loading=\"lazy\" decoding=\"async\" class=\"aligncenter  wp-image-1828\" src=\"\/wp-content\/uploads\/2015\/10\/bastard-social.jpg\" alt=\"bastard-social\" width=\"659\" height=\"344\" srcset=\"\/seryjni\/wp-content\/uploads\/2015\/10\/bastard-social.jpg 900w, \/seryjni\/wp-content\/uploads\/2015\/10\/bastard-social-300x156.jpg 300w\" sizes=\"(max-width: 659px) 100vw, 659px\" \/><\/a>Na chwil\u0119 obecn\u0105 zdecydowanie zbyt tajemniczy jest r\u00f3wnie\u017c w\u0105tek mistyczny, co do kt\u00f3rego mamy bardzo silne przes\u0142anki, \u017ce dzia\u0142a tu jaka\u015b magia, ale jednocze\u015bnie ju\u017c w pierwszych minutach pilota pokazuje nam si\u0119 anio\u0142a, a nied\u0142ugo potem demoniczn\u0105 besti\u0119. Jest pewna posta\u0107, wok\u00f3\u0142 kt\u00f3rej wszystko to si\u0119 kr\u0119ci, i mo\u017cna zrozumie\u0107, \u017ce Sutter nie chce jeszcze wszystkiego zdradza\u0107, ale taki stopie\u0144 enigmatyczno\u015bci sprawia, \u017ce cz\u0119\u015b\u0107 scen to dla nas obecnie zapychacze czasu, niewiele wnosz\u0105ce do historii, bo nie rozumiemy ich przyczyn i skutk\u00f3w.<\/p>\n<p>Nadziej\u0105 dla \u201eThe Bastard Executioner\u201d jest podrasowanie fabu\u0142y, co mo\u017ce te\u017c rozrusza\u0107 naszego bohatera. Jest ca\u0142kiem przyzwoita ekipa aktor\u00f3w, w scenografii, strojach i efektach specjalnych wida\u0107 niema\u0142y bud\u017cet, brakuje tylko naprawd\u0119 zajmuj\u0105cej historii do opowiedzenia, a co za tym idzie: emocji. Pierwsze cztery odcinki (pilot jest podw\u00f3jny) ogl\u0105da si\u0119 bez wi\u0119kszego zaanga\u017cowania. Mo\u017ce z czasem zmieni si\u0119 to na lepsze.<\/p>\n","protected":false},"excerpt":{"rendered":"<p>Kurt Sutter zako\u0144czy\u0142 opowie\u015b\u0107 o motocyklowym gangu, by przenie\u015b\u0107 si\u0119 do \u015bredniowiecznej Walii, rz\u0105dzonej przez Anglik\u00f3w. Oto historia buntownika, kt\u00f3ry straci\u0142 rodzin\u0119 i opracowuje plan wyrafinowanej zemsty.<\/p>\n","protected":false},"author":7,"featured_media":0,"comment_status":"open","ping_status":"closed","sticky":false,"template":"","format":"standard","meta":{"footnotes":""},"categories":[28,9,13],"tags":[389,388,564],"_links":{"self":[{"href":"https:\/\/blog.polityka.pl\/seryjni\/wp-json\/wp\/v2\/posts\/1825"}],"collection":[{"href":"https:\/\/blog.polityka.pl\/seryjni\/wp-json\/wp\/v2\/posts"}],"about":[{"href":"https:\/\/blog.polityka.pl\/seryjni\/wp-json\/wp\/v2\/types\/post"}],"author":[{"embeddable":true,"href":"https:\/\/blog.polityka.pl\/seryjni\/wp-json\/wp\/v2\/users\/7"}],"replies":[{"embeddable":true,"href":"https:\/\/blog.polityka.pl\/seryjni\/wp-json\/wp\/v2\/comments?post=1825"}],"version-history":[{"count":3,"href":"https:\/\/blog.polityka.pl\/seryjni\/wp-json\/wp\/v2\/posts\/1825\/revisions"}],"predecessor-version":[{"id":1831,"href":"https:\/\/blog.polityka.pl\/seryjni\/wp-json\/wp\/v2\/posts\/1825\/revisions\/1831"}],"wp:attachment":[{"href":"https:\/\/blog.polityka.pl\/seryjni\/wp-json\/wp\/v2\/media?parent=1825"}],"wp:term":[{"taxonomy":"category","embeddable":true,"href":"https:\/\/blog.polityka.pl\/seryjni\/wp-json\/wp\/v2\/categories?post=1825"},{"taxonomy":"post_tag","embeddable":true,"href":"https:\/\/blog.polityka.pl\/seryjni\/wp-json\/wp\/v2\/tags?post=1825"}],"curies":[{"name":"wp","href":"https:\/\/api.w.org\/{rel}","templated":true}]}}