
{"id":3050,"date":"2017-03-09T16:28:52","date_gmt":"2017-03-09T15:28:52","guid":{"rendered":"http:\/\/seryjni.blog.polityka.pl\/?p=3050"},"modified":"2017-03-09T19:05:35","modified_gmt":"2017-03-09T18:05:35","slug":"midnight-sun-nowy-kryminal-tworcow-mostu-nad-sundem","status":"publish","type":"post","link":"https:\/\/blog.polityka.pl\/seryjni\/2017\/03\/09\/midnight-sun-nowy-kryminal-tworcow-mostu-nad-sundem\/","title":{"rendered":"&#8222;Midnight Sun&#8221; &#8211; nowy krymina\u0142 tw\u00f3rc\u00f3w &#8222;Mostu nad Sundem&#8221;"},"content":{"rendered":"<p><img loading=\"lazy\" decoding=\"async\" class=\"alignnone size-full\" src=\"https:\/\/image.tmdb.org\/t\/p\/original\/imldPJQIHrfhmFfRZCRGcVEIQ5W.jpg\" alt=\"\" width=\"3570\" height=\"2008\" \/>Nordic Noir wci\u0105\u017c w natarciu.\u00a0&#8222;Midnight Sun&#8221;, z akcj\u0105 osadzon\u0105 podczas bia\u0142ych nocy w\u00a0egzotycznej Kirunie, gdzie \u015bledztwo prowadzi szwedzki prokurator i francuska policjantka, \u0142\u0105czy lokalne z uniwersalnym i ma si\u0119 sta\u0107 gor\u0105cym towarem eksportowym Canal+. Polska premiera jutro o 21.00.<br \/>\n<!--more--><br \/>\nZa sterami o\u015bmioodcinkowej produkcji Canal+ i SVT stoi duet scenarzyst\u00f3w &#8222;Mostu nad Sundem&#8221; (&#8222;Bron&#8221;), serialu, kt\u00f3ry sta\u0142 si\u0119 obok &#8222;Rz\u0105du&#8221; (&#8222;Borgen&#8221;) i &#8222;Zbrodni&#8221; (&#8222;Forbrydelsen&#8221;) znakiem rozpoznawczym skandynawskiej telewizji (pokazywa\u0142y go telewizje 160 kraj\u00f3w)\u00a0i zarazem najpopularniejszym formatem stworzonym przez Skandynaw\u00f3w, przerabianym przez zagraniczne stacje.<\/p>\n<p>Akcja oryginalnie rozpoczyna\u0142a si\u0119 na tytu\u0142owym mo\u015bcie oddzielaj\u0105cym Szwecj\u0119 od Danii. Tam policja znalaz\u0142a tajemnicze kobiece zw\u0142oki, kt\u00f3rych jedna cz\u0119\u015b\u0107 le\u017ca\u0142a po stronie du\u0144skiej, druga &#8211; szwedzkiej. Nad spraw\u0105 pracowa\u0142 duet policyjny z obu kraj\u00f3w, damsko-m\u0119ski, o r\u00f3\u017cnych temperamentach. Brytyjsko-francuska wersja rozpoczyna\u0142a si\u0119 w tunelu pod kana\u0142em La Manche, ameryka\u0144ska &#8211; na granicy ameryka\u0144sko-meksyka\u0144skiej.<\/p>\n<p>&#8222;Midnight Sun&#8221; wykorzystuje\u00a0podobny patent, podnosz\u0105c r\u00f3\u017cnice narodowo\u015bciowe i rasowe do kwadratu. Zaczyna si\u0119 mocnym akcentem: obywatel Francji zostaje przywi\u0105zany do skrzyd\u0142a helikoptera, po czym maszyna startuje&#8230; Jego szcz\u0105tki wraz z helikopterem l\u0105duj\u0105 niedaleko szwedzkiej Kiruny, w miejscu uznawanym przez lapo\u0144sk\u0105 spo\u0142eczno\u015b\u0107 za \u015bwi\u0119te &#8211; w kr\u0119gu ofiarnym.<\/p>\n<p>Kto i dlaczego z\u0142o\u017cy\u0142 ofiar\u0119 z Pierre&#8217;a Carnota? Czy albo dlaczego chce wykorzysta\u0107 antagonizmy na linii Lapo\u0144czycy &#8211; Szwedzi? Tego pr\u00f3buj\u0105 si\u0119 dowiedzie\u0107 prokurator o lapo\u0144sko-szwedzkim pochodzeniu Anders Harnesk (Gustaf Hammersten) i przyby\u0142a z Pary\u017ca policjantka o korzeniach w Maroku Kahina Zadi (Leila Bekhti).<img loading=\"lazy\" decoding=\"async\" class=\"alignnone size-full\" src=\"http:\/\/www.studiocanaltvseries.com\/index.php?rex_img_type=canal_gallery&amp;rex_img_file=artwork_midnight_sun.jpg\" alt=\"\" width=\"1000\" height=\"600\" \/>A ofiar przybywa. Podobnie jak w\u0105tk\u00f3w, bohater\u00f3w, powi\u0105za\u0144 i problem\u00f3w. Polityka na stopniu lokalnym i mi\u0119dzynarodowym miesza si\u0119 z ekonomi\u0105 (wydobycie rudy \u017celaza, wysiedlenie centrum miasta), uk\u0142ady biznesowe z nienawi\u015bci\u0105 na tle rasowym, j\u0119zyk szwedzki z angielskim, francuskim i lapo\u0144skim, pierwotne wierzenia i si\u0142y natury z procedurami Unii Europejskiej, geolokacj\u0105 i facebookiem.<\/p>\n<p>Scena, w kt\u00f3rej lapo\u0144scy szamani &#8211; trzech starszych pan\u00f3w, jeden w\u00a0dresie, drugi o kulach &#8211; \u015bpiewa na szosie przed posterunkiem policji, \u0142\u0105cz\u0105c si\u0119 w ten spos\u00f3b duchowo z odpowiadaj\u0105c\u0105 im pie\u015bni\u0105 przes\u0142uchiwan\u0105 tam szamank\u0105, zapada w pami\u0119\u0107. Jak i to, \u017ce swoj\u0105 przepowiedni\u0119 o nadci\u0105gaj\u0105cej burzy, kt\u00f3ra zniszczy wszystko, dziewczyna ko\u0144czy rad\u0105, by zalogowa\u0107 si\u0119 na Facebooka.<\/p>\n<p>Jakby tego wszystkiego by\u0142o za ma\u0142o, to do g\u0142osu &#8211; oczywi\u015bcie &#8211; dochodzi przesz\u0142o\u015b\u0107, tak\u017ce z \u017cycia samej policjantki. &#8222;Wiesz, gdzie naprawd\u0119 czuj\u0119 si\u0119 Francuzk\u0105? &#8211; zwierza si\u0119 rudow\u0142osemu prokuratorowi. &#8211; Poza Francj\u0105&#8221;. Ogl\u0105damy przebitki z czasu, gdy by\u0142a nastolatk\u0105. Gdy wspomnienia staj\u0105 si\u0119 zbyt wyra\u017ane i b\u00f3l z nimi zwi\u0105zany zbyt silny, niweluje go, nacinaj\u0105c sk\u00f3r\u0119. Swoje problemy ma tak\u017ce sam prokurator, pr\u00f3buj\u0105cy sobie poradzi\u0107 z pogard\u0105, z jak\u0105 Szwedzi traktuj\u0105 Sam\u00f3w &#8211; Lapo\u0144czyk\u00f3w, z podw\u00f3jn\u0105 to\u017csamo\u015bci\u0105 i podw\u00f3jnym \u017cyciem.\u00a0Co stawia Szwecj\u0119, kraj postrzegany jako nowoczesny i r\u00f3wno\u015bciowy, w nowym dla wielu widz\u00f3w &#8211; <em>nomen omen<\/em> &#8211; \u015bwietle.<\/p>\n<p><iframe loading=\"lazy\" title=\"MIDNIGHT SUN Official Trailer - Showing on SBS On Demand from December 1\" width=\"1778\" height=\"1000\" src=\"https:\/\/www.youtube.com\/embed\/-OK6f7xHleY?feature=oembed\" frameborder=\"0\" allow=\"accelerometer; autoplay; encrypted-media; gyroscope; picture-in-picture\" allowfullscreen><\/iframe><\/p>\n<p>Marlind i Stein, scenarzy\u015bci, troch\u0119 przepakowali serial w\u0105tkami i tematami, ale nie na tyle jednak, \u017ceby zniech\u0119ci\u0107 do ogl\u0105dania kolejnych odcink\u00f3w. Du\u017ca w tym zas\u0142uga pi\u0119knych plener\u00f3w szwedzkiej p\u00f3\u0142nocy, filmowanych z helikoptera las\u00f3w, g\u00f3r, jezior i bagien, z rozsypanymi w\u015br\u00f3d g\u00f3r chatami my\u015bliwskimi\u00a0czy namiotami Sam\u00f3w. Ale te\u017c bia\u0142e noce &#8211; nieko\u0144cz\u0105cy si\u0119 dzie\u0144, wywo\u0142uj\u0105cy bezsenno\u015b\u0107 i dezorientacj\u0119 nie tylko u francuskiej policjantki &#8211; w du\u017cym stopniu\u00a0usprawiedliwiaj\u0105 ten nat\u0142ok zdarze\u0144 i buzuj\u0105ce emocje.<\/p>\n<p>Walka o widza mi\u0119dzy stacjami coraz bardziej si\u0119 zaostrza, szczeg\u00f3lnie po tym, jak do stacji telewizyjnych do\u0142\u0105czy\u0142y platformy VOD. Rosn\u0105cej konkurencji (i z\u0142otej erze telewizji) zawdzi\u0119czamy seriale realizowane z coraz wi\u0119kszym rozmachem, z coraz wi\u0119ksz\u0105 dba\u0142o\u015bci\u0105 tak\u017ce o oryginalno\u015b\u0107 i urod\u0119 plener\u00f3w &#8211; w filmowaniu natury\u00a0staj\u0105\u00a0w szranki z kana\u0142ami przyrodniczymi. &#8222;Midnight Sun&#8221; idzie tu \u015bladem innych osadzonych na P\u00f3\u0142nocy produkcji, jak cho\u0107by &#8222;Fortitude&#8221; czy &#8222;Trapped&#8221;.<\/p>\n<p>W\u00a0lokalnej, poci\u0105gaj\u0105cej egzotyk\u0105 scenerii rozgrywane s\u0105 uniwersalne historie, kt\u00f3re b\u0119d\u0105 zrozumia\u0142e pod ka\u017cd\u0105 szeroko\u015bci\u0105 geograficzn\u0105 &#8211; tak obecnie my\u015bli si\u0119 nie tylko w Netflixie czy HBO, ale tak\u017ce w najwi\u0119kszych stacjach telewizyjnych, zmuszonych poniek\u0105d przez rozw\u00f3j rynku do dzia\u0142ania na skal\u0119 globaln\u0105.<\/p>\n<p>Podobna my\u015bl przy\u015bwieca\u0142a naszemu\u00a0oddzia\u0142owi HBO podczas realizacji drugiego sezonu &#8222;Watahy&#8221;, serialu osadzonego w dzikich i urokliwych Bieszczadach, na pograniczu polsko-ukrai\u0144skim i jednocze\u015bnie granicy Unii Europejskiej.\u00a0Zdj\u0119cia w\u0142a\u015bnie si\u0119 sko\u0144czy\u0142y, tw\u00f3rcy twierdz\u0105, \u017ce wyci\u0105gn\u0119li wnioski z b\u0142\u0119d\u00f3w pierwszego sezonu, a jak wysz\u0142o &#8211; przekonamy si\u0119 najpewniej jesieni\u0105.<\/p>\n","protected":false},"excerpt":{"rendered":"<p>Nordic Noir wci\u0105\u017c w natarciu.\u00a0&#8222;Midnight Sun&#8221;, z akcj\u0105 osadzon\u0105 podczas bia\u0142ych nocy w\u00a0egzotycznej Kirunie, gdzie \u015bledztwo prowadzi szwedzki prokurator i francuska policjantka, \u0142\u0105czy lokalne z uniwersalnym i ma si\u0119 sta\u0107 gor\u0105cym towarem eksportowym Canal+. Polska premiera jutro o 21.00.<\/p>\n","protected":false},"author":4,"featured_media":0,"comment_status":"open","ping_status":"closed","sticky":false,"template":"","format":"standard","meta":{"footnotes":""},"categories":[1,22,9,13],"tags":[628,844,81],"_links":{"self":[{"href":"https:\/\/blog.polityka.pl\/seryjni\/wp-json\/wp\/v2\/posts\/3050"}],"collection":[{"href":"https:\/\/blog.polityka.pl\/seryjni\/wp-json\/wp\/v2\/posts"}],"about":[{"href":"https:\/\/blog.polityka.pl\/seryjni\/wp-json\/wp\/v2\/types\/post"}],"author":[{"embeddable":true,"href":"https:\/\/blog.polityka.pl\/seryjni\/wp-json\/wp\/v2\/users\/4"}],"replies":[{"embeddable":true,"href":"https:\/\/blog.polityka.pl\/seryjni\/wp-json\/wp\/v2\/comments?post=3050"}],"version-history":[{"count":7,"href":"https:\/\/blog.polityka.pl\/seryjni\/wp-json\/wp\/v2\/posts\/3050\/revisions"}],"predecessor-version":[{"id":3058,"href":"https:\/\/blog.polityka.pl\/seryjni\/wp-json\/wp\/v2\/posts\/3050\/revisions\/3058"}],"wp:attachment":[{"href":"https:\/\/blog.polityka.pl\/seryjni\/wp-json\/wp\/v2\/media?parent=3050"}],"wp:term":[{"taxonomy":"category","embeddable":true,"href":"https:\/\/blog.polityka.pl\/seryjni\/wp-json\/wp\/v2\/categories?post=3050"},{"taxonomy":"post_tag","embeddable":true,"href":"https:\/\/blog.polityka.pl\/seryjni\/wp-json\/wp\/v2\/tags?post=3050"}],"curies":[{"name":"wp","href":"https:\/\/api.w.org\/{rel}","templated":true}]}}