
{"id":3336,"date":"2017-07-17T13:29:10","date_gmt":"2017-07-17T11:29:10","guid":{"rendered":"http:\/\/seryjni.blog.polityka.pl\/?p=3336"},"modified":"2017-07-17T13:43:29","modified_gmt":"2017-07-17T11:43:29","slug":"w-7-sezonie-gra-o-tron-rozpedza-sie-powoli","status":"publish","type":"post","link":"https:\/\/blog.polityka.pl\/seryjni\/2017\/07\/17\/w-7-sezonie-gra-o-tron-rozpedza-sie-powoli\/","title":{"rendered":"W 7. sezonie \u201eGra o tron\u201d rozp\u0119dza si\u0119 powoli"},"content":{"rendered":"<p><a href=\"\/wp-content\/uploads\/2017\/07\/game-of-thrones-season-7-promo-photo-1.jpg\"><img loading=\"lazy\" decoding=\"async\" class=\"aligncenter wp-image-3337\" src=\"\/wp-content\/uploads\/2017\/07\/game-of-thrones-season-7-promo-photo-1-1024x500.jpg\" alt=\"\" width=\"589\" height=\"288\" srcset=\"\/seryjni\/wp-content\/uploads\/2017\/07\/game-of-thrones-season-7-promo-photo-1-1024x500.jpg 1024w, \/seryjni\/wp-content\/uploads\/2017\/07\/game-of-thrones-season-7-promo-photo-1-300x146.jpg 300w, \/seryjni\/wp-content\/uploads\/2017\/07\/game-of-thrones-season-7-promo-photo-1-768x375.jpg 768w\" sizes=\"(max-width: 589px) 100vw, 589px\" \/><\/a>Po d\u0142u\u017cszej ni\u017c zwykle przerwie wreszcie zako\u0144czy\u0142o si\u0119 wielkie oczekiwanie na kolejny odcinek niezwykle popularnej \u201eGry o tron\u201d. Ale czy na pewno? Bo po obejrzeniu premiery si\u00f3dmego sezonu tym bardziej ro\u015bnie w nas apetyt na wi\u0119cej.<br \/>\n<!--more--><br \/>\nTo wielka tragedia widz\u00f3w \u201eGry o tron\u201d \u2013 nieustanne oczekiwanie, trwanie w napi\u0119ciu, co wynika z faktu, \u017ce w serialu tym dzieje si\u0119 tak wiele i \u015bledzimy losy tylu postaci, \u017ce zawsze kto\u015b balansuje na kraw\u0119dzi, zawsze znajdzie si\u0119 w\u0105tek, kt\u00f3ry koniec odcinka czy sezonu urwie nam w najbardziej irytuj\u0105cym momencie.<\/p>\n<p>Bo tych w\u0105tk\u00f3w jest mn\u00f3stwo, nawet pomimo faktu, \u017ce w sezonie sz\u00f3stym mocno zosta\u0142y one przetrzebione, wiele postaci utworzy\u0142o te\u017c wsp\u00f3lne stronnictwa, co skondensowa\u0142o nieco histori\u0119. Niemniej wci\u0105\u017c mamy: Stark\u00f3w na p\u00f3\u0142nocy, w tym Branna za murem, Ary\u0119 pod\u0105\u017caj\u0105c\u0105 w\u0142asn\u0105 \u015bcie\u017ck\u0105, Daenerys zmierzaj\u0105c\u0105 do Westeros, Lannister\u00f3w w Kr\u00f3lewskiej Przystani, dwie floty Greyjoy\u00f3w, Sama w Cytadeli, Ogara\u2026 gdzie\u015b jest, rzecz jasna, Kr\u00f3l Nocy, i wiele innych, pomniejszych historii, a od czasu do czasu dochodz\u0105 do tego retrospekcje.<\/p>\n<p>I je\u017celi u\u015bwiadomi\u0107 sobie, \u017ce wi\u0119kszo\u015b\u0107 z tych postaci musia\u0142a \u201epokaza\u0107 si\u0119\u201d ju\u017c w pierwszym odcinku nowego sezonu, by widzowie wiedzieli, jaki jest aktualny stan rzeczy, \u0142atwo sobie wyobrazi\u0107, jak rzeczony odcinek wygl\u0105da\u0142.<\/p>\n<p><iframe loading=\"lazy\" title=\"Gra o tron, sezon 7 - nowy trailer serialu HBO\" width=\"1778\" height=\"1000\" src=\"https:\/\/www.youtube.com\/embed\/BOyVA3iUrHg?feature=oembed\" frameborder=\"0\" allow=\"accelerometer; autoplay; encrypted-media; gyroscope; picture-in-picture\" allowfullscreen><\/iframe><\/p>\n<p>Coraz bardziej przekonuj\u0119 si\u0119, \u017ce \u201eGra o tron\u201d, zw\u0142aszcza w ostatnich sezonach, to serial przeznaczony do ogl\u0105dania ci\u0105giem, niczym pojedynczy, wielogodzinny film \u2013 w takiej formie wypada najlepiej, w takiej formie najlepiej prezentuje sw\u00f3j rozmach, niesamowit\u0105 skal\u0119 i skomplikowanie opowie\u015bci. W takiej formie najbardziej mo\u017cna produkcj\u0119 HBO doceni\u0107.<\/p>\n<p>Tymczasem dostajemy pierwszy odcinek si\u00f3dmego sezonu, a w nim wprawdzie nieco dzieje si\u0119 w w\u0105tku Aryi, pozosta\u0142e to jednak migawki, w przypadku Daenerys mo\u017ce i przyd\u0142ugie, ale wiele do opowie\u015bci niewnosz\u0105ce. Oczywi\u015bcie, cieszymy oko wspania\u0142ymi scenografiami i strojami, doceniamy aktorstwo (wida\u0107, \u017ce wszyscy w obsadzie czuj\u0105 si\u0119 w swoich rolach bardzo swobodnie), trafi si\u0119 te\u017c kilka zapadaj\u0105cych w pami\u0119\u0107 scen, jak cho\u0107by ta z Cersei i jej go\u015bciem, koniec ko\u0144c\u00f3w, gdy mija ta blisko godzina ekranowego czasu, u\u015bwiadamiamy sobie, \u017ce wiemy niewiele wi\u0119cej ni\u017c godzin\u0119 wcze\u015bniej.<a href=\"\/wp-content\/uploads\/2017\/07\/gallery-1492711679-got1.jpg\"><img loading=\"lazy\" decoding=\"async\" class=\"aligncenter wp-image-3338\" src=\"\/wp-content\/uploads\/2017\/07\/gallery-1492711679-got1.jpg\" alt=\"\" width=\"528\" height=\"350\" srcset=\"\/seryjni\/wp-content\/uploads\/2017\/07\/gallery-1492711679-got1.jpg 768w, \/seryjni\/wp-content\/uploads\/2017\/07\/gallery-1492711679-got1-300x199.jpg 300w\" sizes=\"(max-width: 528px) 100vw, 528px\" \/><\/a>Id\u0105c w analogi\u0119, mo\u017cna powiedzie\u0107, \u017ce pierwszy odcinek si\u00f3dmego sezonu by\u0142 dla wyg\u0142odnia\u0142ych \u201eGry o tron\u201d widz\u00f3w ledwie ma\u0142ym k\u0119sem tego, na co czekali. Smakowitym? Jak najbardziej. Niemniej nasz apetyt nie zosta\u0142 zaspokojony.<\/p>\n","protected":false},"excerpt":{"rendered":"<p>Po d\u0142u\u017cszej ni\u017c zwykle przerwie wreszcie zako\u0144czy\u0142o si\u0119 wielkie oczekiwanie na kolejny odcinek niezwykle popularnej \u201eGry o tron\u201d. Ale czy na pewno? Bo po obejrzeniu premiery si\u00f3dmego sezonu tym bardziej ro\u015bnie w nas apetyt na wi\u0119cej.<\/p>\n","protected":false},"author":7,"featured_media":0,"comment_status":"open","ping_status":"closed","sticky":false,"template":"","format":"standard","meta":{"footnotes":""},"categories":[19,7,9,13],"tags":[76,33,34,600],"_links":{"self":[{"href":"https:\/\/blog.polityka.pl\/seryjni\/wp-json\/wp\/v2\/posts\/3336"}],"collection":[{"href":"https:\/\/blog.polityka.pl\/seryjni\/wp-json\/wp\/v2\/posts"}],"about":[{"href":"https:\/\/blog.polityka.pl\/seryjni\/wp-json\/wp\/v2\/types\/post"}],"author":[{"embeddable":true,"href":"https:\/\/blog.polityka.pl\/seryjni\/wp-json\/wp\/v2\/users\/7"}],"replies":[{"embeddable":true,"href":"https:\/\/blog.polityka.pl\/seryjni\/wp-json\/wp\/v2\/comments?post=3336"}],"version-history":[{"count":4,"href":"https:\/\/blog.polityka.pl\/seryjni\/wp-json\/wp\/v2\/posts\/3336\/revisions"}],"predecessor-version":[{"id":3342,"href":"https:\/\/blog.polityka.pl\/seryjni\/wp-json\/wp\/v2\/posts\/3336\/revisions\/3342"}],"wp:attachment":[{"href":"https:\/\/blog.polityka.pl\/seryjni\/wp-json\/wp\/v2\/media?parent=3336"}],"wp:term":[{"taxonomy":"category","embeddable":true,"href":"https:\/\/blog.polityka.pl\/seryjni\/wp-json\/wp\/v2\/categories?post=3336"},{"taxonomy":"post_tag","embeddable":true,"href":"https:\/\/blog.polityka.pl\/seryjni\/wp-json\/wp\/v2\/tags?post=3336"}],"curies":[{"name":"wp","href":"https:\/\/api.w.org\/{rel}","templated":true}]}}