
{"id":3456,"date":"2017-09-04T08:00:42","date_gmt":"2017-09-04T06:00:42","guid":{"rendered":"http:\/\/seryjni.blog.polityka.pl\/?p=3456"},"modified":"2017-09-04T08:31:47","modified_gmt":"2017-09-04T06:31:47","slug":"inhumans-druzgocaca-kleska-marvela","status":"publish","type":"post","link":"https:\/\/blog.polityka.pl\/seryjni\/2017\/09\/04\/inhumans-druzgocaca-kleska-marvela\/","title":{"rendered":"\u201eInhumans\u201d \u2013 druzgoc\u0105ca kl\u0119ska Marvela"},"content":{"rendered":"<p><a href=\"\/wp-content\/uploads\/2017\/09\/marvel-inhumans-abc-e1504227212902.jpg\"><img loading=\"lazy\" decoding=\"async\" class=\"aligncenter size-full wp-image-3457\" src=\"\/wp-content\/uploads\/2017\/09\/marvel-inhumans-abc-e1504227212902.jpg\" alt=\"\" width=\"750\" height=\"422\" srcset=\"\/seryjni\/wp-content\/uploads\/2017\/09\/marvel-inhumans-abc-e1504227212902.jpg 750w, \/seryjni\/wp-content\/uploads\/2017\/09\/marvel-inhumans-abc-e1504227212902-300x169.jpg 300w\" sizes=\"(max-width: 750px) 100vw, 750px\" \/><\/a>Podbijaj\u0105cy wielkie i ma\u0142e ekrany superbohaterowie z wydawnictwa Marvel w\u0142a\u015bnie zaliczyli pierwsz\u0105 spektakularn\u0105 pora\u017ck\u0119. Bo cho\u0107 i wcze\u015bniej zdarza\u0142y si\u0119 s\u0142absze filmy czy seriale, nic nie by\u0142o tak fatalne jak \u201eInhumans\u201d.<br \/>\n<!--more--><br \/>\nUpadek jest bym bardziej spektakularny, \u017ce premierze tego serialu nadano rang\u0119 wydarzenia \u2013 w Polsce dwa pierwsze odcinki wy\u015bwietlane s\u0105 w kinach IMAX. W teorii sugeruje to siln\u0105 warstw\u0119 wizualn\u0105, bo przecie\u017c na tych ekranach zwykle takie obrazy si\u0119 pokazuje, w tym przypadku jednak efekt jest odwrotny od zamierzonego \u2013 w tej skali tym wyra\u017aniej wida\u0107 bud\u017cetowe ograniczenia.<\/p>\n<p><iframe loading=\"lazy\" title=\"Marvel&#039;s Inhumans - Official Trailer 1\" width=\"1778\" height=\"1000\" src=\"https:\/\/www.youtube.com\/embed\/1sYF1SXcWqQ?feature=oembed\" frameborder=\"0\" allow=\"accelerometer; autoplay; encrypted-media; gyroscope; picture-in-picture\" allowfullscreen><\/iframe><\/p>\n<p>Bo je\u017celi jaki\u015b zwrot kojarzy si\u0119 z now\u0105 produkcj\u0105 telewizji ABC i Marvela, to \u201eprodukcja po kosztach\u201d. Nie do\u015b\u0107, \u017ce wiele pozostawiaj\u0105 do \u017cyczenia efekty specjalne, jak cho\u0107by wizualizacje zamieszkanego przez Inhumans miasta na Ksi\u0119\u017cycu, to r\u00f3wnie\u017c w przypadku stroj\u00f3w czy charakteryzacji tw\u00f3rcy poszli po linii najmniejszego oporu \u2013 ta inna, nieludzka rasa Inhumans pokazana nam jest poprzez jakie\u015b proste dodatki kosmetyczne czy\u2026 fiku\u015bnie pofarbowane w\u0142osy, a uj\u0119cia z postaciami ze skrzyd\u0142ami czy byczymi nogami ogranicza si\u0119 tu do minimum.<\/p>\n<p>Ma\u0142o tego, w obsadzie brakuje jakiegokolwiek talentu, czy to mierzonego skal\u0105 popularno\u015bci (tu prym wiedzie znany z \u201eGry o tron\u201d Iwan Rheon), czy umiej\u0119tno\u015bciami aktorskimi \u2013 cho\u0107 trzeba tu mie\u0107 na uwadze fakt, \u017ce z tak kiepskiego scenariusza nawet Pacino i De Niro wiele by nie wyci\u0105gn\u0119li.<a href=\"\/wp-content\/uploads\/2017\/09\/TheInhumans-TopArt.jpg\"><img loading=\"lazy\" decoding=\"async\" class=\"aligncenter size-large wp-image-3458\" src=\"\/wp-content\/uploads\/2017\/09\/TheInhumans-TopArt-1024x768.jpg\" alt=\"\" width=\"620\" height=\"465\" srcset=\"\/seryjni\/wp-content\/uploads\/2017\/09\/TheInhumans-TopArt-1024x768.jpg 1024w, \/seryjni\/wp-content\/uploads\/2017\/09\/TheInhumans-TopArt-300x225.jpg 300w, \/seryjni\/wp-content\/uploads\/2017\/09\/TheInhumans-TopArt-768x576.jpg 768w\" sizes=\"(max-width: 620px) 100vw, 620px\" \/><\/a>W\u0142a\u015bnie \u2013 scenariusz. Mimo \u017ce wizualnie \u201eInhumans\u201d nie zachwycaj\u0105, mimo gry aktorskiej Isabelle Cornish, dla kt\u00f3rej nie znajduj\u0119 wystarczaj\u0105co negatywnych epitet\u00f3w, to w\u0142a\u015bnie scenarzy\u015bci zas\u0142uguj\u0105 na najmocniejsz\u0105 krytyk\u0119. I re\u017cyser.<\/p>\n<p>Po prawdzie w kinie odnosi\u0142em wra\u017cenie, \u017ce ogl\u0105dam serial tworzony przez amator\u00f3w, z dialogami tak z\u0142ymi, \u017ce nabiera si\u0119 ochoty na zatkanie uszu, byle tylko ich nie s\u0142ysze\u0107, i re\u017cyseri\u0105 tak fataln\u0105 (idiotyczne skakanie mi\u0119dzy scenami, \u017ale dobrana muzyka, absolutnie pozbawione napi\u0119cia i dynamiki sceny akcji), \u017ce ma si\u0119 ochot\u0119 rzuci\u0107 czym\u015b w ekran i krzycze\u0107. Nie ma w moich s\u0142owach przesady \u2013 nie przypominam sobie, \u017cebym w ostatnich latach widzia\u0142 inny serial, kt\u00f3ry by\u0142by tak z\u0142y na tak wielu poziomach.<a href=\"\/wp-content\/uploads\/2017\/09\/inhumans-lockjaw-marvel-abc.jpg\"><img loading=\"lazy\" decoding=\"async\" class=\"aligncenter wp-image-3459 size-large\" src=\"\/wp-content\/uploads\/2017\/09\/inhumans-lockjaw-marvel-abc-1024x540.jpg\" alt=\"\" width=\"620\" height=\"327\" srcset=\"\/seryjni\/wp-content\/uploads\/2017\/09\/inhumans-lockjaw-marvel-abc-1024x540.jpg 1024w, \/seryjni\/wp-content\/uploads\/2017\/09\/inhumans-lockjaw-marvel-abc-300x158.jpg 300w, \/seryjni\/wp-content\/uploads\/2017\/09\/inhumans-lockjaw-marvel-abc-768x405.jpg 768w\" sizes=\"(max-width: 620px) 100vw, 620px\" \/><\/a>Powt\u00f3rzy\u0142bym, \u017ce mamy tu do czynienia z amatorszczyzn\u0105, w zasadzie dochodz\u0119 jednak do wniosku, \u017ce fani amatorzy byliby w stanie nakr\u0119ci\u0107 co\u015b lepszego, \u017ce nawet je\u017celi ich produkcje by\u0142yby z\u0142e, to mo\u017ce chocia\u017c bawi\u0142yby nas swoj\u0105 prza\u015bno\u015bci\u0105.<\/p>\n<p>\u201eInhumans\u201d tacy nie s\u0105 \u2013 to powr\u00f3t do przesz\u0142o\u015bci, do lat, gdy telewizja by\u0142a o kilka klas gorsza od produkcji kinowych, a ludzie ogl\u0105dali j\u0105 dlatego, \u017ce trafili na dany serial, skacz\u0105c od kana\u0142u do kana\u0142u.<a href=\"\/wp-content\/uploads\/2017\/09\/inhumans.jpg\"><img loading=\"lazy\" decoding=\"async\" class=\"aligncenter size-large wp-image-3460\" src=\"\/wp-content\/uploads\/2017\/09\/inhumans-1024x768.jpg\" alt=\"\" width=\"620\" height=\"465\" srcset=\"\/seryjni\/wp-content\/uploads\/2017\/09\/inhumans-1024x768.jpg 1024w, \/seryjni\/wp-content\/uploads\/2017\/09\/inhumans-300x225.jpg 300w, \/seryjni\/wp-content\/uploads\/2017\/09\/inhumans-768x576.jpg 768w, \/seryjni\/wp-content\/uploads\/2017\/09\/inhumans.jpg 1697w\" sizes=\"(max-width: 620px) 100vw, 620px\" \/><\/a>Powsta\u0142o wiele seriali, kt\u00f3re dzieli\u0142y widowni\u0119, wiele, co do kt\u00f3rych mo\u017cna by\u0142o powiedzie\u0107, \u017ce warto spr\u00f3bowa\u0107 samemu, a n\u00f3\u017c akurat tobie si\u0119 spodoba. \u201eInhumans\u201d nie zaliczaj\u0105 si\u0119 do tej grupy.<\/p>\n<p>\u201eInhumans\u201d to po prostu murowany kandydat do tytu\u0142u najgorszej produkcji roku, o ile nie dekady (bior\u0105c pod uwag\u0119, \u017ce stoj\u0105 za ni\u0105 takie pot\u0119gi jak ABC i Marvel). Zostali\u015bcie ostrze\u017ceni.<\/p>\n","protected":false},"excerpt":{"rendered":"<p>Podbijaj\u0105cy wielkie i ma\u0142e ekrany superbohaterowie z wydawnictwa Marvel w\u0142a\u015bnie zaliczyli pierwsz\u0105 spektakularn\u0105 pora\u017ck\u0119. Bo cho\u0107 i wcze\u015bniej zdarza\u0142y si\u0119 s\u0142absze filmy czy seriale, nic nie by\u0142o tak fatalne jak \u201eInhumans\u201d.<\/p>\n","protected":false},"author":7,"featured_media":3461,"comment_status":"open","ping_status":"closed","sticky":false,"template":"","format":"standard","meta":{"footnotes":""},"categories":[19,9,13,27],"tags":[331,916,915,584,600,432],"_links":{"self":[{"href":"https:\/\/blog.polityka.pl\/seryjni\/wp-json\/wp\/v2\/posts\/3456"}],"collection":[{"href":"https:\/\/blog.polityka.pl\/seryjni\/wp-json\/wp\/v2\/posts"}],"about":[{"href":"https:\/\/blog.polityka.pl\/seryjni\/wp-json\/wp\/v2\/types\/post"}],"author":[{"embeddable":true,"href":"https:\/\/blog.polityka.pl\/seryjni\/wp-json\/wp\/v2\/users\/7"}],"replies":[{"embeddable":true,"href":"https:\/\/blog.polityka.pl\/seryjni\/wp-json\/wp\/v2\/comments?post=3456"}],"version-history":[{"count":3,"href":"https:\/\/blog.polityka.pl\/seryjni\/wp-json\/wp\/v2\/posts\/3456\/revisions"}],"predecessor-version":[{"id":3464,"href":"https:\/\/blog.polityka.pl\/seryjni\/wp-json\/wp\/v2\/posts\/3456\/revisions\/3464"}],"wp:featuredmedia":[{"embeddable":true,"href":"https:\/\/blog.polityka.pl\/seryjni\/wp-json\/wp\/v2\/media\/3461"}],"wp:attachment":[{"href":"https:\/\/blog.polityka.pl\/seryjni\/wp-json\/wp\/v2\/media?parent=3456"}],"wp:term":[{"taxonomy":"category","embeddable":true,"href":"https:\/\/blog.polityka.pl\/seryjni\/wp-json\/wp\/v2\/categories?post=3456"},{"taxonomy":"post_tag","embeddable":true,"href":"https:\/\/blog.polityka.pl\/seryjni\/wp-json\/wp\/v2\/tags?post=3456"}],"curies":[{"name":"wp","href":"https:\/\/api.w.org\/{rel}","templated":true}]}}