
{"id":3741,"date":"2017-12-27T13:14:33","date_gmt":"2017-12-27T12:14:33","guid":{"rendered":"http:\/\/seryjni.blog.polityka.pl\/?p=3741"},"modified":"2017-12-27T14:11:43","modified_gmt":"2017-12-27T13:11:43","slug":"szesc-sciezek-w-przyszlosc-czyli-4-sezon-czarnego-lustra","status":"publish","type":"post","link":"https:\/\/blog.polityka.pl\/seryjni\/2017\/12\/27\/szesc-sciezek-w-przyszlosc-czyli-4-sezon-czarnego-lustra\/","title":{"rendered":"Sze\u015b\u0107 \u015bcie\u017cek w przysz\u0142o\u015b\u0107, czyli 4. sezon &#8222;Czarnego lustra&#8221;"},"content":{"rendered":"<p><img loading=\"lazy\" decoding=\"async\" class=\"alignnone size-full\" src=\"https:\/\/qzprod.files.wordpress.com\/2017\/08\/screen-shot-2017-08-25-at-12-39-33-pm-e1503680624813.png?w=1006\" width=\"1006\" height=\"567\" \/>Zanim zaczniemy tradycyjny cykl podsumowa\u0144 serialowego roku, czyli ruszymy w przesz\u0142o\u015b\u0107, wykonajmy szybki skok w przysz\u0142o\u015b\u0107. Nowe sze\u015b\u0107 odcink\u00f3w futurystycznych wizji Charliego Brookera i Annabel Jones, zrealizowanych dla Netfliksa, to mo\u017ce by\u0107 pomys\u0142 na noworoczny maraton. Cho\u0107 g\u0142\u00f3wnie dla widz\u00f3w o mocnych nerwach i du\u017cych\u00a0zasobach optymizmu.<br \/>\n<!--more--><br \/>\nTo ju\u017c czwarty sezon i w nowych odcinkach troch\u0119 wida\u0107\u00a0lekkie zm\u0119czenie materia\u0142u i brak \u015bwie\u017co\u015bci. Nie ma w tym zestawie tak porywaj\u0105cego i zachwycaj\u0105cego odcinka, takiej per\u0142y jak &#8222;San Junipero&#8221; z zesz\u0142orocznego sezonu. O zaskakuj\u0105cych (do tego w cz\u0119\u015bci, jak si\u0119 potem okaza\u0142o, proroczych, bo zrealizowanych przez rzeczywisto\u015b\u0107) historiach z pierwszych dw\u00f3ch sezon\u00f3w nie wspominaj\u0105c.<\/p>\n<p>Ale wida\u0107 jeszcze co\u015b. Rosn\u0105cy strach i pesymizm tw\u00f3rc\u00f3w. Tak jakby rzeczywisto\u015b\u0107, kt\u00f3ra zawsze s\u0142u\u017cy\u0142a za punkt wyj\u015bcia dla &#8222;ostrze\u017cenia przed przysz\u0142o\u015bci\u0105&#8221; w &#8222;Czarnym lustrze&#8221;, sama stawa\u0142a si\u0119 coraz bardziej szalona, niebezpieczna i nieprzewidywalna, st\u0105d te\u017c wizje przysz\u0142o\u015bci z niej wynikaj\u0105ce s\u0105 coraz smutniejsze i bardziej przera\u017caj\u0105ce.<img loading=\"lazy\" decoding=\"async\" class=\"alignnone size-full\" src=\"https:\/\/ocs-pl.oktawave.com\/v1\/AUTH_2887234e-384a-4873-8bc5-405211db13a2\/splay\/2017\/12\/black-mirror-4-arkangel-2.jpg\" width=\"1280\" height=\"854\" \/>Wi\u0119kszo\u015b\u0107 odcink\u00f3w dotyczy tego, co w przysz\u0142o\u015bci mo\u017ce si\u0119 dzia\u0107 z ludzk\u0105 \u015bwiadomo\u015bci\u0105. Inwigilacja naszych wspomnie\u0144 i my\u015bli stanowi podstaw\u0119 zar\u00f3wno kameralnego dramatu rodzinnego (wyre\u017cyserowanego przez Jodie Foster), jak i opowie\u015bci utrzymanej w konwencji skandynawskiego krymina\u0142u, osadzonej w pi\u0119knych, zimowych plenerach.<\/p>\n<p>W kolejnych jest jeszcze straszniej &#8211; ludzka \u015bwiadomo\u015b\u0107 mo\u017ce podlega\u0107 transplantacji, wyj\u0119ta z cia\u0142a, mo\u017ce zosta\u0107 wszczepiona czy w\u0142o\u017cona do maszyny, komputera czy jakiegokolwiek przedmiotu. I zosta\u0107 tam uwi\u0119ziona\u00a0na wieczno\u015b\u0107, z poczuciem b\u00f3lu, porzucenia i bez mo\u017cliwo\u015bci kontroli i sprawstwa. Mo\u017ce to reakcja Brookera na brexit? Albo inne procesy polityczne czy spo\u0142eczne na \u015bwiecie, w kt\u00f3rych przynajmniej cz\u0119\u015b\u0107 z nas ma poczucie uwi\u0119zienia bez mo\u017cliwo\u015bci sensownej reakcji i nadziei na szybk\u0105 zmian\u0119 na lepsze?<img loading=\"lazy\" decoding=\"async\" class=\"alignnone size-full\" src=\"https:\/\/ocs-pl.oktawave.com\/v1\/AUTH_2887234e-384a-4873-8bc5-405211db13a2\/splay\/2017\/12\/black-mirror-4-uss-callister-2-1180x786.jpg\" width=\"1180\" height=\"786\" \/>Ja\u015bniejsze w tonie i przez to wyr\u00f3\u017cniaj\u0105ce si\u0119 na ciemnej &#8211; czarnej &#8211; tafli &#8222;Lustra&#8221; s\u0105 w\u0142a\u015bciwie tylko dwa odcinki. &#8222;USS Callister&#8221;, najbardziej zaskakuj\u0105cy w ca\u0142ej serii, perfekcyjnie zrealizowany pastisz space oper z lat 80., ze &#8222;Star Trekiem&#8221; na czele. Oraz &#8222;Hang the DJ&#8221;,\u00a0przewrotna, nieoczywista komedia romantyczna.<\/p>\n<p>Odcinki z nowej serii, tak jak poprzednie, mo\u017cna ogl\u0105da\u0107 niezale\u017cnie od siebie. Ka\u017cdy jest zrealizowany w innej konwencji i innym gatunku filmowym, opowiada\u00a0now\u0105 histori\u0119. \u0141\u0105czy je wizja przysz\u0142o\u015bci\u00a0\u0142udz\u0105co podobna do naszej tera\u017aniejszo\u015bci. Ot, kilka nowych gad\u017cet\u00f3w, bardziej rozwini\u0119ta technologia i cz\u0142owiek jeszcze\u00a0silniej od niej zale\u017cny.<\/p>\n<p>A kto ma ochot\u0119 dowiedzie\u0107 si\u0119, jakie wizje przysz\u0142o\u015bci prywatnie snuj\u0105 tw\u00f3rcy &#8222;Czarnego lustra&#8221;, mo\u017ce przeczyta\u0107 rozmow\u0119 z nimi Marcina Zwierzchowskiego w \u015bwi\u0105tecznej <a href=\"https:\/\/www.polityka.pl\/tygodnikpolityka\/kultura\/1731516,1,charlie-brooker-i-annabel-jones-o-serialu-czarne-lustro.read\">POLITYCE.<\/a><\/p>\n<p>4. sezon do obejrzenia w Netfliksie od 29 grudnia.<\/p>\n","protected":false},"excerpt":{"rendered":"<p>To ju\u017c czwarty sezon i w nowych odcinkach troch\u0119 wida\u0107\u00a0lekkie zm\u0119czenie materia\u0142u i brak \u015bwie\u017co\u015bci.<\/p>\n","protected":false},"author":4,"featured_media":3764,"comment_status":"open","ping_status":"closed","sticky":false,"template":"","format":"standard","meta":{"footnotes":""},"categories":[1],"tags":[980,409,979,197],"_links":{"self":[{"href":"https:\/\/blog.polityka.pl\/seryjni\/wp-json\/wp\/v2\/posts\/3741"}],"collection":[{"href":"https:\/\/blog.polityka.pl\/seryjni\/wp-json\/wp\/v2\/posts"}],"about":[{"href":"https:\/\/blog.polityka.pl\/seryjni\/wp-json\/wp\/v2\/types\/post"}],"author":[{"embeddable":true,"href":"https:\/\/blog.polityka.pl\/seryjni\/wp-json\/wp\/v2\/users\/4"}],"replies":[{"embeddable":true,"href":"https:\/\/blog.polityka.pl\/seryjni\/wp-json\/wp\/v2\/comments?post=3741"}],"version-history":[{"count":8,"href":"https:\/\/blog.polityka.pl\/seryjni\/wp-json\/wp\/v2\/posts\/3741\/revisions"}],"predecessor-version":[{"id":3770,"href":"https:\/\/blog.polityka.pl\/seryjni\/wp-json\/wp\/v2\/posts\/3741\/revisions\/3770"}],"wp:featuredmedia":[{"embeddable":true,"href":"https:\/\/blog.polityka.pl\/seryjni\/wp-json\/wp\/v2\/media\/3764"}],"wp:attachment":[{"href":"https:\/\/blog.polityka.pl\/seryjni\/wp-json\/wp\/v2\/media?parent=3741"}],"wp:term":[{"taxonomy":"category","embeddable":true,"href":"https:\/\/blog.polityka.pl\/seryjni\/wp-json\/wp\/v2\/categories?post=3741"},{"taxonomy":"post_tag","embeddable":true,"href":"https:\/\/blog.polityka.pl\/seryjni\/wp-json\/wp\/v2\/tags?post=3741"}],"curies":[{"name":"wp","href":"https:\/\/api.w.org\/{rel}","templated":true}]}}