
{"id":4165,"date":"2018-06-08T12:54:12","date_gmt":"2018-06-08T10:54:12","guid":{"rendered":"http:\/\/seryjni.blog.polityka.pl\/?p=4165"},"modified":"2018-06-08T14:31:12","modified_gmt":"2018-06-08T12:31:12","slug":"cloak-dagger-to-nie-jest-serial-o-superbohaterach","status":"publish","type":"post","link":"https:\/\/blog.polityka.pl\/seryjni\/2018\/06\/08\/cloak-dagger-to-nie-jest-serial-o-superbohaterach\/","title":{"rendered":"\u201eCloak &#038; Dagger\u201d \u2013 to nie jest serial o superbohaterach"},"content":{"rendered":"<p><a href=\"\/wp-content\/uploads\/2018\/06\/cloak-and-dagger-sneak-peek-e1516368008189.jpg\"><img loading=\"lazy\" decoding=\"async\" class=\"aligncenter size-large wp-image-4166\" src=\"\/wp-content\/uploads\/2018\/06\/cloak-and-dagger-sneak-peek-e1516368008189-1024x492.jpg\" alt=\"\" width=\"620\" height=\"298\" srcset=\"\/seryjni\/wp-content\/uploads\/2018\/06\/cloak-and-dagger-sneak-peek-e1516368008189-1024x492.jpg 1024w, \/seryjni\/wp-content\/uploads\/2018\/06\/cloak-and-dagger-sneak-peek-e1516368008189-300x144.jpg 300w, \/seryjni\/wp-content\/uploads\/2018\/06\/cloak-and-dagger-sneak-peek-e1516368008189-768x369.jpg 768w, \/seryjni\/wp-content\/uploads\/2018\/06\/cloak-and-dagger-sneak-peek-e1516368008189.jpg 1500w\" sizes=\"(max-width: 620px) 100vw, 620px\" \/><\/a>Cho\u0107 tytu\u0142owe postaci wywodz\u0105 si\u0119 z kart komiks\u00f3w Marvela, serial wyra\u017anie odchodzi od tej estetyki. Zamiast tego oferuje opowie\u015b\u0107 o zagubionych nastolatkach dotkni\u0119tych tragedi\u0105 z przesz\u0142o\u015bci. Poza tym on potrafi si\u0119 teleportowa\u0107, a ona rzuca\u0107 \u015bwietlistymi kryszta\u0142ami.<br \/>\n<!--more--><br \/>\nPierwsze dwa odcinki to w zasadzie dramat obyczajowy. On jest czarnosk\u00f3rym ch\u0142opakiem z dobrego domu, chodzi do katolickiej szko\u0142y, wychowuj\u0105 go troskliwi rodzice. Ona kiedy\u015b nale\u017ca\u0142a do spo\u0142ecznej elity, teraz ma tylko matk\u0119 alkoholiczk\u0119, nie chodzi do szko\u0142y, bierze narkotyki, a pieni\u0105dze ma z kradzie\u017cy, dokonywanych g\u0142\u00f3wnie na bogatych ch\u0142opakach, kt\u00f3rych mami urod\u0105. \u0141\u0105czy ich wydarzenie z przesz\u0142o\u015bci. Gdy byli jeszcze bardzo m\u0142odzi, zgin\u0119li brat Tyrone\u2019a i ojciec Tandy. Tej samej nocy dosz\u0142o do wypadku na nale\u017c\u0105cej do firmy Roxxon platformie. Ty i Tandy zyskali wtedy niezwyk\u0142e zdolno\u015bci.<\/p>\n<p><iframe loading=\"lazy\" title=\"Marvel&#039;s Cloak &amp; Dagger | Trailer | First on Showmax\" width=\"1778\" height=\"1000\" src=\"https:\/\/www.youtube.com\/embed\/ELrej0xqiZU?feature=oembed\" frameborder=\"0\" allow=\"accelerometer; autoplay; encrypted-media; gyroscope; picture-in-picture\" allowfullscreen><\/iframe><\/p>\n<p>Nie ma co si\u0119 raczej spodziewa\u0107, \u017ce dw\u00f3jka bohater\u00f3w szybko wskoczy w superbohaterskie wdzianka i b\u0119dzie walczy\u0107 z jakim\u015b arcy\u0142otrem. W dw\u00f3ch pierwszych odcinkach nikt taki si\u0119 nie pojawia. Nie ma nawet sugestii podobnej \u015bcie\u017cki fabularnej. Dla Tyrone\u2019a przeciwnikiem jest policjant, kt\u00f3ry zastrzeli\u0142 jego brata, a dla Tandy&#8230; c\u00f3\u017c, ona sama.<\/p>\n<p>Ich zdolno\u015bci to w\u0105tek w serialu obecny, ale na chwil\u0119 obecn\u0105 w zasadzie mog\u0142oby go nie by\u0107 i wiele by si\u0119 nie zmieni\u0142o.<\/p>\n<p>Zamiast supermocy bohater\u00f3w na pierwszy plan wychodzi supermoc re\u017cyser\u00f3w i monta\u017cyst\u00f3w, kt\u00f3rzy bardzo umiej\u0119tnie prowadz\u0105 dwa osobne w\u0105tki tytu\u0142owych postaci, spotykaj\u0105cych si\u0119 na razie bardzo rzadko, ale mi\u0119dzy kt\u00f3rymi jest wyra\u017ana wi\u0119\u017a, co serial ciekawie podkre\u015bla. Mi\u0119dzy innymi w takich scenach sprawdza si\u0119 \u015bwietna \u015bcie\u017cka muzyczna serialu, ewidentnie wpisana w jego DNA.<a href=\"\/wp-content\/uploads\/2018\/06\/marvels_cloak__dagger_2018_tv_series-1920x1080.jpg\"><img loading=\"lazy\" decoding=\"async\" class=\"aligncenter size-large wp-image-4167\" src=\"\/wp-content\/uploads\/2018\/06\/marvels_cloak__dagger_2018_tv_series-1920x1080-1024x576.jpg\" alt=\"\" width=\"620\" height=\"349\" srcset=\"\/seryjni\/wp-content\/uploads\/2018\/06\/marvels_cloak__dagger_2018_tv_series-1920x1080-1024x576.jpg 1024w, \/seryjni\/wp-content\/uploads\/2018\/06\/marvels_cloak__dagger_2018_tv_series-1920x1080-300x169.jpg 300w, \/seryjni\/wp-content\/uploads\/2018\/06\/marvels_cloak__dagger_2018_tv_series-1920x1080-768x432.jpg 768w, \/seryjni\/wp-content\/uploads\/2018\/06\/marvels_cloak__dagger_2018_tv_series-1920x1080.jpg 1920w\" sizes=\"(max-width: 620px) 100vw, 620px\" \/><\/a>Trzeba te\u017c zauwa\u017cy\u0107, jak tw\u00f3rcy serialowych \u201eCloak &amp; Dagger\u201d podeszli do orygina\u0142u, przy okazji kre\u015bl\u0105c ciekawy komentarz spo\u0142eczny. W komiksie Tyrone ukrad\u0142 torebk\u0119 Tandy, to ona by\u0142a dzieciakiem z wy\u017cszych sfer, to ona, bia\u0142a, mia\u0142a u\u0142o\u017cone \u017cycie, podczas gdy czarnosk\u00f3ry Ty by\u0142 z marginesu.<\/p>\n<p>Tym, czego serial nie zmieni\u0142, jest w\u0105tek zastrzelenia przez policjanta osoby bliskiej Tyrone\u2019owi \u2013 to, co by\u0142o aktualne w latach 80. w komiksie, bardzo pasuje do obecnej sytuacji w Stanach. Widzowie nieznaj\u0105cy orygina\u0142u mogliby pomy\u015ble\u0107, \u017ce scenarzy\u015bci ten w\u0105tek dopisali, by w\u0142\u0105czy\u0107 si\u0119 w dyskusj\u0119.<\/p>\n<p>\u201eCloak &amp; Dagger\u201d z pewno\u015bci\u0105 zaskoczy fan\u00f3w komiks\u00f3w, spodziewaj\u0105cych si\u0119 by\u0107 mo\u017ce szybszego tempa, wi\u0119kszego skupienia na mocach bohater\u00f3w, wreszcie pewnych trop\u00f3w fabularnych, kt\u00f3rymi historie o superbohaterach zwyk\u0142y pod\u0105\u017ca\u0107. Ale na to si\u0119 nie zanosi. Co nie jest wad\u0105 &#8211; \u201eCloak &amp; Dagger\u201d zaczyna si\u0119 bardzo interesuj\u0105co.<\/p>\n<p><em>Serial w Polsce mo\u017cna ogl\u0105da\u0107 na platformie Showmax. Premiera 8 czerwca.<\/em><\/p>\n","protected":false},"excerpt":{"rendered":"<p>Cho\u0107 tytu\u0142owe postaci wywodz\u0105 si\u0119 z kart komiks\u00f3w Marvela, serial wyra\u017anie odchodzi od tej estetyki. Zamiast tego oferuje opowie\u015b\u0107 o zagubionych nastolatkach dotkni\u0119tych tragedi\u0105 z przesz\u0142o\u015bci. Poza tym on potrafi si\u0119 teleportowa\u0107, a ona rzuca\u0107 \u015bwietlistymi kryszta\u0142ami.<\/p>\n","protected":false},"author":7,"featured_media":4166,"comment_status":"open","ping_status":"closed","sticky":false,"template":"","format":"standard","meta":{"footnotes":""},"categories":[18,7,9,13,27],"tags":[331,600,1061,839],"_links":{"self":[{"href":"https:\/\/blog.polityka.pl\/seryjni\/wp-json\/wp\/v2\/posts\/4165"}],"collection":[{"href":"https:\/\/blog.polityka.pl\/seryjni\/wp-json\/wp\/v2\/posts"}],"about":[{"href":"https:\/\/blog.polityka.pl\/seryjni\/wp-json\/wp\/v2\/types\/post"}],"author":[{"embeddable":true,"href":"https:\/\/blog.polityka.pl\/seryjni\/wp-json\/wp\/v2\/users\/7"}],"replies":[{"embeddable":true,"href":"https:\/\/blog.polityka.pl\/seryjni\/wp-json\/wp\/v2\/comments?post=4165"}],"version-history":[{"count":9,"href":"https:\/\/blog.polityka.pl\/seryjni\/wp-json\/wp\/v2\/posts\/4165\/revisions"}],"predecessor-version":[{"id":4176,"href":"https:\/\/blog.polityka.pl\/seryjni\/wp-json\/wp\/v2\/posts\/4165\/revisions\/4176"}],"wp:featuredmedia":[{"embeddable":true,"href":"https:\/\/blog.polityka.pl\/seryjni\/wp-json\/wp\/v2\/media\/4166"}],"wp:attachment":[{"href":"https:\/\/blog.polityka.pl\/seryjni\/wp-json\/wp\/v2\/media?parent=4165"}],"wp:term":[{"taxonomy":"category","embeddable":true,"href":"https:\/\/blog.polityka.pl\/seryjni\/wp-json\/wp\/v2\/categories?post=4165"},{"taxonomy":"post_tag","embeddable":true,"href":"https:\/\/blog.polityka.pl\/seryjni\/wp-json\/wp\/v2\/tags?post=4165"}],"curies":[{"name":"wp","href":"https:\/\/api.w.org\/{rel}","templated":true}]}}