
{"id":4412,"date":"2018-10-22T09:00:31","date_gmt":"2018-10-22T07:00:31","guid":{"rendered":"http:\/\/seryjni.blog.polityka.pl\/?p=4412"},"modified":"2018-10-22T11:41:38","modified_gmt":"2018-10-22T09:41:38","slug":"nielegalni-stawka-wieksza-niz-polski-serial","status":"publish","type":"post","link":"https:\/\/blog.polityka.pl\/seryjni\/2018\/10\/22\/nielegalni-stawka-wieksza-niz-polski-serial\/","title":{"rendered":"&#8222;Nielegalni&#8221; Canal+, stawka wi\u0119ksza ni\u017c polski serial"},"content":{"rendered":"<p><a href=\"\/wp-content\/uploads\/2018\/10\/nielegalni-11.jpg\"><img loading=\"lazy\" decoding=\"async\" class=\"aligncenter size-full wp-image-4425\" src=\"\/wp-content\/uploads\/2018\/10\/nielegalni-11.jpg\" alt=\"\" width=\"1200\" height=\"800\" srcset=\"\/seryjni\/wp-content\/uploads\/2018\/10\/nielegalni-11.jpg 1200w, \/seryjni\/wp-content\/uploads\/2018\/10\/nielegalni-11-300x200.jpg 300w, \/seryjni\/wp-content\/uploads\/2018\/10\/nielegalni-11-768x512.jpg 768w, \/seryjni\/wp-content\/uploads\/2018\/10\/nielegalni-11-1024x683.jpg 1024w\" sizes=\"(max-width: 1200px) 100vw, 1200px\" \/><\/a><\/p>\n<p>Canal+ reklamuje &#8222;Nielegalnych&#8221; jako pierwszy polski serial szpiegowski od czas\u00f3w &#8222;Stawki wi\u0119kszej ni\u017c \u017cycie&#8221;. Ale to te\u017c pierwsza tak mi\u0119dzynarodowa rodzima produkcja w odcinkach. Stambu\u0142, Mi\u0144sk, Sztokholm, wiele scen granych jest po angielsku albo rosyjsku, ogl\u0105damy ten serial jak serie zagraniczne &#8211; z polskimi napisami.\u00a0<!--more--><\/p>\n<p>Podstaw\u0105 scenariusza autorstwa Macieja Kubickiego, Bartosza Staszczyszyna i Doroty Jankoj\u0107-Podd\u0119bniak s\u0105 dwie ksi\u0105\u017cki ze szpiegowskiej, bestsellerowej tetralogii Vincenta V. Severskiego, czyli W\u0142odzimierza Soko\u0142owskiego. Zanim zosta\u0142 pisarzem, by\u0142 oficerem polskiego kontrwywiadu. Zapewnia, \u017ce opisane sytuacje nie odbiegaj\u0105 od prawdziwych akcji polskiego wywiadu, a bohaterowie s\u0105 wariacj\u0105 na temat rzeczywistych agent\u00f3w i agentek.<\/p>\n<p><a href=\"\/wp-content\/uploads\/2018\/10\/nielegalni-czolo-1.jpg\"><img loading=\"lazy\" decoding=\"async\" class=\"aligncenter size-full wp-image-4423\" src=\"\/wp-content\/uploads\/2018\/10\/nielegalni-czolo-1.jpg\" alt=\"\" width=\"1200\" height=\"600\" srcset=\"\/seryjni\/wp-content\/uploads\/2018\/10\/nielegalni-czolo-1.jpg 1200w, \/seryjni\/wp-content\/uploads\/2018\/10\/nielegalni-czolo-1-300x150.jpg 300w, \/seryjni\/wp-content\/uploads\/2018\/10\/nielegalni-czolo-1-768x384.jpg 768w, \/seryjni\/wp-content\/uploads\/2018\/10\/nielegalni-czolo-1-1024x512.jpg 1024w\" sizes=\"(max-width: 1200px) 100vw, 1200px\" \/><\/a><\/p>\n<p>Wielow\u0105tkowa akcja dotyczy operacji prowadzonej przez Wydzia\u0142 Q, skupiaj\u0105cy agent\u00f3w &#8222;nielegalnych&#8221;, najtajniejszych z tajnych, dzia\u0142aj\u0105cych poza oficjalnymi strukturami. Przewodzi im Konrad Wolski (Grzegorz Dami\u0119cki).<\/p>\n<p>Sygna\u0142, \u017ce &#8222;Nielegalni&#8221; to produkcja inna ni\u017c te, do kt\u00f3rych przyzwyczai\u0142y nas rodzime stacje, otrzymujemy ju\u017c w pierwszych scenach. Zostajemy wrzuceni w \u015brodek operacji, nikt nam nie wyja\u015bnia, o co chodzi. Wolski z koleg\u0105 w scenerii cie\u015bniny bosforskiej negocjuje po angielsku z bia\u0142oruskim handlarzem broni zakup jakiego\u015b arsena\u0142u. W akcj\u0119 w\u0142\u0105czaj\u0105 si\u0119 wywiady USA i Szwecji, pojawiaj\u0105 si\u0119 informacje o zamachu terrorystycznym planowanym przez niejakiego Safira as Salama&#8230;<\/p>\n<p><a href=\"\/wp-content\/uploads\/2018\/10\/e9cfd1f3335936fb8d55bce9bc14.1000.jpg\"><img loading=\"lazy\" decoding=\"async\" class=\"aligncenter size-full wp-image-4422\" src=\"\/wp-content\/uploads\/2018\/10\/e9cfd1f3335936fb8d55bce9bc14.1000.jpg\" alt=\"\" width=\"1000\" height=\"755\" srcset=\"\/seryjni\/wp-content\/uploads\/2018\/10\/e9cfd1f3335936fb8d55bce9bc14.1000.jpg 1000w, \/seryjni\/wp-content\/uploads\/2018\/10\/e9cfd1f3335936fb8d55bce9bc14.1000-300x227.jpg 300w, \/seryjni\/wp-content\/uploads\/2018\/10\/e9cfd1f3335936fb8d55bce9bc14.1000-768x580.jpg 768w\" sizes=\"(max-width: 1000px) 100vw, 1000px\" \/><\/a><\/p>\n<p>Sporo motyw\u00f3w brzmi znajomo &#8211; i dla widza z Polski, i dla kogo\u015b, kto \u015bledzi\u0142 seriale i filmy szpiegowskie w ostatnich latach: w\u0105tki rosyjskie (via Bia\u0142oru\u015b), atak terrorystyczny. Po drodze w migawkach poznamy bohatera granego przez Andrzeja Seweryna &#8211; speca od dokument\u00f3w (badania ich prawdziwo\u015bci oraz ich podrabiania). Ma si\u0119 pojawi\u0107 sterowany zza wschodniej granicy szanta\u017c polskiego premiera (Jan Frycz) przy pomocy tajnych dokument\u00f3w (brzmi aktualnie, prawda?).<\/p>\n<p>W tym wszystkim mimochodem poznajemy polskich szpieg\u00f3w. Najbardziej schematycznie &#8211; przynajmniej po dw\u00f3ch odcinkach\u00a0&#8211;\u00a0wypada szef Wolski, kolejna pochmurna kreacja Grzegorza Dami\u0119ckiego w polskim serialu (po &#8222;Belfrze&#8221; i &#8222;Watasze 2&#8221;). Rekordy kliszowo\u015bci bije scena w szpitalu, w kt\u00f3rej \u017cona jego podw\u0142adnego robi mu afer\u0119 o to, \u017ce nara\u017ca \u017cycie jej m\u0119\u017ca i ojca ich dziecka&#8230; Hmmm, my\u015bla\u0142a, \u017ce praca tajnego agenta w najtajniejszej kom\u00f3rce polega na odbieraniu maili i odpisywaniu?<\/p>\n<p><a href=\"\/wp-content\/uploads\/2018\/10\/Nielegalni-pierwszy-teaser-polskiego-serialu-szpiegowskiego-CANAL_article.jpg\"><img loading=\"lazy\" decoding=\"async\" class=\"size-full wp-image-4418\" src=\"\/wp-content\/uploads\/2018\/10\/Nielegalni-pierwszy-teaser-polskiego-serialu-szpiegowskiego-CANAL_article.jpg\" alt=\"\" width=\"1180\" height=\"787\" srcset=\"\/seryjni\/wp-content\/uploads\/2018\/10\/Nielegalni-pierwszy-teaser-polskiego-serialu-szpiegowskiego-CANAL_article.jpg 1180w, \/seryjni\/wp-content\/uploads\/2018\/10\/Nielegalni-pierwszy-teaser-polskiego-serialu-szpiegowskiego-CANAL_article-300x200.jpg 300w, \/seryjni\/wp-content\/uploads\/2018\/10\/Nielegalni-pierwszy-teaser-polskiego-serialu-szpiegowskiego-CANAL_article-768x512.jpg 768w, \/seryjni\/wp-content\/uploads\/2018\/10\/Nielegalni-pierwszy-teaser-polskiego-serialu-szpiegowskiego-CANAL_article-1024x683.jpg 1024w\" sizes=\"(max-width: 1180px) 100vw, 1180px\" \/><\/a><\/p>\n<p>Inni s\u0105 ciekawsi, a ich sceny bardziej intryguj\u0105ce. Pocz\u0105tek serii nale\u017cy do Filipa P\u0142awiaka, graj\u0105cego &#8211; po rosyjsku &#8211; podw\u00f3jnego agenta: polskiego Wydzia\u0142u Q i bia\u0142oruskiego KGB Olega Zubova aka Travis. Z uwik\u0142anym w pi\u0119trowe relacje, tak\u017ce uczuciowe, m\u0142odym ch\u0142opakiem o \u017celaznych nerwach przemierzamy ulice i zau\u0142ki Mi\u0144ska, zwiedzamy kafkowski gmach KGB, w kt\u00f3rym dziej\u0105 si\u0119 r\u00f3\u017cne cuda.<\/p>\n<p>Skomplikowane sprawy komplikuj\u0105 si\u0119 jeszcze bardziej, gdy Travis zostaje zdekonspirowany w bardzo wa\u017cnym momencie dla jego misji. Rusza mu na pomoc agentka Sara Korska (Sylwia Juszczak).<\/p>\n<p>Akcja toczy si\u0119 metodycznie, nawet do\u015b\u0107 wolno. Tw\u00f3rcy postawili na realizm, szpiedzy s\u0105 lud\u017ami, nie jamesami bondami, kamery s\u0105 blisko aktor\u00f3w, nie brak dokumentalnej chropowato\u015bci, nieostro\u015bci.<\/p>\n<p>Polscy aktorzy graj\u0105 z kolegami ze Szwecji i Rosji. Ten miks ogl\u0105da si\u0119 z przyjemno\u015bci\u0105 &#8211; i z powod\u00f3w artystycznych i, jednak, ideowych. Podczas gdy wielu polityk\u00f3w robi dzi\u015b wszystko, by na nowo zamkn\u0105\u0107 granice, kultura i rozrywka przeciwnie, otwieraj\u0105 si\u0119 na mi\u0119dzynarodow\u0105 wsp\u00f3\u0142prac\u0119. To ma swoj\u0105 wag\u0119.<\/p>\n<p><a href=\"\/wp-content\/uploads\/2018\/10\/NL2_180511_3079_PL.jpg\"><img loading=\"lazy\" decoding=\"async\" class=\"size-full wp-image-4420\" src=\"\/wp-content\/uploads\/2018\/10\/NL2_180511_3079_PL.jpg\" alt=\"\" width=\"2480\" height=\"1653\" srcset=\"\/seryjni\/wp-content\/uploads\/2018\/10\/NL2_180511_3079_PL.jpg 2480w, \/seryjni\/wp-content\/uploads\/2018\/10\/NL2_180511_3079_PL-300x200.jpg 300w, \/seryjni\/wp-content\/uploads\/2018\/10\/NL2_180511_3079_PL-768x512.jpg 768w, \/seryjni\/wp-content\/uploads\/2018\/10\/NL2_180511_3079_PL-1024x683.jpg 1024w\" sizes=\"(max-width: 2480px) 100vw, 2480px\" \/><\/a><\/p>\n<p>W po\u0142owie sezonu ma nast\u0105pi\u0107 zmiana, tak\u017ce estetyczna. Akcja przeskakuje o kilka miesi\u0119cy, a relacjonuje j\u0105 inna ekipa realizacyjna. Za pierwsze pi\u0119\u0107 odcink\u00f3w odpowiadaj\u0105 re\u017cyser Leszek Dawid i operator Piotr Soboci\u0144ski Jr, drugie pi\u0119\u0107 wyre\u017cyserowa\u0142 Jan P. Matuszy\u0144ski, a za kamer\u0105 sta\u0142 Kacper Fertacz. To te\u017c swoiste novum, wyr\u00f3\u017cniaj\u0105ce serial Canal+ spo\u015br\u00f3d innych produkcji z g\u00f3rnej p\u00f3\u0142ki &#8211; tak\u017ce \u015bwietnych &#8211; kt\u00f3re tej jesieni zaserwuj\u0105 nam obok Canal+ polskie HBO i Netflix.<\/p>\n<p>&#8222;Nielegalnych&#8221; mo\u017cna, od niedzieli 21 pa\u017adziernika, ogl\u0105da\u0107 w Canal+ i na platformie nc+.<\/p>\n","protected":false},"excerpt":{"rendered":"<p>&#8222;Nielegalnych&#8221; mo\u017cna ogl\u0105da\u0107 w Canal+ i na platformie nc+.<\/p>\n","protected":false},"author":4,"featured_media":4418,"comment_status":"open","ping_status":"closed","sticky":false,"template":"","format":"standard","meta":{"footnotes":""},"categories":[1,9,13],"tags":[628,1108,1109],"_links":{"self":[{"href":"https:\/\/blog.polityka.pl\/seryjni\/wp-json\/wp\/v2\/posts\/4412"}],"collection":[{"href":"https:\/\/blog.polityka.pl\/seryjni\/wp-json\/wp\/v2\/posts"}],"about":[{"href":"https:\/\/blog.polityka.pl\/seryjni\/wp-json\/wp\/v2\/types\/post"}],"author":[{"embeddable":true,"href":"https:\/\/blog.polityka.pl\/seryjni\/wp-json\/wp\/v2\/users\/4"}],"replies":[{"embeddable":true,"href":"https:\/\/blog.polityka.pl\/seryjni\/wp-json\/wp\/v2\/comments?post=4412"}],"version-history":[{"count":15,"href":"https:\/\/blog.polityka.pl\/seryjni\/wp-json\/wp\/v2\/posts\/4412\/revisions"}],"predecessor-version":[{"id":4432,"href":"https:\/\/blog.polityka.pl\/seryjni\/wp-json\/wp\/v2\/posts\/4412\/revisions\/4432"}],"wp:featuredmedia":[{"embeddable":true,"href":"https:\/\/blog.polityka.pl\/seryjni\/wp-json\/wp\/v2\/media\/4418"}],"wp:attachment":[{"href":"https:\/\/blog.polityka.pl\/seryjni\/wp-json\/wp\/v2\/media?parent=4412"}],"wp:term":[{"taxonomy":"category","embeddable":true,"href":"https:\/\/blog.polityka.pl\/seryjni\/wp-json\/wp\/v2\/categories?post=4412"},{"taxonomy":"post_tag","embeddable":true,"href":"https:\/\/blog.polityka.pl\/seryjni\/wp-json\/wp\/v2\/tags?post=4412"}],"curies":[{"name":"wp","href":"https:\/\/api.w.org\/{rel}","templated":true}]}}