
{"id":5045,"date":"2019-07-01T16:51:16","date_gmt":"2019-07-01T14:51:16","guid":{"rendered":"http:\/\/seryjni.blog.polityka.pl\/?p=5045"},"modified":"2019-07-01T17:08:02","modified_gmt":"2019-07-01T15:08:02","slug":"russell-crowe-gra-zalozyciela-fox-news-w-nowym-serialu-hbo","status":"publish","type":"post","link":"https:\/\/blog.polityka.pl\/seryjni\/2019\/07\/01\/russell-crowe-gra-zalozyciela-fox-news-w-nowym-serialu-hbo\/","title":{"rendered":"Russell Crowe gra za\u0142o\u017cyciela Fox News w nowym serialu HBO"},"content":{"rendered":"<p><a href=\"\/wp-content\/uploads\/2019\/07\/the-loudest-voice-review.jpg\"><img loading=\"lazy\" decoding=\"async\" src=\"\/wp-content\/uploads\/2019\/07\/the-loudest-voice-review.jpg\" alt=\"\" width=\"1000\" height=\"563\" class=\"alignnone size-full wp-image-5050\" srcset=\"\/seryjni\/wp-content\/uploads\/2019\/07\/the-loudest-voice-review.jpg 1000w, \/seryjni\/wp-content\/uploads\/2019\/07\/the-loudest-voice-review-300x169.jpg 300w, \/seryjni\/wp-content\/uploads\/2019\/07\/the-loudest-voice-review-768x432.jpg 768w\" sizes=\"(max-width: 1000px) 100vw, 1000px\" \/><\/a>W trzecim odcinku szef Fox News Roger Ailes zabiera \u017con\u0119 i syna do swojego rodzinnego miasteczka, Warren w Ohio, kt\u00f3rego nie odwiedza\u0142 od 20 lat. Barack Obama w\u0142a\u015bnie zosta\u0142 zaprzysi\u0119\u017cony na pierwsz\u0105 kadencj\u0119. Warren jest ruin\u0105, z upad\u0142ymi fabrykami i szalej\u0105cym bezrobociem. Ailes wyja\u015bnia miesza\u0144com, \u017ce prac\u0119 odebrali im imigranci, i\u00a0rzuca has\u0142o: &#8222;Przywr\u00f3\u0107my Ameryce wielko\u015b\u0107!&#8221;. Startuj\u0105cy dzi\u015b w HBO 7-odcinkowy miniserial biograficzny wzorem swojego bohatera nie bawi si\u0119 w subtelno\u015bci.<br \/>\n<!--more--><br \/>\n&#8222;Na ca\u0142y g\u0142os&#8221; (&#8222;The Loudest Voice&#8221;), produkcja stacji Showtime, zosta\u0142a oparta na ksi\u0105\u017cce &#8222;The Loudest Voice in the Room&#8221; Gabriela Shermana, biografii Rogera Ailesa, pomys\u0142odawcy i wieloletniego szefa stacji Fox News, nale\u017c\u0105cej do News Corporation Ruperta Murdocha.\u00a0Republika\u0144ska szara eminencja, doradca medialny kolejnych prezydent\u00f3w: Nixona, Reagana, obu Bush\u00f3w, po 11 wrze\u015bnia piewca idei wojny z terroryzmem i najazdu na Irak, w Baracku Husseinie Obamie (w serialu osobi\u015bcie nakazuje przedstawia\u0107 na antenach Fox News Obam\u0119 z obu imion) widzia\u0142 terroryst\u0119 i komunist\u0119.<\/p>\n<p>W 2016 r. doradza\u0142 podczas kampanii prezydenckiej Donalda Trumpa. By\u0142o to ju\u017c po tym, jak na skutek licznych oskar\u017ce\u0144 o seksualne nadu\u017cycia i molestowanie zosta\u0142 zmuszony do ust\u0105pienia z funkcji szefa Fox News (z 40 mln dol. odprawy). Zmar\u0142\u00a0w 2017 r. w wieku 77 lat.<\/p>\n<p>Akcja serialu zaczyna si\u0119 w 1995 r., kiedy 55-letni Ailes zostaje zwolniony z NBC i &#8211; w ramach zemsty na by\u0142ym pracodawcy &#8211; wymy\u015bla konkurencyjn\u0105 stacj\u0119 newsow\u0105. Jej targetem ma by\u0107 niedoreprezentowana w medialnym dyskursie &#8222;konserwatywna, prowincjonalna Ameryka&#8221;, &#8222;prawdziwi patrioci&#8221;.<\/p>\n<p>Pomys\u0142 kupuje Rupert Murdoch i Fox News rusza w 1996 r. Prawdziwy rozg\u0142os przynosi jej relacjonowanie ataku na World Trade Center z 11 wrze\u015bnia 2001 r. &#8211; jako pierwsza du\u017ca stacja decyduje si\u0119 na pokazanie ludzi wyskakuj\u0105cych z p\u0142on\u0105cych wie\u017c. Potem jest szczucie na Baracka Obam\u0119 i lata pieczo\u0142owitego kopania przy pomocy propagandy rowu mi\u0119dzy dwoma Amerykami: demokratyczn\u0105 i republika\u0144sk\u0105.<a href=\"\/wp-content\/uploads\/2019\/07\/the-loudest-voice-showtime-review-roger-ailes-show.jpg\"><img loading=\"lazy\" decoding=\"async\" src=\"\/wp-content\/uploads\/2019\/07\/the-loudest-voice-showtime-review-roger-ailes-show.jpg\" alt=\"\" width=\"1200\" height=\"628\" class=\"alignnone size-full wp-image-5051\" srcset=\"\/seryjni\/wp-content\/uploads\/2019\/07\/the-loudest-voice-showtime-review-roger-ailes-show.jpg 1200w, \/seryjni\/wp-content\/uploads\/2019\/07\/the-loudest-voice-showtime-review-roger-ailes-show-300x157.jpg 300w, \/seryjni\/wp-content\/uploads\/2019\/07\/the-loudest-voice-showtime-review-roger-ailes-show-768x402.jpg 768w, \/seryjni\/wp-content\/uploads\/2019\/07\/the-loudest-voice-showtime-review-roger-ailes-show-1024x536.jpg 1024w\" sizes=\"(max-width: 1200px) 100vw, 1200px\" \/><\/a>&#8222;Ludzie nie chc\u0105 by\u0107 informowani, ludzie chc\u0105 si\u0119 czu\u0107 poinformowani&#8221;. &#8222;Mam gdzie\u015b, co wypada, a co nie. Chc\u0119 robi\u0107 telewizj\u0119, kt\u00f3ra ludzie chc\u0105 ogl\u0105da\u0107&#8221;. &#8222;Chc\u0119 dawa\u0107 ludziom to, czego chc\u0105, nawet je\u015bli jeszcze nie wiedz\u0105, \u017ce tego chc\u0105&#8221; &#8211; tego typu z\u0142ote my\u015bli wypowiadane przez Ailesa przy\u015bwiecaj\u0105 programowaniu Fox News. Stacji, kt\u00f3ra przed rozwojem internetu da\u0142a alt-prawicy pot\u0119\u017cne narz\u0119dzie do trollingu rzeczywisto\u015bci, tworzenia w\u0142asnej wizji \u015bwiata i mia\u0142a przygotowa\u0107 Ameryk\u0119 na nadej\u015bcie Trumpa. Staj\u0105c si\u0119 przy tym wzorem do na\u015bladowania dla innych &#8222;narodowych&#8221; i &#8222;patriotycznych&#8221; telewizji.<\/p>\n<p>Serial, kt\u00f3rego autorem jest Tom McCarthy &#8211; tw\u00f3rca Oscarowego &#8222;Spotlight&#8221;, opartej na faktach relacji z dziennikarskiego \u015bledztwa w sprawie ko\u015bcielnej mafii pedofilskiej dzia\u0142aj\u0105cej przez dekady w archidiecezji bosto\u0144skiej &#8211; w kolejnych odcinkach przybli\u017ca najwa\u017cniejsze momenty z historii Fox News, biografii jej za\u0142o\u017cyciela i najnowszej historii USA, wszystko to w nierozerwalnym splocie.<\/p>\n<p>Nie jest to obraz najbardziej subtelny czy id\u0105cy w niuanse. Przynajmniej w pierwszych trzech odcinkach pokazanych dziennikarzom przed premier\u0105. Nie ma tu cho\u0107by pyta\u0144 o to, dlaczego ziarno nienawi\u015bci siane przez Fox News pada\u0142o na tak podatn\u0105 gleb\u0119, dlaczego ameryka\u0144ska prowincja tak \u0142atwo kupowa\u0142a sprzedawane jej przez Ailesa teorie.<\/p>\n<p>Tw\u00f3rc\u00f3w bardziej interesuj\u0105 mechanizmy propagandowe stosowane przez Ailesa i Fox News ni\u017c ameryka\u0144ska rzeczywisto\u015b\u0107 &#8211; od koszt\u00f3w globalizmu przerzuconych na najs\u0142abszych, degradacj\u0119 ameryka\u0144skiej prowincji i pozostawienie jej przez polityk\u00f3w obu frakcji samej sobie, upadku niedofinansowanego szkolnictwa, zahamowania awansu spo\u0142ecznego, rosn\u0105cego rozwarstwienia ekonomicznego itd. &#8211; czy\u00a0 psychologiczne zawi\u0142o\u015bci osobowo\u015bci g\u0142\u00f3wnego bohatera.<a href=\"\/wp-content\/uploads\/2019\/07\/Loudest-Voice-cover-1014x570.jpg\"><img loading=\"lazy\" decoding=\"async\" src=\"\/wp-content\/uploads\/2019\/07\/Loudest-Voice-cover-1014x570.jpg\" alt=\"\" width=\"1014\" height=\"570\" class=\"alignnone size-full wp-image-5053\" srcset=\"\/seryjni\/wp-content\/uploads\/2019\/07\/Loudest-Voice-cover-1014x570.jpg 1014w, \/seryjni\/wp-content\/uploads\/2019\/07\/Loudest-Voice-cover-1014x570-300x169.jpg 300w, \/seryjni\/wp-content\/uploads\/2019\/07\/Loudest-Voice-cover-1014x570-768x432.jpg 768w\" sizes=\"(max-width: 1014px) 100vw, 1014px\" \/><\/a>Ailes w brawurowym wykonaniu Russella Crowe&#8217;a, kt\u00f3ry w tej roli nie jest \u0142atwy do rozpoznania, to bezwzgl\u0119dny egzekutor swoich idei. Control freak, kt\u00f3remu w dzieci\u0144stwie ojciec brutalnie wpoi\u0142 zasad\u0119 nieufno\u015bci wobec ca\u0142ego \u015bwiata. I paranoik wietrz\u0105cy wsz\u0119dzie spiski &#8211; przeciw sobie, stacji i Ameryce, zreszt\u0105 w swojej manii wielko\u015bci uznaje, \u017ce to jedno i to samo.<a href=\"\/wp-content\/uploads\/2019\/07\/crowe-ailes3-main.jpg\"><img loading=\"lazy\" decoding=\"async\" src=\"\/wp-content\/uploads\/2019\/07\/crowe-ailes3-main.jpg\" alt=\"\" width=\"913\" height=\"427\" class=\"alignnone size-full wp-image-5054\" srcset=\"\/seryjni\/wp-content\/uploads\/2019\/07\/crowe-ailes3-main.jpg 913w, \/seryjni\/wp-content\/uploads\/2019\/07\/crowe-ailes3-main-300x140.jpg 300w, \/seryjni\/wp-content\/uploads\/2019\/07\/crowe-ailes3-main-768x359.jpg 768w\" sizes=\"(max-width: 913px) 100vw, 913px\" \/><\/a>Tw\u00f3rcy, co trzeba im odda\u0107, od pocz\u0105tku r\u00f3wnolegle z politycznym prowadz\u0105 w\u0105tek molestowania seksualnego, pokazuj\u0105, jak Ailes rujnowa\u0142 pracuj\u0105ce w stacji kobiety, wp\u0119dza\u0142 w depresje i manie, kontrolowa\u0142 przy pomocy oddanych pracownik\u00f3w.<\/p>\n<p>Ca\u0142o\u015b\u0107 jest zrealizowana z pieczo\u0142owito\u015bci\u0105, jednak nie przynosi (p\u00f3ki co) odkry\u0107 czy zaskocze\u0144. To nie trzymaj\u0105cy w napi\u0119ciu i fascynuj\u0105cy &#8222;Czarnobyl&#8221;, cho\u0107 temat w swojej istocie jest podobny: rujnuj\u0105ca si\u0142a k\u0142amstw i propagandy.<\/p>\n<p>&#8222;Na ca\u0142y g\u0142os&#8221; (&#8222;The Loudest Voice&#8221;), HBO i HBO GO, od 1 lipca, 7 odc.<\/p>\n","protected":false},"excerpt":{"rendered":"<p>\u201eNa ca\u0142y g\u0142os\u201d (\u201eThe Loudest Voice\u201d), HBO i HBO GO, od 1 lipca, 7 odc.<\/p>\n","protected":false},"author":4,"featured_media":5064,"comment_status":"open","ping_status":"closed","sticky":false,"template":"","format":"standard","meta":{"footnotes":""},"categories":[1,18,28,24,13],"tags":[171,34,1190,1192,1191],"_links":{"self":[{"href":"https:\/\/blog.polityka.pl\/seryjni\/wp-json\/wp\/v2\/posts\/5045"}],"collection":[{"href":"https:\/\/blog.polityka.pl\/seryjni\/wp-json\/wp\/v2\/posts"}],"about":[{"href":"https:\/\/blog.polityka.pl\/seryjni\/wp-json\/wp\/v2\/types\/post"}],"author":[{"embeddable":true,"href":"https:\/\/blog.polityka.pl\/seryjni\/wp-json\/wp\/v2\/users\/4"}],"replies":[{"embeddable":true,"href":"https:\/\/blog.polityka.pl\/seryjni\/wp-json\/wp\/v2\/comments?post=5045"}],"version-history":[{"count":13,"href":"https:\/\/blog.polityka.pl\/seryjni\/wp-json\/wp\/v2\/posts\/5045\/revisions"}],"predecessor-version":[{"id":5063,"href":"https:\/\/blog.polityka.pl\/seryjni\/wp-json\/wp\/v2\/posts\/5045\/revisions\/5063"}],"wp:featuredmedia":[{"embeddable":true,"href":"https:\/\/blog.polityka.pl\/seryjni\/wp-json\/wp\/v2\/media\/5064"}],"wp:attachment":[{"href":"https:\/\/blog.polityka.pl\/seryjni\/wp-json\/wp\/v2\/media?parent=5045"}],"wp:term":[{"taxonomy":"category","embeddable":true,"href":"https:\/\/blog.polityka.pl\/seryjni\/wp-json\/wp\/v2\/categories?post=5045"},{"taxonomy":"post_tag","embeddable":true,"href":"https:\/\/blog.polityka.pl\/seryjni\/wp-json\/wp\/v2\/tags?post=5045"}],"curies":[{"name":"wp","href":"https:\/\/api.w.org\/{rel}","templated":true}]}}