
{"id":5356,"date":"2019-11-14T09:55:11","date_gmt":"2019-11-14T08:55:11","guid":{"rendered":"http:\/\/seryjni.blog.polityka.pl\/?p=5356"},"modified":"2019-11-14T09:55:11","modified_gmt":"2019-11-14T08:55:11","slug":"serial-dokumentalny-hip-hop-kawalki-ktore-wstrzasnely-ameryka","status":"publish","type":"post","link":"https:\/\/blog.polityka.pl\/seryjni\/2019\/11\/14\/serial-dokumentalny-hip-hop-kawalki-ktore-wstrzasnely-ameryka\/","title":{"rendered":"Serial dokumentalny \u201eHip hop: kawa\u0142ki, kt\u00f3re wstrz\u0105sn\u0119\u0142y Ameryk\u0105\u201d"},"content":{"rendered":"<p><a href=\"\/wp-content\/uploads\/2019\/11\/hh.jpg\"><img loading=\"lazy\" decoding=\"async\" class=\"aligncenter size-full wp-image-5358\" src=\"\/wp-content\/uploads\/2019\/11\/hh.jpg\" alt=\"\" width=\"800\" height=\"500\" srcset=\"\/seryjni\/wp-content\/uploads\/2019\/11\/hh.jpg 800w, \/seryjni\/wp-content\/uploads\/2019\/11\/hh-300x188.jpg 300w, \/seryjni\/wp-content\/uploads\/2019\/11\/hh-768x480.jpg 768w\" sizes=\"(max-width: 800px) 100vw, 800px\" \/><\/a><\/p>\n<p>AMC prezentuje kolejny, po m.in. \u201eRobert Kirkman: Nieznana historia komiksu\u201d oraz \u201eJames Cameron. Historia science fiction\u201d, serial dokumentalny, tym razem skupiaj\u0105cy si\u0119 na muzyce hip hop. Ka\u017cdy odcinek to historia jednego artysty i jednego utworu, kt\u00f3ry mia\u0142 wp\u0142yw na scen\u0119 muzyczn\u0105 i kultur\u0119 w Stanach.<\/p>\n<p><!--more--><\/p>\n<p>Jak g\u0142o\u015bnym echem odbi\u0107 si\u0119 mo\u017ce pojedyncza piosenka, jak wielk\u0105 dyskusj\u0119 mo\u017ce pobudzi\u0107, ostatnio udowodni\u0142 Donald Glover, czyli Childish Gambino swoim utworem \u201eThis is America\u201d. W przypadku teledysku, poza tekstem, na cz\u0119\u015bci pierwsze rozbierane by\u0142y wr\u0119cz pojedyncze klatki, analizowane t\u0142o, ruchy wokalisty, jego ubi\u00f3r\u2026 To jasno pokazuje, jak wiele tre\u015bci wyci\u0105gn\u0105\u0107 mo\u017cna z kilkuminutowej piosenki.<\/p>\n<p><iframe loading=\"lazy\" title=\"HIP HOP: Kawa\u0142ki, kt\u00f3re wstrz\u0105sn\u0119\u0142y Ameryk\u0105 - premiera 14 listopada\" width=\"1778\" height=\"1000\" src=\"https:\/\/www.youtube.com\/embed\/Uk_gzldIO5I?feature=oembed\" frameborder=\"0\" allow=\"accelerometer; autoplay; encrypted-media; gyroscope; picture-in-picture\" allowfullscreen><\/iframe><\/p>\n<p>AMC w dokumencie \u201eHip hop: kawa\u0142ki, kt\u00f3re wstrz\u0105sn\u0119\u0142y Ameryk\u0105\u201d robi co\u015b podobnego, cho\u0107 nie do ko\u0144ca. Na przyk\u0142ad otwieraj\u0105cy ten sze\u015bcioodcinkowy serial dokumentalny pilot o kawa\u0142ku \u201eJesus Walks\u201d skupia si\u0119 nie tylko na piosence i jej wp\u0142ywie na przemys\u0142 muzyczny i innych artyst\u00f3w, ale przede wszystkim prezentuje sylwetk\u0119 artysty, Kanye\u2019a Westa. Otrzymujemy wi\u0119c opowie\u015b\u0107 o pocz\u0105tkach Westa, pierwszych inspiracjach, wsp\u00f3\u0142pracownikach, wcze\u015bniejszej karierze \u2013 wszystkim tym, co przywiod\u0142o rapera do wyprodukowania \u201eJesus Walks\u201d. Malowany jest r\u00f3wnie\u017c obraz t\u0142a, \u00f3wczesnego rynku muzycznego, w jaki dana piosenka wesz\u0142a \u2013 w przypadku Westa pozwala to cho\u0107by podkre\u015bli\u0107 rewolucyjno\u015b\u0107 jego \u0142\u0105czenia muzyki gospel i generalnie rapowania o wierze z komercyjnym hip hopem, opowiadaj\u0105cym o problemach \u00f3wczesnej Ameryki.<\/p>\n<p><iframe loading=\"lazy\" title=\"Kanye West - Jesus Walks (Version 2)\" width=\"1778\" height=\"1000\" src=\"https:\/\/www.youtube.com\/embed\/MYF7H_fpc-g?feature=oembed\" frameborder=\"0\" allow=\"accelerometer; autoplay; encrypted-media; gyroscope; picture-in-picture\" allowfullscreen><\/iframe><\/p>\n<p>Najwi\u0119ksz\u0105 zalet\u0105 \u201eHip hopu\u201d, tak jak mia\u0142o to miejsce w przypadku poprzednich emitowanych w Polsce seriali dokumentalnych AMC, jest natomiast przyst\u0119pno\u015b\u0107 narracji. W skr\u00f3cie: to nie s\u0105 produkcje wy\u0142\u0105cznie dla fan\u00f3w, nie trzeba by\u0107 znawc\u0105 tematu, nie trzeba nawet wiedzie\u0107, kim jest Kanye West ani zna\u0107 \u201eJesus Walks\u201d. Dynamiczna narracja, wyja\u015bniaj\u0105ca przy tym ka\u017cdy aspekt omawianej historii, pozwala nie tylko zainteresowa\u0107 widza, ale przede wszystkim stanowi jednocze\u015bnie analiz\u0119 zjawiska, jak i jego obja\u015bnienie.<\/p>\n<p>AMC nie obni\u017ca wi\u0119c lot\u00f3w i prezentuje kolejn\u0105 fascynuj\u0105ca produkcj\u0119 dokumentaln\u0105.<\/p>\n<p>W kolejnych odcinkach serialu AMC pochyla si\u0119 nad \u201eAlright\u201d Kendricka Lamara, \u201eRock Box\u201d Run-D.M.C., \u201eElevators\u201d OutKast, \u201eThe Bridge\u201d Marley Marl i MC Shanczy oraz \u201eLadies First\u201d Queen Latifah.<\/p>\n<p><em>Serial \u201eHip hop: kawa\u0142ki, kt\u00f3re wstrz\u0105sn\u0119\u0142y Ameryk\u0105\u201d w Polsce obejrze\u0107 mo\u017cna na kanale AMC. Premiera pierwszego odcinka 14 listopada, o 22:00.<\/em><\/p>\n","protected":false},"excerpt":{"rendered":"<p>AMC prezentuje kolejny, po m.in. \u201eRobert Kirkman: Nieznana historia komiksu\u201d oraz \u201eJames Cameron. Historia science fiction\u201d, serial dokumentalny, tym razem skupiaj\u0105cy si\u0119 na muzyce hip hop. Ka\u017cdy odcinek to historia jednego artysty i jednego utworu, kt\u00f3ry mia\u0142 wp\u0142yw na scen\u0119 muzyczn\u0105 i kultur\u0119 w Stanach.<\/p>\n","protected":false},"author":7,"featured_media":5358,"comment_status":"open","ping_status":"closed","sticky":false,"template":"","format":"standard","meta":{"footnotes":""},"categories":[996,7,9],"tags":[195,1236,600],"_links":{"self":[{"href":"https:\/\/blog.polityka.pl\/seryjni\/wp-json\/wp\/v2\/posts\/5356"}],"collection":[{"href":"https:\/\/blog.polityka.pl\/seryjni\/wp-json\/wp\/v2\/posts"}],"about":[{"href":"https:\/\/blog.polityka.pl\/seryjni\/wp-json\/wp\/v2\/types\/post"}],"author":[{"embeddable":true,"href":"https:\/\/blog.polityka.pl\/seryjni\/wp-json\/wp\/v2\/users\/7"}],"replies":[{"embeddable":true,"href":"https:\/\/blog.polityka.pl\/seryjni\/wp-json\/wp\/v2\/comments?post=5356"}],"version-history":[{"count":2,"href":"https:\/\/blog.polityka.pl\/seryjni\/wp-json\/wp\/v2\/posts\/5356\/revisions"}],"predecessor-version":[{"id":5381,"href":"https:\/\/blog.polityka.pl\/seryjni\/wp-json\/wp\/v2\/posts\/5356\/revisions\/5381"}],"wp:featuredmedia":[{"embeddable":true,"href":"https:\/\/blog.polityka.pl\/seryjni\/wp-json\/wp\/v2\/media\/5358"}],"wp:attachment":[{"href":"https:\/\/blog.polityka.pl\/seryjni\/wp-json\/wp\/v2\/media?parent=5356"}],"wp:term":[{"taxonomy":"category","embeddable":true,"href":"https:\/\/blog.polityka.pl\/seryjni\/wp-json\/wp\/v2\/categories?post=5356"},{"taxonomy":"post_tag","embeddable":true,"href":"https:\/\/blog.polityka.pl\/seryjni\/wp-json\/wp\/v2\/tags?post=5356"}],"curies":[{"name":"wp","href":"https:\/\/api.w.org\/{rel}","templated":true}]}}