
{"id":5603,"date":"2020-04-06T15:25:33","date_gmt":"2020-04-06T13:25:33","guid":{"rendered":"http:\/\/seryjni.blog.polityka.pl\/?p=5603"},"modified":"2020-04-06T17:56:06","modified_gmt":"2020-04-06T15:56:06","slug":"swiat-altered-carbon-poszerza-sie-w-filmie-animowanym","status":"publish","type":"post","link":"https:\/\/blog.polityka.pl\/seryjni\/2020\/04\/06\/swiat-altered-carbon-poszerza-sie-w-filmie-animowanym\/","title":{"rendered":"\u015awiat \u201eAltered Carbon\u201d poszerza si\u0119 w filmie animowanym"},"content":{"rendered":"\n<figure class=\"wp-block-image\"><img loading=\"lazy\" decoding=\"async\" width=\"1024\" height=\"576\" src=\"\/wp-content\/uploads\/2020\/04\/altered-carbon-resleeved-pv-1583886097503-1024x576.jpg\" alt=\"\" class=\"wp-image-5604\" srcset=\"\/seryjni\/wp-content\/uploads\/2020\/04\/altered-carbon-resleeved-pv-1583886097503-1024x576.jpg 1024w, \/seryjni\/wp-content\/uploads\/2020\/04\/altered-carbon-resleeved-pv-1583886097503-300x169.jpg 300w, \/seryjni\/wp-content\/uploads\/2020\/04\/altered-carbon-resleeved-pv-1583886097503-768x432.jpg 768w, \/seryjni\/wp-content\/uploads\/2020\/04\/altered-carbon-resleeved-pv-1583886097503.jpg 1920w\" sizes=\"(max-width: 1024px) 100vw, 1024px\" \/><\/figure>\n\n\n\n<p>Nied\u0142ugo po premierze drugiego sezonu serialu \u201eAltered Carbon\u201d na podstawie powie\u015bci Richarda Morgana do serwisu Netflix trafi\u0142 japo\u0144ski film animowany rozgrywaj\u0105cy si\u0119 w tym samym \u015bwiecie.<\/p>\n\n\n\n<!--more-->\n\n\n\n<p>Bohaterem zn\u00f3w jest Takeshi Kovacs. Akcja \u201eAltered Carbon: Resleeved\u201d toczy si\u0119 po wydarzeniach z pierwszego sezonu. Filmowcy nie bazowali ju\u017c na materiale Morgana, napisali w\u0142asn\u0105 fabu\u0142\u0119. Przenosimy si\u0119 na planet\u0119 Latimar, gdzie Kovacs dociera jako prywatny detektyw\/ochroniarz m\u0142odej Holly, kt\u00f3rej tropem pod\u0105\u017ca Yakuza. Bohaterowie wpl\u0105tuj\u0105 si\u0119 w rozgrywki wok\u00f3\u0142 sukcesji pot\u0119\u017cnego klanu Mizumoto. Towarzyszy im agentka si\u0142 specjalnych Gena.<\/p>\n\n\n\n<figure class=\"wp-block-image\"><img loading=\"lazy\" decoding=\"async\" width=\"1024\" height=\"580\" src=\"\/wp-content\/uploads\/2020\/04\/erggbniueaysgbu-1583886095753-1024x580.jpeg\" alt=\"\" class=\"wp-image-5605\" srcset=\"\/seryjni\/wp-content\/uploads\/2020\/04\/erggbniueaysgbu-1583886095753-1024x580.jpeg 1024w, \/seryjni\/wp-content\/uploads\/2020\/04\/erggbniueaysgbu-1583886095753-300x170.jpeg 300w, \/seryjni\/wp-content\/uploads\/2020\/04\/erggbniueaysgbu-1583886095753-768x435.jpeg 768w, \/seryjni\/wp-content\/uploads\/2020\/04\/erggbniueaysgbu-1583886095753.jpeg 1200w\" sizes=\"(max-width: 1024px) 100vw, 1024px\" \/><\/figure>\n\n\n\n<p>W kwestii fabularnej \u201eResleeved\u201d nie oferuje wiele wi\u0119cej. To do\u015b\u0107 prosta historia, skonstruowana tak, by prowadzi\u0107 od jednej sceny akcji do drugiej. W tle za\u015b\u00a0snuje si\u0119 do\u015b\u0107 przewidywalna opowie\u015b\u0107 o klanie. Nie ma miejsca ani na oryginaln\u0105 rozbudow\u0119 tego fantastycznego \u015bwiata, ani na pe\u0142n\u0105 kreacj\u0119 bohater\u00f3w \u2013 zw\u0142aszcza Kovacs jest bardziej \u201ep\u0142aski\u201d ni\u017c jego wersje ksi\u0105\u017ckowa czy serialowa.<\/p>\n\n\n\n<p>Wszystkie braki \u201eAltered Carbon: Resleeved\u201d przykrywa niezwykle efektown\u0105 stron\u0105 wizualn\u0105. Widza syci cyberpunkowa scenografia, wiele czerpi\u0105ca z \u201eGhost in the Shell\u201d i \u201eBlade Runnera 2049\u201d. Filmowcy nieustannie podnosz\u0105 te\u017c poprzeczk\u0119 &#8211; osza\u0142amiaj\u0105ce sceny walk po chwili okazuj\u0105 si\u0119 blade na tle kolejnych itd.<\/p>\n\n\n\n<figure class=\"wp-block-image\"><img loading=\"lazy\" decoding=\"async\" width=\"1024\" height=\"752\" src=\"\/wp-content\/uploads\/2020\/04\/Tech_ninjas-1024x752.png\" alt=\"\" class=\"wp-image-5606\" srcset=\"\/seryjni\/wp-content\/uploads\/2020\/04\/Tech_ninjas-1024x752.png 1024w, \/seryjni\/wp-content\/uploads\/2020\/04\/Tech_ninjas-300x220.png 300w, \/seryjni\/wp-content\/uploads\/2020\/04\/Tech_ninjas-768x564.png 768w, \/seryjni\/wp-content\/uploads\/2020\/04\/Tech_ninjas.png 1044w\" sizes=\"(max-width: 1024px) 100vw, 1024px\" \/><\/figure>\n\n\n\n<p>Ciekawy przypadek: po ca\u0142kiem udanym pierwszym sezonie serialu dostajemy sezon drugi i osobny film \u2013 tyle \u017ce drugi \u201eAltered Carbon\u201d cierpi na brak akcji i opowie\u015bci, a \u201eResleeved\u201d ma jej w nadmiarze.<\/p>\n\n\n\n<p>\u201eAltered Carbon: Resleeved\u201d to ostatecznie doskona\u0142a po\u017cywka dla spragnionych naprawd\u0119 niezwyk\u0142ych sekwencji akcji.<\/p>\n\n\n\n<p><em>W Polsce \u201eAltered Carbon: Resleeved\u201d mo\u017cna ogl\u0105da\u0107 na Netflixie.<\/em><\/p>\n","protected":false},"excerpt":{"rendered":"<p>Nied\u0142ugo po premierze drugiego sezonu serialu \u201eAltered Carbon\u201d na podstawie powie\u015bci Richarda Morgana do serwisu Netflix trafi\u0142 japo\u0144ski film animowany rozgrywaj\u0105cy si\u0119 w tym samym \u015bwiecie.<\/p>\n","protected":false},"author":7,"featured_media":5604,"comment_status":"open","ping_status":"closed","sticky":false,"template":"","format":"standard","meta":{"footnotes":""},"categories":[597,13,27],"tags":[1001,1277,600,1002,197,1003],"_links":{"self":[{"href":"https:\/\/blog.polityka.pl\/seryjni\/wp-json\/wp\/v2\/posts\/5603"}],"collection":[{"href":"https:\/\/blog.polityka.pl\/seryjni\/wp-json\/wp\/v2\/posts"}],"about":[{"href":"https:\/\/blog.polityka.pl\/seryjni\/wp-json\/wp\/v2\/types\/post"}],"author":[{"embeddable":true,"href":"https:\/\/blog.polityka.pl\/seryjni\/wp-json\/wp\/v2\/users\/7"}],"replies":[{"embeddable":true,"href":"https:\/\/blog.polityka.pl\/seryjni\/wp-json\/wp\/v2\/comments?post=5603"}],"version-history":[{"count":5,"href":"https:\/\/blog.polityka.pl\/seryjni\/wp-json\/wp\/v2\/posts\/5603\/revisions"}],"predecessor-version":[{"id":5611,"href":"https:\/\/blog.polityka.pl\/seryjni\/wp-json\/wp\/v2\/posts\/5603\/revisions\/5611"}],"wp:featuredmedia":[{"embeddable":true,"href":"https:\/\/blog.polityka.pl\/seryjni\/wp-json\/wp\/v2\/media\/5604"}],"wp:attachment":[{"href":"https:\/\/blog.polityka.pl\/seryjni\/wp-json\/wp\/v2\/media?parent=5603"}],"wp:term":[{"taxonomy":"category","embeddable":true,"href":"https:\/\/blog.polityka.pl\/seryjni\/wp-json\/wp\/v2\/categories?post=5603"},{"taxonomy":"post_tag","embeddable":true,"href":"https:\/\/blog.polityka.pl\/seryjni\/wp-json\/wp\/v2\/tags?post=5603"}],"curies":[{"name":"wp","href":"https:\/\/api.w.org\/{rel}","templated":true}]}}