
{"id":5642,"date":"2020-05-08T11:05:43","date_gmt":"2020-05-08T09:05:43","guid":{"rendered":"http:\/\/seryjni.blog.polityka.pl\/?p=5642"},"modified":"2020-05-08T11:25:33","modified_gmt":"2020-05-08T09:25:33","slug":"westworld-czyli-dziwny-3-sezon","status":"publish","type":"post","link":"https:\/\/blog.polityka.pl\/seryjni\/2020\/05\/08\/westworld-czyli-dziwny-3-sezon\/","title":{"rendered":"Dziwny trzeci sezon \u201eWestworld\u201d"},"content":{"rendered":"\n<figure class=\"wp-block-image\"><img loading=\"lazy\" decoding=\"async\" width=\"1024\" height=\"512\" src=\"\/wp-content\/uploads\/2020\/05\/westworld-opening-credits-1024x512.jpg\" alt=\"\" class=\"wp-image-5643\" srcset=\"\/seryjni\/wp-content\/uploads\/2020\/05\/westworld-opening-credits-1024x512.jpg 1024w, \/seryjni\/wp-content\/uploads\/2020\/05\/westworld-opening-credits-300x150.jpg 300w, \/seryjni\/wp-content\/uploads\/2020\/05\/westworld-opening-credits-768x384.jpg 768w, \/seryjni\/wp-content\/uploads\/2020\/05\/westworld-opening-credits.jpg 1400w\" sizes=\"(max-width: 1024px) 100vw, 1024px\" \/><\/figure>\n\n\n\n<p>W teorii trzeci sezon jednego z flagowych seriali HBO ma wszystko, czego powinni\u015bmy si\u0119 spodziewa\u0107: sztuczn\u0105 inteligencj\u0119, rozwa\u017cania nad woln\u0105 wol\u0105, nieoczekiwane zwroty fabularne, a wreszcie wspania\u0142\u0105 obsad\u0119. Proporcje zosta\u0142y jednak tak zachwiane, \u017ce ca\u0142o\u015b\u0107 wydaje si\u0119 zniekszta\u0142cona.<\/p>\n\n\n\n<!--more-->\n\n\n\n<p>\u201eWestworld\u201d jakby szuka\u0142 sam siebie. A\u017c do mniej wi\u0119cej pi\u0105tego-sz\u00f3stego odcinka by\u0142 thrillerem, w kt\u00f3rym forma (po\u015bcigi, strzelaniny, walki) przewa\u017ca\u0142a nad tre\u015bci\u0105. Co zaskakuj\u0105ce, nawet w tej \u201ewybuchowo\u015bci\u201d i og\u00f3lnym efekciarstwie serial raczej nudzi\u0142 \u2013 Maeve i Bernard snuli si\u0119 jakby bez celu, Dolores nie tyle rozmawia, ile wyg\u0142asza przem\u00f3wienia. Ciekawa by\u0142a tylko posta\u0107 Aarona Paula, ale zadzia\u0142a\u0142 tu g\u0142\u00f3wnie efekt nowo\u015bci.<\/p>\n\n\n\n<figure class=\"wp-block-image\"><img loading=\"lazy\" decoding=\"async\" width=\"1024\" height=\"577\" src=\"\/wp-content\/uploads\/2020\/05\/thandie-newton_2-h_2020-1024x577.jpg\" alt=\"\" class=\"wp-image-5644\" srcset=\"\/seryjni\/wp-content\/uploads\/2020\/05\/thandie-newton_2-h_2020-1024x577.jpg 1024w, \/seryjni\/wp-content\/uploads\/2020\/05\/thandie-newton_2-h_2020-300x169.jpg 300w, \/seryjni\/wp-content\/uploads\/2020\/05\/thandie-newton_2-h_2020-768x433.jpg 768w, \/seryjni\/wp-content\/uploads\/2020\/05\/thandie-newton_2-h_2020.jpg 1296w\" sizes=\"(max-width: 1024px) 100vw, 1024px\" \/><\/figure>\n\n\n\n<p>Zmiany zachodzi\u0142y z czasem, powoli. Najwi\u0119ksz\u0105 by\u0142o wej\u015bcie Seraca, kt\u00f3ry mia\u0142 plan wobec ludzko\u015bci inny ni\u017c Dolores \u2013 zacz\u0119\u0142a si\u0119 wi\u0119c potyczka. Ma\u0142o interesuj\u0105ca, bo oparta g\u0142\u00f3wnie na efektowno\u015bci. Prawdziwy zwrot \u201eWestworld\u201d zalicza dopiero w ostatnich odcinkach sezonu &#8211; troch\u0119 mniej si\u0119 strzela i wymachuje katan\u0105, a scenarzy\u015bci \u201eods\u0142aniaj\u0105 karty\u201d.<\/p>\n\n\n\n<p>Znajdziemy wi\u0119c w trzecim sezonie serialu Jonathana Nolana i Lisy Joy pewien zaczyn do dyskusji zw\u0142aszcza na temat wolnej woli. Do rozwa\u017ca\u0144 o tym, czy sztuczna inteligencja mo\u017ce by\u0107 od nas lepsza, czy te\u017c powtarza nasze b\u0142\u0119dy. Jest pytanie o cen\u0119 pokoju, o po\u015bwi\u0119canie jednostek dla dobra og\u00f3\u0142u. Problem w tym, \u017ce Nolan i Joy tak d\u0142ugo brali rozbieg, tyle czasu potrzebowali na rozstawienie pionk\u00f3w, \u017ce fina\u0142 wypada ju\u017c pospiesznie i blado. Wida\u0107 to zw\u0142aszcza w dialogach &#8211; nie ma w nich subtelno\u015bci i naturalno\u015bci, bohaterowie raptem zaczynaj\u0105 wszystko sobie t\u0142umaczy\u0107, jakby brali udzia\u0142 w przes\u0142uchaniu przed komisj\u0105 \u015bledcz\u0105.<\/p>\n\n\n\n<figure class=\"wp-block-image\"><img loading=\"lazy\" decoding=\"async\" width=\"1024\" height=\"710\" src=\"\/wp-content\/uploads\/2020\/05\/west-world-season-3-episode-4-1024x710.jpg\" alt=\"\" class=\"wp-image-5645\" srcset=\"\/seryjni\/wp-content\/uploads\/2020\/05\/west-world-season-3-episode-4-1024x710.jpg 1024w, \/seryjni\/wp-content\/uploads\/2020\/05\/west-world-season-3-episode-4-300x208.jpg 300w, \/seryjni\/wp-content\/uploads\/2020\/05\/west-world-season-3-episode-4-768x532.jpg 768w, \/seryjni\/wp-content\/uploads\/2020\/05\/west-world-season-3-episode-4.jpg 1441w\" sizes=\"(max-width: 1024px) 100vw, 1024px\" \/><\/figure>\n\n\n\n<p>\u201eWestworld\u201d to wci\u0105\u017c misterna konstrukcja, serial, kt\u00f3ry stara si\u0119 zaoferowa\u0107 wi\u0119cej ni\u017c efekciarsk\u0105 rozrywk\u0119. W trzecim sezonie tw\u00f3rcy potrzebowali jednak d\u0142u\u017cszej chwili, by sobie o tym przypomnie\u0107.<\/p>\n\n\n\n<p><em>W Polsce \u201eWestworld\u201d jest dost\u0119pny na HBO GO.<\/em><\/p>\n","protected":false},"excerpt":{"rendered":"<p>W teorii trzeci sezon jednego z flagowych seriali HBO ma wszystko, czego powinni\u015bmy si\u0119 spodziewa\u0107: sztuczn\u0105 inteligencj\u0119, rozwa\u017cania nad woln\u0105 wol\u0105, nieoczekiwane zwroty fabularne, a wreszcie wspania\u0142\u0105 obsad\u0119. Proporcje zosta\u0142y jednak tak zachwiane, \u017ce ca\u0142o\u015b\u0107 wydaje si\u0119 zniekszta\u0142cona.<\/p>\n","protected":false},"author":7,"featured_media":5643,"comment_status":"open","ping_status":"closed","sticky":false,"template":"","format":"standard","meta":{"footnotes":""},"categories":[11,13,27,426],"tags":[34,740,789,600,739],"_links":{"self":[{"href":"https:\/\/blog.polityka.pl\/seryjni\/wp-json\/wp\/v2\/posts\/5642"}],"collection":[{"href":"https:\/\/blog.polityka.pl\/seryjni\/wp-json\/wp\/v2\/posts"}],"about":[{"href":"https:\/\/blog.polityka.pl\/seryjni\/wp-json\/wp\/v2\/types\/post"}],"author":[{"embeddable":true,"href":"https:\/\/blog.polityka.pl\/seryjni\/wp-json\/wp\/v2\/users\/7"}],"replies":[{"embeddable":true,"href":"https:\/\/blog.polityka.pl\/seryjni\/wp-json\/wp\/v2\/comments?post=5642"}],"version-history":[{"count":5,"href":"https:\/\/blog.polityka.pl\/seryjni\/wp-json\/wp\/v2\/posts\/5642\/revisions"}],"predecessor-version":[{"id":5651,"href":"https:\/\/blog.polityka.pl\/seryjni\/wp-json\/wp\/v2\/posts\/5642\/revisions\/5651"}],"wp:featuredmedia":[{"embeddable":true,"href":"https:\/\/blog.polityka.pl\/seryjni\/wp-json\/wp\/v2\/media\/5643"}],"wp:attachment":[{"href":"https:\/\/blog.polityka.pl\/seryjni\/wp-json\/wp\/v2\/media?parent=5642"}],"wp:term":[{"taxonomy":"category","embeddable":true,"href":"https:\/\/blog.polityka.pl\/seryjni\/wp-json\/wp\/v2\/categories?post=5642"},{"taxonomy":"post_tag","embeddable":true,"href":"https:\/\/blog.polityka.pl\/seryjni\/wp-json\/wp\/v2\/tags?post=5642"}],"curies":[{"name":"wp","href":"https:\/\/api.w.org\/{rel}","templated":true}]}}